{"id":23519,"date":"2023-07-01T04:39:37","date_gmt":"2023-07-01T07:39:37","guid":{"rendered":"https:\/\/g1.globo.com\/pb\/paraiba\/sao-joao\/2023\/noticia\/2023\/07\/01\/publico-lota-parque-do-povo-em-show-de-nattan-no-sao-joao-2023-de-campina-grande-experiencia-incrivel.ghtml"},"modified":"2023-07-01T04:39:37","modified_gmt":"2023-07-01T07:39:37","slug":"publico-lota-parque-do-povo-em-show-de-nattan-no-sao-joao-2023-de-campina-grande-experiencia-incrivel","status":"publish","type":"post","link":"https:\/\/sindaopcpb.org.br\/index.php\/2023\/07\/01\/publico-lota-parque-do-povo-em-show-de-nattan-no-sao-joao-2023-de-campina-grande-experiencia-incrivel\/","title":{"rendered":"P\u00fablico lota Parque do Povo em show de Nattan no S\u00e3o Jo\u00e3o 2023 de Campina Grande: &#8216;experi\u00eancia incr\u00edvel&#8217;"},"content":{"rendered":"   <img src=\"https:\/\/s2.glbimg.com\/T_YPEgNHm6p6I82e3UV6KPR61Gk=\/i.s3.glbimg.com\/v1\/AUTH_59edd422c0c84a879bd37670ae4f538a\/internal_photos\/bs\/2023\/1\/Q\/BbkFQbRuOip4kByozqyg\/img-5305.jpeg\" \/><br \/>     Parque do Povo recebeu grande p\u00fablico durante apresenta\u00e7\u00e3o do cantor cearense, com destaque para as manifesta\u00e7\u00f5es de carinho dos f\u00e3s na \u00e1rea de shows. Nattan no S\u00e3o Jo\u00e3o 2023 de Campina Grande\nErickson Nogueira\/g1\nO cantor cearense Nattan se apresentou no palco principal do Parque do Povo no in\u00edcio da madrugada deste s\u00e1bado (1), no S\u00e3o Jo\u00e3o 2023 de Campina Grande, Agreste da Para\u00edba, e comandou uma festa para milhares de pessoas presentes na \u00e1rea de shows. Diversos f\u00e3s demonstravam seu carinho pelo artista com manifesta\u00e7\u00f5es de afeto como cartazes e presentes.\nCompartilhe no WhatsApp\nCompartilhe no Telegram\nDentre os f\u00e3s, Evelyn Iasmin se destacava com seu cartaz personalizado com uma demonstra\u00e7\u00e3o de afeto por Nattan. No cartaz produzido pela adolescente h\u00e1 alguns meses, ela dizia: \u201ceu amo Nattan. Sou muito sua f\u00e3, amo voc\u00ea e suas m\u00fasicas! Me d\u00e1 um abra\u00e7o?\u201d\nF\u00e3 produz cartaz em homenagem ao cantor Nattan no S\u00e3o Jo\u00e3o 2023 de Campina Grande\nErickson Nogueira\/g1\nA adolescente de 17 anos aprecia o trabalho do cantor cearense desde 2020, quando come\u00e7ou a ouvir m\u00fasicas de Nattan. E de l\u00e1 para c\u00e1, quando ele est\u00e1 em Campina Grande, ela n\u00e3o perde a oportunidade de v\u00ea-lo.\n\u201c[Ansiedade] demais. Eu preparei esse cartaz desde que saiu o lan\u00e7amento do S\u00e3o Jo\u00e3o. J\u00e1 fui em todos os shows dele aqui em Campina Grande. \u00c9 uma pessoa que admiro como pessoa, como cantor, e s\u00f3 desejo sucesso e que ele cante muito\u201d\nDo outro lado da grande que divide o p\u00fablico do palco, uma outra f\u00e3 de Nattan buscava ser notada pelo cantor em meio a multid\u00e3o. Bianca Ara\u00fajo \u00e9 de Jo\u00e3o Pessoa e faz parte de um f\u00e3 clube do cantor cearense. No show em Campina Grande, ela preparou uma bandeira com algumas fotos de Nattan juntamente com a bandeira da Para\u00edba, e comemorou a experi\u00eancia de ficar perto do artista que tanto acompanha.\n\u201cExperi\u00eancia incr\u00edvel! \u00c9 uma sensa\u00e7\u00e3o muito boa estar perto dele\u201d, disse Bianca, que estava com um amigo de Macei\u00f3, Alagoas, tamb\u00e9m f\u00e3 de Nattan.\nF\u00e3 exp\u00f5e demonstra\u00e7\u00e3o de afeto por Nattan em bandeira da Para\u00edba no S\u00e3o Jo\u00e3o 2023 de Campina Grande\nErickson Nogueira\/g1\nO show de Nattan come\u00e7ou por volta de 1h em Campina Grande, quando o artista j\u00e1 havia se apresentado no S\u00e3o Jo\u00e3o de Santa Rita, na Grande Jo\u00e3o Pessoa, horas antes. Em Campina, o que n\u00e3o faltou foi anima\u00e7\u00e3o e empolga\u00e7\u00e3o, tanto do cantor, quanto do p\u00fablico.\nA intera\u00e7\u00e3o do cantor com os f\u00e3s aconteceu do in\u00edcio ao fim do show. Nattan distribuiu flores, recebeu presentes e at\u00e9 dividiu o palco com alguns f\u00e3s, que subiram para cantar algumas m\u00fasicas com o cantor cearense. Na apresenta\u00e7\u00e3o, n\u00e3o p\u00f4de faltar sucessos que est\u00e3o, inclusive, ditando o ritmo do S\u00e3o Jo\u00e3o, como \u201cAmericana na Vaquejada\u201d, e \u201cMorena\u201d, \u201cLove Gostosinho\u201d e \u201cComunica\u00e7\u00e3o Falhou\u201d, tamb\u00e9m sucessos da carreira de Nattan.\nNattan no S\u00e3o Jo\u00e3o 2023 de Campina Grande\nErickson Nogueira\/g1\nLEIA TAMB\u00c9M:\nCAMPINA GRANDE: o que fazer dentro e fora do Parque do Povo\nS\u00c3O JO\u00c3O: saiba tudo sobre as festas juninas em 2023 na Para\u00edba\nSHOWS: confira a programa\u00e7\u00e3o completa do S\u00e3o Jo\u00e3o 2023 de Campina Grande\nArtistas nordestinos animam forrozeiros no Parque do Povo\nA \u00faltima sexta-feira de shows no Parque do Povo come\u00e7ou com uma programa\u00e7\u00e3o com artistas de forr\u00f3. Quem abriu a noite no Quartel General do Forr\u00f3 foi a Banda Encantus, que trouxe para o p\u00fablico m\u00fasicas do forr\u00f3 rom\u00e2ntico.\nBanda Encantus no S\u00e3o Jo\u00e3o 2023 de Campina Grande\nErickson Nogueira\/g1\nAp\u00f3s o show, a vocalista Manu Barbosa da Banda Encantus comentou, em entrevista coletiva, sobre o carinho do p\u00fablico durante a apresenta\u00e7\u00e3o que abriu a noite de shows e a responsabilidade em cantar mais uma vez no S\u00e3o Jo\u00e3o de Campina Grande.\n\u201cCampina Grande sempre nos deu uma resposta maravilhosa. O p\u00fablico foi chegando, abra\u00e7ando a gente. A gente j\u00e1 espera voltar em breve\u201d, disse Manu Barbosa, vocalista da banda Encantus.\nDepois da apresenta\u00e7\u00e3o de Encantus, foi a vez do campinense Ranniery Gomes subir ao palco principal do Parque do Povo nesta sexta (30). Com sua sanfona e um repert\u00f3rio animado, com m\u00fasicas como \u201cInsuportavelmente Linda\u201d e \u201cT\u00f4 No Seu Passado\u201d, animou o p\u00fablico que chegava \u00e0 arena de shows.\nAntes de subir no palco para iniciar a apresenta\u00e7\u00e3o, Ranniery comentou sobre a responsabilidade de tocar por mais um ano no Parque do Povo.\n\u201cAumenta [a responsabilidade]. A gente t\u00e1 aqui no Maior S\u00e3o Jo\u00e3o do Mundo, num hor\u00e1rio nobre, com um Parque do Povo cheio, e a gente tem a responsabilidade de fazer um grande show\u201d, disse Ranniery.\nRanniery Gomes no S\u00e3o Jo\u00e3o 2023 de Campina Grande\nErickson Nogueira\/g1\nNum dos momentos do show de Ranniery Gomes, a filha do cantor, Zaira Mattana, subiu ao palco e dividiu com o pai a can\u00e7\u00e3o \u201cInsuportavelmente Linda\u201d. A menina, com uma pequena sanfona, encantou o p\u00fablico com sua desenvoltura na frente de milhares de pessoas presentes no Parque do Povo.\nAntes do show de Nattan, atra\u00e7\u00e3o principal da noite, quem se apresentou foi Toca do Vale. Al\u00e9m de muito forr\u00f3 e anima\u00e7\u00e3o trazidas pelo artista, foi feita uma homenagem ao sanfoneiro Didi, fundador do grupo Brasas do Forr\u00f3, que morreu na ter\u00e7a-feira (27), aos 66 anos, por complica\u00e7\u00f5es de sa\u00fade. No show em Campina Grande, Toca do Vale fez uma homenagem ao sanfoneiro.\n\u201cEra um amigo que eu tinha, muito pr\u00f3ximo. A gente fica se lembrando dele, da pessoa que ele era. Foi uma perda muito grande para n\u00f3s\u201d, expressou Toca do Vale.\nToca do Vale no S\u00e3o Jo\u00e3o 2023 de Campina Grande\nErickson Nogueira\/g1\nPrograma\u00e7\u00e3o \nNeste s\u00e1bado (1\u00ba), o S\u00e3o Jo\u00e3o 2023 de Campina Grande ter\u00e1 apresenta\u00e7\u00f5es de Bruno e Marrone, Walkyria Santos, Jonas Esticado e Pegada do Coyote. As apresenta\u00e7\u00f5es no palco principal do Parque do Povo come\u00e7am \u00e0s 18h30 e seguem at\u00e9 as 3h.\nV\u00eddeos mais assistidos do g1 Para\u00edba  ","protected":false},"excerpt":{"rendered":"<p>        Parque do Povo recebeu grande p\u00fablico durante apresenta\u00e7\u00e3o do cantor cearense, com destaque para as manifesta\u00e7\u00f5es de carinho dos f\u00e3s na \u00e1rea de shows. Nattan no S\u00e3o Jo\u00e3o 2023 de Campina Grande<br \/>\nErickson Nogueira\/g1<br \/>\nO cantor cearense Nattan se ap&#8230;<\/p>\n","protected":false},"author":2,"featured_media":0,"comment_status":"closed","ping_status":"closed","sticky":false,"template":"","format":"standard","meta":{"advgb_blocks_editor_width":"","advgb_blocks_columns_visual_guide":"","footnotes":""},"categories":[34],"tags":[35],"class_list":["post-23519","post","type-post","status-publish","format-standard","hentry","category-g1","tag-g1"],"author_meta":{"display_name":"g1 &gt; Para\u00edba","author_link":"https:\/\/sindaopcpb.org.br\/author\/g1-paraiba\/"},"featured_img":null,"coauthors":[],"tax_additional":{"categories":{"linked":["<a href=\"https:\/\/sindaopcpb.org.br\/g1\/\" class=\"advgb-post-tax-term\">G1<\/a>"],"unlinked":["<span class=\"advgb-post-tax-term\">G1<\/span>"]},"tags":{"linked":["<a href=\"https:\/\/sindaopcpb.org.br\/g1\/\" class=\"advgb-post-tax-term\">g1<\/a>"],"unlinked":["<span class=\"advgb-post-tax-term\">g1<\/span>"]}},"comment_count":"0","relative_dates":{"created":"Publicado 3 anos atr\u00e1s","modified":"Atualizado 3 anos atr\u00e1s"},"absolute_dates":{"created":"Publicado em 1 de julho de 2023","modified":"Atualizado em 1 de julho de 2023"},"absolute_dates_time":{"created":"Publicado em 1 de julho de 2023 04:39","modified":"Atualizado em 1 de julho de 2023 04:39"},"featured_img_caption":"","series_order":"","_links":{"self":[{"href":"https:\/\/sindaopcpb.org.br\/index.php\/wp-json\/wp\/v2\/posts\/23519","targetHints":{"allow":["GET"]}}],"collection":[{"href":"https:\/\/sindaopcpb.org.br\/index.php\/wp-json\/wp\/v2\/posts"}],"about":[{"href":"https:\/\/sindaopcpb.org.br\/index.php\/wp-json\/wp\/v2\/types\/post"}],"author":[{"embeddable":true,"href":"https:\/\/sindaopcpb.org.br\/index.php\/wp-json\/wp\/v2\/users\/2"}],"replies":[{"embeddable":true,"href":"https:\/\/sindaopcpb.org.br\/index.php\/wp-json\/wp\/v2\/comments?post=23519"}],"version-history":[{"count":1,"href":"https:\/\/sindaopcpb.org.br\/index.php\/wp-json\/wp\/v2\/posts\/23519\/revisions"}],"predecessor-version":[{"id":23520,"href":"https:\/\/sindaopcpb.org.br\/index.php\/wp-json\/wp\/v2\/posts\/23519\/revisions\/23520"}],"wp:attachment":[{"href":"https:\/\/sindaopcpb.org.br\/index.php\/wp-json\/wp\/v2\/media?parent=23519"}],"wp:term":[{"taxonomy":"category","embeddable":true,"href":"https:\/\/sindaopcpb.org.br\/index.php\/wp-json\/wp\/v2\/categories?post=23519"},{"taxonomy":"post_tag","embeddable":true,"href":"https:\/\/sindaopcpb.org.br\/index.php\/wp-json\/wp\/v2\/tags?post=23519"}],"curies":[{"name":"wp","href":"https:\/\/api.w.org\/{rel}","templated":true}]}}