{"id":23517,"date":"2023-07-01T05:00:48","date_gmt":"2023-07-01T08:00:48","guid":{"rendered":"https:\/\/g1.globo.com\/pb\/paraiba\/noticia\/2023\/07\/01\/novos-radares-de-velocidade-em-joao-pessoa-comecam-a-multar-motoristas-neste-sabado-1o.ghtml"},"modified":"2023-07-01T05:00:48","modified_gmt":"2023-07-01T08:00:48","slug":"novos-radares-de-velocidade-em-joao-pessoa-comecam-a-multar-motoristas-neste-sabado-1o","status":"publish","type":"post","link":"https:\/\/sindaopcpb.org.br\/index.php\/2023\/07\/01\/novos-radares-de-velocidade-em-joao-pessoa-comecam-a-multar-motoristas-neste-sabado-1o\/","title":{"rendered":"Novos radares de velocidade em Jo\u00e3o Pessoa come\u00e7am a multar motoristas neste s\u00e1bado (1\u00ba)"},"content":{"rendered":"   <img src=\"https:\/\/s2.glbimg.com\/Aoc5zF1oHedjkRNSOfPmV_Urp0A=\/i.s3.glbimg.com\/v1\/AUTH_59edd422c0c84a879bd37670ae4f538a\/internal_photos\/bs\/2023\/B\/e\/pXvi3yRDigunv6LmPIVQ\/fiscalizacao.jpeg\" \/><br \/>     S\u00e3o mais de 22 trechos de fiscaliza\u00e7\u00e3o, totalizando 45 pontos monitorados na cidade. A partir deste s\u00e1bado (1), novos 22 equipamentos devem fiscalizar o limite de velocidade, em Jo\u00e3o Pessoa. \nReprodu\u00e7\u00e3o: Secom\/Pref.Jo\u00e3o Pessoa\nOs novos radares de velocidade come\u00e7am a multar motoristas infratores a partir de s\u00e1bado (1\u00ba), em Jo\u00e3o Pessoa. Na \u00faltima segunda-feira (26), a Superintend\u00eancia Executiva de Mobilidade Urbana de Jo\u00e3o Pessoa (Semob-JP) iniciou o per\u00edodo educativo de cinco dias em mais de 22 trechos, para  preparar os motoristas para as mudan\u00e7as. \nOs novos 22 equipamentos est\u00e3o distribu\u00eddos nos bairros Cabo Branco, Cruz das Armas, Jaguaribe, Bessa, Rangel, Centro, Mangabeira, Valentina, Bairro dos Estados, Expedicion\u00e1rios e Miramar, somando-se a outros 23 aparelhos j\u00e1 instalados, totalizando 45 pontos monitorados na cidade. \n\u201cA presen\u00e7a da fiscaliza\u00e7\u00e3o eletr\u00f4nica reduz significativamente os acidentes nos locais monitorados, porque o condutor sabe que se cometer a infra\u00e7\u00e3o o equipamento vai registrar e punir. Por isso investimos nessa tecnologia para evitar acidentes e preservar vidas\u201d, destacou Expedito Filho, superintendente da Semob-JP.\nA fiscaliza\u00e7\u00e3o dos limites de velocidade \u00e9 ininterrupta e a de avan\u00e7o do sinal vermelho funciona das 6h \u00e0s 22h. \nConfira os novos trechos\nAvenida Cabo Branco\nAvenida Cruz da Armas  - Sentido Bairro\/Centro e Centro\/Bairro\nRua das Trincheiras (Jaguaribe)\nAvenida Gov. Argemiro de Figueiredo (Bessa)\nAvenida 2 de Fevereiro (Rangel) - Sentido Centro\/Bairro\nRua Estudante Jos\u00e9 Paulo Neto (Jaguaribe)\nAvenida Miguel Couto (Centro), por tr\u00e1s do Teatro Santa Roza\nRua Francisco Porf\u00edrio (Valentina) - Sentido Mangabeira e Valentina\nAvenida Epit\u00e1cio Pessoa \nAvenida Get\u00falio Vargas (Centro)\nV\u00eddeos mais assistidos do g1 Para\u00edba  ","protected":false},"excerpt":{"rendered":"<p>        S\u00e3o mais de 22 trechos de fiscaliza\u00e7\u00e3o, totalizando 45 pontos monitorados na cidade. A partir deste s\u00e1bado (1), novos 22 equipamentos devem fiscalizar o limite de velocidade, em Jo\u00e3o Pessoa.<br \/>\nReprodu\u00e7\u00e3o: Secom\/Pref.Jo\u00e3o Pessoa<br \/>\nOs novos radares &#8230;<\/p>\n","protected":false},"author":2,"featured_media":0,"comment_status":"closed","ping_status":"closed","sticky":false,"template":"","format":"standard","meta":{"advgb_blocks_editor_width":"","advgb_blocks_columns_visual_guide":"","footnotes":""},"categories":[34],"tags":[35],"class_list":["post-23517","post","type-post","status-publish","format-standard","hentry","category-g1","tag-g1"],"author_meta":{"display_name":"g1 &gt; Para\u00edba","author_link":"https:\/\/sindaopcpb.org.br\/author\/g1-paraiba\/"},"featured_img":null,"coauthors":[],"tax_additional":{"categories":{"linked":["<a href=\"https:\/\/sindaopcpb.org.br\/g1\/\" class=\"advgb-post-tax-term\">G1<\/a>"],"unlinked":["<span class=\"advgb-post-tax-term\">G1<\/span>"]},"tags":{"linked":["<a href=\"https:\/\/sindaopcpb.org.br\/g1\/\" class=\"advgb-post-tax-term\">g1<\/a>"],"unlinked":["<span class=\"advgb-post-tax-term\">g1<\/span>"]}},"comment_count":"0","relative_dates":{"created":"Publicado 3 anos atr\u00e1s","modified":"Atualizado 3 anos atr\u00e1s"},"absolute_dates":{"created":"Publicado em 1 de julho de 2023","modified":"Atualizado em 1 de julho de 2023"},"absolute_dates_time":{"created":"Publicado em 1 de julho de 2023 05:00","modified":"Atualizado em 1 de julho de 2023 05:00"},"featured_img_caption":"","series_order":"","_links":{"self":[{"href":"https:\/\/sindaopcpb.org.br\/index.php\/wp-json\/wp\/v2\/posts\/23517","targetHints":{"allow":["GET"]}}],"collection":[{"href":"https:\/\/sindaopcpb.org.br\/index.php\/wp-json\/wp\/v2\/posts"}],"about":[{"href":"https:\/\/sindaopcpb.org.br\/index.php\/wp-json\/wp\/v2\/types\/post"}],"author":[{"embeddable":true,"href":"https:\/\/sindaopcpb.org.br\/index.php\/wp-json\/wp\/v2\/users\/2"}],"replies":[{"embeddable":true,"href":"https:\/\/sindaopcpb.org.br\/index.php\/wp-json\/wp\/v2\/comments?post=23517"}],"version-history":[{"count":2,"href":"https:\/\/sindaopcpb.org.br\/index.php\/wp-json\/wp\/v2\/posts\/23517\/revisions"}],"predecessor-version":[{"id":23624,"href":"https:\/\/sindaopcpb.org.br\/index.php\/wp-json\/wp\/v2\/posts\/23517\/revisions\/23624"}],"wp:attachment":[{"href":"https:\/\/sindaopcpb.org.br\/index.php\/wp-json\/wp\/v2\/media?parent=23517"}],"wp:term":[{"taxonomy":"category","embeddable":true,"href":"https:\/\/sindaopcpb.org.br\/index.php\/wp-json\/wp\/v2\/categories?post=23517"},{"taxonomy":"post_tag","embeddable":true,"href":"https:\/\/sindaopcpb.org.br\/index.php\/wp-json\/wp\/v2\/tags?post=23517"}],"curies":[{"name":"wp","href":"https:\/\/api.w.org\/{rel}","templated":true}]}}