{"id":23515,"date":"2023-06-30T18:00:44","date_gmt":"2023-06-30T21:00:44","guid":{"rendered":"https:\/\/wpa.wscom.com.br\/?p=909277"},"modified":"2023-06-30T18:00:44","modified_gmt":"2023-06-30T21:00:44","slug":"bolsonaro-inelegivel-por-imperio-da-lei-comemora-ciro-gomes","status":"publish","type":"post","link":"https:\/\/sindaopcpb.org.br\/index.php\/2023\/06\/30\/bolsonaro-inelegivel-por-imperio-da-lei-comemora-ciro-gomes\/","title":{"rendered":"\u201cBolsonaro ineleg\u00edvel por imp\u00e9rio da lei\u201d, comemora Ciro Gomes"},"content":{"rendered":"<p class=\"texto\">O ex-governador do Cear\u00e1 e candidato \u00e0 Presid\u00eancia da Rep\u00fablica em 2022,\u00a0Ciro Gomes (PDT), comemorou nesta sexta-feira (30) a decis\u00e3o do Tribunal Superior Eleitoral (TSE) que tornou o ex-presidente Jair Bolsonaro (PL) ineleg\u00edvel hoje. Seu partido foi autor da a\u00e7\u00e3o julgada pela Corte Eleitoral.<\/p>\n<p class=\"texto\">&#8220;Fez-se justi\u00e7a! Quando n\u00f3s do PDT pedimos provid\u00eancias ao TSE, quer\u00edamos proteger a democracia e punir o abuso de poder pol\u00edtico praticado por Bolsonaro&#8221;,\u00a0escreveu Ciro em sua conta\u00a0no Twitter. &#8220;Bolsonaro ineleg\u00edvel por imp\u00e9rio da lei&#8221;, acrescentou.<\/p>\n<p>&nbsp;<\/p>\n<blockquote class=\"twitter-tweet\">\n<p dir=\"ltr\" lang=\"pt\">Fez-se justi\u00e7a ! Quando n\u00f3s do PDT pedimos provid\u00eancias ao TSE , quer\u00edamos proteger a democracia e punir o abuso de poder pol\u00edtico praticado por Bolsonaro. Bolsonaro ineleg\u00edvel por imp\u00e9rio da lei .<\/p>\n<p>\u2014 Ciro Gomes (@cirogomes) <a href=\"https:\/\/twitter.com\/cirogomes\/status\/1674811916101861383?ref_src=twsrc%5Etfw\" rel=\"nofollow noopener\" target=\"_blank\">June 30, 2023<\/a><\/p>\n<\/blockquote>\n<p><script async src=\"https:\/\/platform.twitter.com\/widgets.js\" charset=\"utf-8\"><\/script><\/p>\n<p>&nbsp;<\/p>\n<p>Ciro disse ainda que, com a decis\u00e3o, espera que os brasileiros possam cobrar mudan\u00e7as mais profundas para o pa\u00eds. &#8220;Sem o oportunismo de a tudo termos que engolir porque sen\u00e3o&#8230; &#8216;Bolsonaro voltaria&#8217;&#8221;, enfatizou.<\/p>\n<div id=\"cb-publicidade-retangulo-interna-2\" class=\"pub-ret\" data-google-query-id=\"CO78yfv56_8CFQcPuQYdtpMHhw\">\n<h3>&#8220;Belzebu&#8221;<\/h3>\n<p class=\"texto\">Mais cedo, o presidente do PDT e\u00a0ministro da Previd\u00eancia, Carlos Lupi, tamb\u00e9m comemorou a decis\u00e3o. &#8220;O belzebu desrespeitou e atentou contra a democracia e a vida dos brasileiros, e est\u00e1 enfrentando as consequ\u00eancias. O PDT trabalhou arduamente com a Justi\u00e7a brasileira para cumprir nossa responsabilidade hist\u00f3rica contra os antidemocr\u00e1ticos. Vencemos!&#8221;, escreveu.<\/p>\n<\/div>\n<blockquote class=\"twitter-tweet\">\n<p dir=\"ltr\" lang=\"pt\">A justi\u00e7a foi feita! O belzebu desrespeitou e atentou contra a democracia e a vida dos brasileiros, e est\u00e1 enfrentando as consequ\u00eancias. O PDT trabalhou arduamente com a justi\u00e7a brasileira para cumprir nossa responsabilidade hist\u00f3rica contra os antidemocr\u00e1ticos. Vencemos! <a href=\"https:\/\/t.co\/42yE5kP5ON\" rel=\"nofollow\">pic.twitter.com\/42yE5kP5ON<\/a><\/p>\n<p>\u2014 Carlos Lupi <img decoding=\"async\" src=\"https:\/\/s.w.org\/images\/core\/emoji\/13.0.1\/72x72\/1f1e7-1f1f7.png\" alt=\"\ud83c\udde7\ud83c\uddf7\" class=\"wp-smiley\" style=\"height: 1em; max-height: 1em;\" title=\"\"><img decoding=\"async\" src=\"https:\/\/s.w.org\/images\/core\/emoji\/13.0.1\/72x72\/1f339.png\" alt=\"\ud83c\udf39\" class=\"wp-smiley\" style=\"height: 1em; max-height: 1em;\" title=\"\"> (@CarlosLupiPDT) <a href=\"https:\/\/twitter.com\/CarlosLupiPDT\/status\/1674809370461327363?ref_src=twsrc%5Etfw\" rel=\"nofollow noopener\" target=\"_blank\">June 30, 2023<\/a><\/p>\n<\/blockquote>\n<p><script async src=\"https:\/\/platform.twitter.com\/widgets.js\" charset=\"utf-8\"><\/script><\/p>\n<p>O post <a rel=\"nofollow noopener\" href=\"https:\/\/wscom.com.br\/bolsonaro-inelegivel-por-imperio-da-lei-comemora-ciro-gomes\/\" target=\"_blank\">&#8220;Bolsonaro ineleg\u00edvel por imp\u00e9rio da lei&#8221;, comemora Ciro Gomes<\/a> apareceu primeiro em <a rel=\"nofollow noopener\" href=\"https:\/\/wscom.com.br\/\" target=\"_blank\">WSCOM<\/a>.<\/p>\n","protected":false},"excerpt":{"rendered":"<p>O ex-governador do Cear\u00e1 e candidato \u00e0 Presid\u00eancia da Rep\u00fablica em 2022,\u00a0Ciro Gomes (PDT), comemorou nesta sexta-feira (30) a decis\u00e3o do Tribunal Superior Eleitoral (TSE) que tornou o ex-presidente Jair Bolsonaro (PL) ineleg\u00edvel hoje. Seu partido foi autor da a\u00e7\u00e3o julgada pela Corte Eleitoral. \u201cFez-se justi\u00e7a! Quando n\u00f3s do PDT pedimos provid\u00eancias ao TSE, quer\u00edamos [\u2026]<\/p>\n<p>O post <a rel=\"nofollow\" href=\"https:\/\/wscom.com.br\/bolsonaro-inelegivel-por-imperio-da-lei-comemora-ciro-gomes\/\">\u201cBolsonaro ineleg\u00edvel por imp\u00e9rio da lei\u201d, comemora Ciro Gomes<\/a> apareceu primeiro em <a rel=\"nofollow\" href=\"https:\/\/wscom.com.br\/\">WSCOM<\/a>.<\/p>\n","protected":false},"author":49,"featured_media":0,"comment_status":"closed","ping_status":"closed","sticky":false,"template":"","format":"standard","meta":{"advgb_blocks_editor_width":"","advgb_blocks_columns_visual_guide":"","footnotes":""},"categories":[509,1595,5635,34,4093,47,464],"tags":[35],"class_list":["post-23515","post","type-post","status-publish","format-standard","hentry","category-bolsonaro","category-carlos-lupi","category-ciro-gomes","category-g1","category-pdt","category-politica","category-tse","tag-g1"],"author_meta":{"display_name":"Cristiane Cavalcante","author_link":"https:\/\/sindaopcpb.org.br\/author\/cristiane-cavalcante\/"},"featured_img":null,"coauthors":[],"tax_additional":{"categories":{"linked":["<a href=\"https:\/\/sindaopcpb.org.br\/bolsonaro\/\" class=\"advgb-post-tax-term\">bolsonaro<\/a>","<a href=\"https:\/\/sindaopcpb.org.br\/carlos-lupi\/\" class=\"advgb-post-tax-term\">Carlos Lupi<\/a>","<a href=\"https:\/\/sindaopcpb.org.br\/ciro-gomes\/\" class=\"advgb-post-tax-term\">Ciro Gomes<\/a>","<a href=\"https:\/\/sindaopcpb.org.br\/g1\/\" class=\"advgb-post-tax-term\">G1<\/a>","<a href=\"https:\/\/sindaopcpb.org.br\/pdt\/\" class=\"advgb-post-tax-term\">PDT<\/a>","<a href=\"https:\/\/sindaopcpb.org.br\/politica\/\" class=\"advgb-post-tax-term\">POLITICA<\/a>","<a href=\"https:\/\/sindaopcpb.org.br\/tse\/\" class=\"advgb-post-tax-term\">TSE<\/a>"],"unlinked":["<span class=\"advgb-post-tax-term\">bolsonaro<\/span>","<span class=\"advgb-post-tax-term\">Carlos Lupi<\/span>","<span class=\"advgb-post-tax-term\">Ciro Gomes<\/span>","<span class=\"advgb-post-tax-term\">G1<\/span>","<span class=\"advgb-post-tax-term\">PDT<\/span>","<span class=\"advgb-post-tax-term\">POLITICA<\/span>","<span class=\"advgb-post-tax-term\">TSE<\/span>"]},"tags":{"linked":["<a href=\"https:\/\/sindaopcpb.org.br\/tse\/\" class=\"advgb-post-tax-term\">g1<\/a>"],"unlinked":["<span class=\"advgb-post-tax-term\">g1<\/span>"]}},"comment_count":"0","relative_dates":{"created":"Publicado 3 anos atr\u00e1s","modified":"Atualizado 3 anos atr\u00e1s"},"absolute_dates":{"created":"Publicado em 30 de junho de 2023","modified":"Atualizado em 30 de junho de 2023"},"absolute_dates_time":{"created":"Publicado em 30 de junho de 2023 18:00","modified":"Atualizado em 30 de junho de 2023 18:00"},"featured_img_caption":"","series_order":"","_links":{"self":[{"href":"https:\/\/sindaopcpb.org.br\/index.php\/wp-json\/wp\/v2\/posts\/23515","targetHints":{"allow":["GET"]}}],"collection":[{"href":"https:\/\/sindaopcpb.org.br\/index.php\/wp-json\/wp\/v2\/posts"}],"about":[{"href":"https:\/\/sindaopcpb.org.br\/index.php\/wp-json\/wp\/v2\/types\/post"}],"author":[{"embeddable":true,"href":"https:\/\/sindaopcpb.org.br\/index.php\/wp-json\/wp\/v2\/users\/49"}],"replies":[{"embeddable":true,"href":"https:\/\/sindaopcpb.org.br\/index.php\/wp-json\/wp\/v2\/comments?post=23515"}],"version-history":[{"count":1,"href":"https:\/\/sindaopcpb.org.br\/index.php\/wp-json\/wp\/v2\/posts\/23515\/revisions"}],"predecessor-version":[{"id":23516,"href":"https:\/\/sindaopcpb.org.br\/index.php\/wp-json\/wp\/v2\/posts\/23515\/revisions\/23516"}],"wp:attachment":[{"href":"https:\/\/sindaopcpb.org.br\/index.php\/wp-json\/wp\/v2\/media?parent=23515"}],"wp:term":[{"taxonomy":"category","embeddable":true,"href":"https:\/\/sindaopcpb.org.br\/index.php\/wp-json\/wp\/v2\/categories?post=23515"},{"taxonomy":"post_tag","embeddable":true,"href":"https:\/\/sindaopcpb.org.br\/index.php\/wp-json\/wp\/v2\/tags?post=23515"}],"curies":[{"name":"wp","href":"https:\/\/api.w.org\/{rel}","templated":true}]}}