{"id":23505,"date":"2023-06-30T19:22:00","date_gmt":"2023-06-30T22:22:00","guid":{"rendered":"https:\/\/www.infomoney.com.br\/?p=2175904"},"modified":"2023-06-30T19:22:00","modified_gmt":"2023-06-30T22:22:00","slug":"indicacao-de-advogada-marina-copola-para-diretora-da-cvm-e-publicada-no-dou","status":"publish","type":"post","link":"https:\/\/sindaopcpb.org.br\/index.php\/2023\/06\/30\/indicacao-de-advogada-marina-copola-para-diretora-da-cvm-e-publicada-no-dou\/","title":{"rendered":"Indica\u00e7\u00e3o de advogada Marina Copola para diretora da CVM \u00e9 publicada no DOU"},"content":{"rendered":"<p><img loading=\"lazy\" width=\"300\" height=\"169\" src=\"https:\/\/www.infomoney.com.br\/wp-content\/uploads\/2022\/12\/CVM-1024x576-1.webp?fit=300%2C169&amp;quality=70&amp;strip=all\" class=\"attachment-medium size-medium wp-post-image\" alt=\"\" decoding=\"async\" style=\"float:right; margin:0 0 10px 10px;\" srcset=\"https:\/\/www.infomoney.com.br\/wp-content\/uploads\/2022\/12\/CVM-1024x576-1.webp?w=1024&amp;quality=70&amp;strip=all 1024w, https:\/\/www.infomoney.com.br\/wp-content\/uploads\/2022\/12\/CVM-1024x576-1.webp?w=300&amp;quality=70&amp;strip=all 300w, https:\/\/www.infomoney.com.br\/wp-content\/uploads\/2022\/12\/CVM-1024x576-1.webp?w=768&amp;quality=70&amp;strip=all 768w, https:\/\/www.infomoney.com.br\/wp-content\/uploads\/2022\/12\/CVM-1024x576-1.webp?w=360&amp;quality=70&amp;strip=all 360w, https:\/\/www.infomoney.com.br\/wp-content\/uploads\/2022\/12\/CVM-1024x576-1.webp?w=755&amp;quality=70&amp;strip=all 755w, https:\/\/www.infomoney.com.br\/wp-content\/uploads\/2022\/12\/CVM-1024x576-1.webp?w=916&amp;quality=70&amp;strip=all 916w, https:\/\/www.infomoney.com.br\/wp-content\/uploads\/2022\/12\/CVM-1024x576-1.webp?w=150&amp;quality=70&amp;strip=all 150w\" sizes=\"auto, (max-width: 300px) 100vw, 300px\" data-attachment-id=\"2015955\" data-permalink=\"https:\/\/www.infomoney.com.br\/cvm-1024x576-2\/\" data-orig-file=\"https:\/\/www.infomoney.com.br\/wp-content\/uploads\/2022\/12\/CVM-1024x576-1.webp?fit=1024%2C576&amp;quality=70&amp;strip=all\" data-orig-size=\"1024,576\" data-comments-opened=\"0\" data-image-meta=\"{&quot;aperture&quot;:&quot;0&quot;,&quot;credit&quot;:&quot;&quot;,&quot;camera&quot;:&quot;&quot;,&quot;caption&quot;:&quot;&quot;,&quot;created_timestamp&quot;:&quot;0&quot;,&quot;copyright&quot;:&quot;&quot;,&quot;focal_length&quot;:&quot;0&quot;,&quot;iso&quot;:&quot;0&quot;,&quot;shutter_speed&quot;:&quot;0&quot;,&quot;title&quot;:&quot;&quot;,&quot;orientation&quot;:&quot;0&quot;}\" data-image-title=\"CVM-1024&#215;576\" data-image-description=\"\" data-image-caption=\"\" data-medium-file=\"https:\/\/www.infomoney.com.br\/wp-content\/uploads\/2022\/12\/CVM-1024x576-1.webp?fit=300%2C169&amp;quality=70&amp;strip=all\" data-large-file=\"https:\/\/www.infomoney.com.br\/wp-content\/uploads\/2022\/12\/CVM-1024x576-1.webp?fit=1024%2C576&amp;quality=70&amp;strip=all\" title=\"\"><\/p>\n<p>A indica\u00e7\u00e3o da advogada Marina Copola, feita pelo presidente da Rep\u00fablica, Luiz In\u00e1cio Lula da Silva, para a vaga deixada por Alexandre Rangel no Colegiado da Comiss\u00e3o de Valores Mobili\u00e1rios (CVM) foi publicada no <i>Di\u00e1rio Oficial da Uni\u00e3o (DOU)<\/i>. A<a href=\"https:\/\/www.infomoney.com.br\/mercados\/lula-indica-marina-palma-copola-para-diretoria-da-cvm\/\" rel=\"nofollow noopener\" target=\"_blank\"> informa\u00e7\u00e3o sobre a indica\u00e7\u00e3o de Lula j\u00e1 havia sido divulgada na quinta-feira, 29,<\/a> conforme noticiou o <i>Broadcast<\/i>, sistema de not\u00edcias em tempo real do Grupo Estado.<\/p>\n<p>Seu mandato ser\u00e1 curto, pois preenche o posto de Alexandre Rangel, que renunciou para assumir fun\u00e7\u00e3o na OCDE, em Paris. Vai at\u00e9 o fim do ano que vem.<\/p>\n<p>O nome de Copola era um dos mais bem cotados, conforme informou o <i>Broadcast<\/i> no in\u00edcio do m\u00eas.<\/p>\n<p>Antes de assumir a cadeira, a nova diretora ser\u00e1 sabatinado na Comiss\u00e3o de Assuntos Econ\u00f4micos (CAE) do Senado. Passada essa etapa, deve ser empossada como a nona diretora da hist\u00f3ria da autarquia.<\/p>\n<p>Atualmente, o colegiado tem apenas mais uma mulher, Fl\u00e1via Perlingeiro.<\/p>\n<p>A presen\u00e7a feminina \u00e9 escassa no \u00f3rg\u00e3o regulador. A presid\u00eancia do \u00f3rg\u00e3o foi ocupada por uma mulher apenas uma vez, com Maria Helena Santana, entre 2007 e 2012.<\/p>\n<p>Copola \u00e9 s\u00f3cia do Yazbek Advogados, cujo titular \u00e9 Ot\u00e1vio Yazbek, \u00e9 ex-diretor da CVM.<\/p>\n<p>The post <a rel=\"nofollow noopener\" href=\"https:\/\/www.infomoney.com.br\/mercados\/indicacao-de-advogada-marina-copola-para-diretora-da-cvm-e-publicada-no-dou\/\" target=\"_blank\">Indica\u00e7\u00e3o de advogada Marina Copola para diretora da CVM \u00e9 publicada no DOU<\/a> appeared first on <a rel=\"nofollow noopener\" href=\"https:\/\/www.infomoney.com.br\/\" target=\"_blank\">InfoMoney<\/a>.<\/p>\n","protected":false},"excerpt":{"rendered":"<p><img loading=\"lazy\" decoding=\"async\" width=\"300\" height=\"169\" src=\"https:\/\/www.infomoney.com.br\/wp-content\/uploads\/2022\/12\/CVM-1024x576-1.webp?fit=300%2C169&amp;quality=70&amp;strip=all\" class=\"attachment-medium size-medium wp-post-image\" alt=\"\" data-attachment-id=\"2015955\" data-permalink=\"https:\/\/www.infomoney.com.br\/cvm-1024x576-2\/\" data-orig-file=\"https:\/\/www.infomoney.com.br\/wp-content\/uploads\/2022\/12\/CVM-1024x576-1.webp?fit=1024%2C576&amp;quality=70&amp;strip=all\" data-orig-size=\"1024,576\" data-comments-opened=\"0\" data-image-meta='{\"aperture\":\"0\",\"credit\":\"\",\"camera\":\"\",\"caption\":\"\",\"created_timestamp\":\"0\",\"copyright\":\"\",\"focal_length\":\"0\",\"iso\":\"0\",\"shutter_speed\":\"0\",\"title\":\"\",\"orientation\":\"0\"}' data-image-title=\"CVM-1024\u00d7576\" data-image-description=\"\" data-image-caption=\"\" data-medium-file=\"https:\/\/www.infomoney.com.br\/wp-content\/uploads\/2022\/12\/CVM-1024x576-1.webp?fit=300%2C169&amp;quality=70&amp;strip=all\" data-large-file=\"https:\/\/www.infomoney.com.br\/wp-content\/uploads\/2022\/12\/CVM-1024x576-1.webp?fit=1024%2C576&amp;quality=70&amp;strip=all\">Seu mandato ser\u00e1 curto, pois preenche o posto de Alexandre Rangel, que renunciou para assumir fun\u00e7\u00e3o na OCDE. Vai at\u00e9 o fim do ano que vem<\/p>\n<p>The post <a rel=\"nofollow\" href=\"https:\/\/www.infomoney.com.br\/mercados\/indicacao-de-advogada-marina-copola-para-diretora-da-cvm-e-publicada-no-dou\/\">Indica\u00e7\u00e3o de advogada Marina Copola para diretora da CVM \u00e9 publicada no DOU<\/a> appeared first on <a rel=\"nofollow\" href=\"https:\/\/www.infomoney.com.br\/\">InfoMoney<\/a>.<\/p>\n","protected":false},"author":43,"featured_media":0,"comment_status":"closed","ping_status":"closed","sticky":false,"template":"","format":"standard","meta":{"advgb_blocks_editor_width":"","advgb_blocks_columns_visual_guide":"","footnotes":""},"categories":[5528,346,34,127,1108,47],"tags":[35],"class_list":["post-23505","post","type-post","status-publish","format-standard","hentry","category-cvm","category-diario-oficial-da-uniao","category-g1","category-mercados","category-onde-investir","category-politica","tag-g1"],"author_meta":{"display_name":"Estad\u00e3o Conte\u00fado","author_link":"https:\/\/sindaopcpb.org.br\/author\/estadao-conteudo\/"},"featured_img":null,"coauthors":[],"tax_additional":{"categories":{"linked":["<a href=\"https:\/\/sindaopcpb.org.br\/cvm\/\" class=\"advgb-post-tax-term\">CVM<\/a>","<a href=\"https:\/\/sindaopcpb.org.br\/diario-oficial-da-uniao\/\" class=\"advgb-post-tax-term\">Di\u00e1rio Oficial da uni\u00e3o<\/a>","<a href=\"https:\/\/sindaopcpb.org.br\/g1\/\" class=\"advgb-post-tax-term\">G1<\/a>","<a href=\"https:\/\/sindaopcpb.org.br\/mercados\/\" class=\"advgb-post-tax-term\">Mercados<\/a>","<a href=\"https:\/\/sindaopcpb.org.br\/onde-investir\/\" class=\"advgb-post-tax-term\">Onde Investir<\/a>","<a href=\"https:\/\/sindaopcpb.org.br\/politica\/\" class=\"advgb-post-tax-term\">POLITICA<\/a>"],"unlinked":["<span class=\"advgb-post-tax-term\">CVM<\/span>","<span class=\"advgb-post-tax-term\">Di\u00e1rio Oficial da uni\u00e3o<\/span>","<span class=\"advgb-post-tax-term\">G1<\/span>","<span class=\"advgb-post-tax-term\">Mercados<\/span>","<span class=\"advgb-post-tax-term\">Onde Investir<\/span>","<span class=\"advgb-post-tax-term\">POLITICA<\/span>"]},"tags":{"linked":["<a href=\"https:\/\/sindaopcpb.org.br\/politica\/\" class=\"advgb-post-tax-term\">g1<\/a>"],"unlinked":["<span class=\"advgb-post-tax-term\">g1<\/span>"]}},"comment_count":"0","relative_dates":{"created":"Publicado 3 anos atr\u00e1s","modified":"Atualizado 3 anos atr\u00e1s"},"absolute_dates":{"created":"Publicado em 30 de junho de 2023","modified":"Atualizado em 30 de junho de 2023"},"absolute_dates_time":{"created":"Publicado em 30 de junho de 2023 19:22","modified":"Atualizado em 30 de junho de 2023 19:22"},"featured_img_caption":"","series_order":"","_links":{"self":[{"href":"https:\/\/sindaopcpb.org.br\/index.php\/wp-json\/wp\/v2\/posts\/23505","targetHints":{"allow":["GET"]}}],"collection":[{"href":"https:\/\/sindaopcpb.org.br\/index.php\/wp-json\/wp\/v2\/posts"}],"about":[{"href":"https:\/\/sindaopcpb.org.br\/index.php\/wp-json\/wp\/v2\/types\/post"}],"author":[{"embeddable":true,"href":"https:\/\/sindaopcpb.org.br\/index.php\/wp-json\/wp\/v2\/users\/43"}],"replies":[{"embeddable":true,"href":"https:\/\/sindaopcpb.org.br\/index.php\/wp-json\/wp\/v2\/comments?post=23505"}],"version-history":[{"count":1,"href":"https:\/\/sindaopcpb.org.br\/index.php\/wp-json\/wp\/v2\/posts\/23505\/revisions"}],"predecessor-version":[{"id":23506,"href":"https:\/\/sindaopcpb.org.br\/index.php\/wp-json\/wp\/v2\/posts\/23505\/revisions\/23506"}],"wp:attachment":[{"href":"https:\/\/sindaopcpb.org.br\/index.php\/wp-json\/wp\/v2\/media?parent=23505"}],"wp:term":[{"taxonomy":"category","embeddable":true,"href":"https:\/\/sindaopcpb.org.br\/index.php\/wp-json\/wp\/v2\/categories?post=23505"},{"taxonomy":"post_tag","embeddable":true,"href":"https:\/\/sindaopcpb.org.br\/index.php\/wp-json\/wp\/v2\/tags?post=23505"}],"curies":[{"name":"wp","href":"https:\/\/api.w.org\/{rel}","templated":true}]}}