{"id":23501,"date":"2023-06-30T18:00:25","date_gmt":"2023-06-30T21:00:25","guid":{"rendered":"https:\/\/g1.globo.com\/pb\/paraiba\/noticia\/2023\/06\/30\/concurso-do-mppb-tem-resultado-final-divulgado-veja-lista.ghtml"},"modified":"2023-06-30T18:00:25","modified_gmt":"2023-06-30T21:00:25","slug":"concurso-do-mppb-tem-resultado-final-divulgado-veja-lista","status":"publish","type":"post","link":"https:\/\/sindaopcpb.org.br\/index.php\/2023\/06\/30\/concurso-do-mppb-tem-resultado-final-divulgado-veja-lista\/","title":{"rendered":"Concurso do MPPB tem resultado final divulgado; veja lista"},"content":{"rendered":"   <img src=\"https:\/\/s2.glbimg.com\/YDNYlYgoaLqt0Pc87MeGyELPneo=\/i.s3.glbimg.com\/v1\/AUTH_59edd422c0c84a879bd37670ae4f538a\/internal_photos\/bs\/2022\/S\/c\/B3JxjOSiua5ZSVEpIj3w\/mppb.jpg\" \/><br \/>     No mesmo edital, publicado no Di\u00e1rio do MPPB, os candidatos que se autodeclararam negros s\u00e3o convocados para heteroidentifica\u00e7\u00e3o. Minist\u00e9rio P\u00fablico da Para\u00edba - MPPB\nAscom\/MPPB\nA Procuradoria-Geral de Justi\u00e7a divulgou nesta sexta-feira (30) o resultado definitivo das provas do concurso do Minist\u00e9rio P\u00fablico da Para\u00edba (MPPB). A lista com os classificados est\u00e1 dispon\u00edvel no Di\u00e1rio Oficial Eletr\u00f4nico do \u00f3rg\u00e3o. \nConfira edital do MPPB com resultado definitivo\nNo mesmo edital, publicado no Di\u00e1rio Oficial Eletr\u00f4nico do MPPB desta sexta-feira (30), os candidatos que se autodeclararam negros s\u00e3o convocados para heteroidentifica\u00e7\u00e3o.\nAs avalia\u00e7\u00f5es dos inscritos pelas cotas raciais ser\u00e3o realizadas na Sala de Sess\u00f5es dos \u00d3rg\u00e3os Colegiados, no edif\u00edcio-sede da Procuradoria-Geral de Justi\u00e7a. Cada candidato ter\u00e1 acesso a data e hor\u00e1rio atrav\u00e9s do Cart\u00e3o Informativo enviado pela banca organizadora por e-mail.\nOs candidatos convocados para heteroidentifica\u00e7\u00e3o, devem comparecer no dia e no hor\u00e1rio determinado, portando documento original de identidade.\nAs respostas dos recursos ser\u00e3o levadas ao conhecimento dos candidatos inscritos no concurso, por meio do site da banca organizadora, e ficar\u00e3o dispon\u00edveis pelo prazo de sete dias a contar da data de sua divulga\u00e7\u00e3o.\nDistribui\u00e7\u00e3o dos cargos e sal\u00e1rios\nAs vagas s\u00e3o distribu\u00eddas para as fun\u00e7\u00f5es de analista ministerial, com uma oportunidade, sendo exigido n\u00edvel superior de escolaridade. As outras 20 s\u00e3o destinadas para o cargo de t\u00e9cnico ministerial, que exige n\u00edvel m\u00e9dio.\nAl\u00e9m de formar cadastro de reserva nesses dois cargos, o concurso tamb\u00e9m deve selecionar aprovados fora do n\u00famero previsto de vagas, tamb\u00e9m para cadastro de reserva em mais tr\u00eas cargos de analista ministerial (n\u00edvel superior): analista de sistemas, administrador de banco de dados, assistente social e psic\u00f3logo.\nAinda conforme o edital, o sal\u00e1rio inicial para t\u00e9cnico (n\u00edvel m\u00e9dio) \u00e9 de R$ 7.037,1, com a inclus\u00e3o de aux\u00edlios sa\u00fade e alimenta\u00e7\u00e3o. J\u00e1 para analista (n\u00edvel superior), a remunera\u00e7\u00e3o oferecida \u00e9 de R$ 8.165,44 tamb\u00e9m inclu\u00eddos os aux\u00edlios.\nV\u00eddeos mais assistidos do g1 Para\u00edba  ","protected":false},"excerpt":{"rendered":"<p>        No mesmo edital, publicado no Di\u00e1rio do MPPB, os candidatos que se autodeclararam negros s\u00e3o convocados para heteroidentifica\u00e7\u00e3o. Minist\u00e9rio P\u00fablico da Para\u00edba &#8211; MPPB<br \/>\nAscom\/MPPB<br \/>\nA Procuradoria-Geral de Justi\u00e7a divulgou nesta sexta-feira (30) o &#8230;<\/p>\n","protected":false},"author":2,"featured_media":0,"comment_status":"closed","ping_status":"closed","sticky":false,"template":"","format":"standard","meta":{"advgb_blocks_editor_width":"","advgb_blocks_columns_visual_guide":"","footnotes":""},"categories":[34],"tags":[35],"class_list":["post-23501","post","type-post","status-publish","format-standard","hentry","category-g1","tag-g1"],"author_meta":{"display_name":"g1 &gt; Para\u00edba","author_link":"https:\/\/sindaopcpb.org.br\/author\/g1-paraiba\/"},"featured_img":null,"coauthors":[],"tax_additional":{"categories":{"linked":["<a href=\"https:\/\/sindaopcpb.org.br\/g1\/\" class=\"advgb-post-tax-term\">G1<\/a>"],"unlinked":["<span class=\"advgb-post-tax-term\">G1<\/span>"]},"tags":{"linked":["<a href=\"https:\/\/sindaopcpb.org.br\/g1\/\" class=\"advgb-post-tax-term\">g1<\/a>"],"unlinked":["<span class=\"advgb-post-tax-term\">g1<\/span>"]}},"comment_count":"0","relative_dates":{"created":"Publicado 3 anos atr\u00e1s","modified":"Atualizado 3 anos atr\u00e1s"},"absolute_dates":{"created":"Publicado em 30 de junho de 2023","modified":"Atualizado em 30 de junho de 2023"},"absolute_dates_time":{"created":"Publicado em 30 de junho de 2023 18:00","modified":"Atualizado em 30 de junho de 2023 18:00"},"featured_img_caption":"","series_order":"","_links":{"self":[{"href":"https:\/\/sindaopcpb.org.br\/index.php\/wp-json\/wp\/v2\/posts\/23501","targetHints":{"allow":["GET"]}}],"collection":[{"href":"https:\/\/sindaopcpb.org.br\/index.php\/wp-json\/wp\/v2\/posts"}],"about":[{"href":"https:\/\/sindaopcpb.org.br\/index.php\/wp-json\/wp\/v2\/types\/post"}],"author":[{"embeddable":true,"href":"https:\/\/sindaopcpb.org.br\/index.php\/wp-json\/wp\/v2\/users\/2"}],"replies":[{"embeddable":true,"href":"https:\/\/sindaopcpb.org.br\/index.php\/wp-json\/wp\/v2\/comments?post=23501"}],"version-history":[{"count":1,"href":"https:\/\/sindaopcpb.org.br\/index.php\/wp-json\/wp\/v2\/posts\/23501\/revisions"}],"predecessor-version":[{"id":23502,"href":"https:\/\/sindaopcpb.org.br\/index.php\/wp-json\/wp\/v2\/posts\/23501\/revisions\/23502"}],"wp:attachment":[{"href":"https:\/\/sindaopcpb.org.br\/index.php\/wp-json\/wp\/v2\/media?parent=23501"}],"wp:term":[{"taxonomy":"category","embeddable":true,"href":"https:\/\/sindaopcpb.org.br\/index.php\/wp-json\/wp\/v2\/categories?post=23501"},{"taxonomy":"post_tag","embeddable":true,"href":"https:\/\/sindaopcpb.org.br\/index.php\/wp-json\/wp\/v2\/tags?post=23501"}],"curies":[{"name":"wp","href":"https:\/\/api.w.org\/{rel}","templated":true}]}}