{"id":23495,"date":"2023-06-30T17:50:01","date_gmt":"2023-06-30T20:50:01","guid":{"rendered":"https:\/\/www.infomoney.com.br\/?p=2176181"},"modified":"2023-06-30T17:50:01","modified_gmt":"2023-06-30T20:50:01","slug":"lula-deve-assinar-nesta-sexta-mp-que-destinara-mais-r-300-milhoes-em-incentivos-para-carro-popular","status":"publish","type":"post","link":"https:\/\/sindaopcpb.org.br\/index.php\/2023\/06\/30\/lula-deve-assinar-nesta-sexta-mp-que-destinara-mais-r-300-milhoes-em-incentivos-para-carro-popular\/","title":{"rendered":"Lula deve assinar nesta sexta MP que destinar\u00e1 mais R$ 300 milh\u00f5es em incentivos para carro \u201cpopular\u201d"},"content":{"rendered":"<p><img loading=\"lazy\" width=\"300\" height=\"162\" src=\"https:\/\/www.infomoney.com.br\/wp-content\/uploads\/2019\/06\/carros-3.jpg?fit=300%2C162&amp;quality=70&amp;strip=all\" class=\"attachment-medium size-medium wp-post-image\" alt=\"\" decoding=\"async\" style=\"float:right; margin:0 0 10px 10px;\" srcset=\"https:\/\/www.infomoney.com.br\/wp-content\/uploads\/2019\/06\/carros-3.jpg?w=900&amp;quality=70&amp;strip=all 900w, https:\/\/www.infomoney.com.br\/wp-content\/uploads\/2019\/06\/carros-3.jpg?w=300&amp;quality=70&amp;strip=all 300w, https:\/\/www.infomoney.com.br\/wp-content\/uploads\/2019\/06\/carros-3.jpg?w=768&amp;quality=70&amp;strip=all 768w, https:\/\/www.infomoney.com.br\/wp-content\/uploads\/2019\/06\/carros-3.jpg?w=150&amp;quality=70&amp;strip=all 150w\" sizes=\"auto, (max-width: 300px) 100vw, 300px\" data-attachment-id=\"50892\" data-permalink=\"https:\/\/www.infomoney.com.br\/carros-3\/\" data-orig-file=\"https:\/\/www.infomoney.com.br\/wp-content\/uploads\/2019\/06\/carros-3.jpg?fit=900%2C486&amp;quality=70&amp;strip=all\" data-orig-size=\"900,486\" data-comments-opened=\"1\" data-image-meta=\"{&quot;aperture&quot;:&quot;0&quot;,&quot;credit&quot;:&quot;&quot;,&quot;camera&quot;:&quot;&quot;,&quot;caption&quot;:&quot;&quot;,&quot;created_timestamp&quot;:&quot;0&quot;,&quot;copyright&quot;:&quot;&quot;,&quot;focal_length&quot;:&quot;0&quot;,&quot;iso&quot;:&quot;0&quot;,&quot;shutter_speed&quot;:&quot;0&quot;,&quot;title&quot;:&quot;&quot;,&quot;orientation&quot;:&quot;0&quot;}\" data-image-title=\"carros-3\" data-image-description=\"\" data-image-caption=\"\" data-medium-file=\"https:\/\/www.infomoney.com.br\/wp-content\/uploads\/2019\/06\/carros-3.jpg?fit=300%2C162&amp;quality=70&amp;strip=all\" data-large-file=\"https:\/\/www.infomoney.com.br\/wp-content\/uploads\/2019\/06\/carros-3.jpg?fit=900%2C486&amp;quality=70&amp;strip=all\" title=\"\"><\/p>\n<p>O presidente Luiz In&aacute;cio Lula da Silva assinar&aacute; ainda nesta sexta-feira (30) a medida provis&oacute;ria que ampliar&aacute; em R$ 300 milh&otilde;es os recursos a serem disponibilizados para o&nbsp;programa de incentivos &agrave; compra de ve&iacute;culos populares.O an&uacute;ncio foi feito pelo vice-presidente e ministro do Desenvolvimento, Ind&uacute;stria, Com&eacute;rcio e Servi&ccedil;os, Geraldo Alckmin, durante visita ao Paran&aacute;.<\/p>\n<p>&ldquo;O presidente Lula vai assinar hoje uma medida provis&oacute;ria colocando mais R$ 300 milh&otilde;es para a ind&uacute;stria automobil&iacute;stica&rdquo;, disse Alckmin, referindo-se ao projeto que estimula descontos na compra de ve&iacute;culos com pre&ccedil;o de at&eacute; R$ 120 mil.<\/p>\n<p>&ldquo;No projeto completo, s&atilde;o R$ 500 milh&otilde;es. J&aacute; foram consumidos R$ 420 milh&otilde;es. Os R$ 300 milh&otilde;es &ndash; na realidade &eacute; um pouco menos porque voc&ecirc; tem de tirar da&iacute; IPI, PIS e Cofins &ndash; abre tamb&eacute;m para pessoas jur&iacute;dicas, al&eacute;m de pessoas f&iacute;sicas. Ou seja, agora &eacute; para todo mundo. Ent&atilde;o vai [totalizar] R$ 800 milh&otilde;es&rdquo;, acrescentou.<\/p>\n<p>A&nbsp;<a href=\"https:\/\/www.infomoney.com.br\/consumo\/carros-populares-desconto-subsidio-verba-extra-300-milhoes-haddad-governo\/\" rel=\"nofollow noopener\" target=\"_blank\">prorroga&ccedil;&atilde;o do programa j&aacute; havia sido anunciada&nbsp;pelo ministro da Fazenda<\/a>, Fernando Haddad, na quarta-feira (28). Na oportunidade, o ministro disse que a demanda por carros mais econ&ocirc;micos e menos poluentes surpreendeu as montadoras e o governo, praticamente esgotando os recursos dispon&iacute;veis para o programa.<\/p>\n<p>A informa&ccedil;&atilde;o de que&nbsp;<a href=\"https:\/\/www.infomoney.com.br\/consumo\/carros-populares-descontos-subsidios-programa-sera-estendido-empresas\/\" rel=\"nofollow noopener\" target=\"_blank\">o governo federal iria prorrogar e ampliar para empresas o programa de &ldquo;carros populares&rdquo;<\/a>&nbsp;&mdash; o que tem o potencial de beneficiar locadoras de ve&iacute;culos como a Localiza (<a href=\"https:\/\/www.infomoney.com.br\/cotacoes\/b3\/acao\/localiza-rent3\/\" rel=\"nofollow noopener\" target=\"_blank\">RENT3<\/a>) e a Movida (<a href=\"https:\/\/www.infomoney.com.br\/cotacoes\/b3\/acao\/movida-movi3\/\" rel=\"nofollow noopener\" target=\"_blank\">MOVI3<\/a>) &mdash; foi antecipado pela jornalista Miriam Leit&atilde;o, no site do jornal&nbsp;<em>O Globo<\/em>.<\/p>\n<p>O programa teria inicialmente quatro meses de dura&ccedil;&atilde;o, mas o governo liberou 84% da verba em apenas 15 dias. Al&eacute;m disso,&nbsp;<a href=\"https:\/\/www.infomoney.com.br\/consumo\/carros-populares-governo-prorroga-por-15-dias-vendas-exclusivas-para-pessoas-fisicas-e-frusta-empresas\/\" rel=\"nofollow noopener\" target=\"_blank\">os descontos s&atilde;o exclusivo para pessoas f&iacute;sicas at&eacute; o dia 6 de julho, o que impediria a participa&ccedil;&atilde;o de empresas<\/a>&nbsp;caso os R$ 500 milh&otilde;es de subs&iacute;dio acabassem antes.<\/p>\n<div class=\"infomoney-related-posts\">\n<h4>Leia tamb&eacute;m<\/h4>\n<div class=\"list\">\n<div class=\"row mx-0 item\">\n<div class=\"img-container\">\n<figure><img decoding=\"async\" class=\"img-fluid img-fluid\" src=\"https:\/\/www.infomoney.com.br\/wp-content\/uploads\/2023\/06\/carros-veiculos.jpg?quality=70&#038;w=150&#038;%23038;h=150&#038;%23038;crop=1&#038;%23038;strip=all\" data-recalc-dims=\"1\" alt=\"\" title=\"\"><\/figure>\n<\/div>\n<div class=\"info\"><span class=\"hl-hat\">Est&iacute;mulo ao consumo<\/span><span class=\"hl-title\"><a href=\"https:\/\/www.infomoney.com.br\/consumo\/carros-populares-descontos-subsidios-programa-sera-estendido-empresas\/\" rel=\"nofollow noopener\" target=\"_blank\">Carros populares: programa de descontos vai ser estendido e contemplar empresas<\/a><\/span><span class=\"hl-description\">Haddad afirmou em entrevista que a demanda por carros mais econ&ocirc;micos e menos poluentes surpreendeu montadoras e governo<\/span><\/div>\n<\/div>\n<div class=\"row mx-0 item\">\n<div class=\"img-container\">\n<figure><img decoding=\"async\" class=\"img-fluid img-fluid\" src=\"https:\/\/www.infomoney.com.br\/wp-content\/uploads\/2022\/07\/usados.jpg?quality=70&#038;w=150&#038;%23038;h=150&#038;%23038;crop=1&#038;%23038;strip=all\" data-recalc-dims=\"1\" alt=\"\" title=\"\"><\/figure>\n<\/div>\n<div class=\"info\"><span class=\"hl-hat\">Infla&ccedil;&atilde;o<\/span><span class=\"hl-title\"><a href=\"https:\/\/www.infomoney.com.br\/consumo\/precos-dos-carros-0-km-e-dos-combustiveis-recuam-em-junho-e-puxam-ipca-15-para-baixo\/\" rel=\"nofollow noopener\" target=\"_blank\">Pre&ccedil;os dos carros 0 km e dos combust&iacute;veis recuam em junho e puxam IPCA-15 para baixo<\/a><\/span><span class=\"hl-description\">Programa de subs&iacute;dios do governo a carros de at&eacute; R$ 120 mil e cortes da Petrobras ajudaram a arrefecer a infla&ccedil;&atilde;o; entenda<\/span><\/div>\n<\/div>\n<\/div>\n<\/div>\n<h2>Reonera&ccedil;&atilde;o do diesel<\/h2>\n<p>Para compensar o subs&iacute;dio adicional de R$ 300 milh&otilde;es, Haddad disse que o governo vai ampliar a arrecada&ccedil;&atilde;o com uma reonera&ccedil;&atilde;o maior do diesel:<\/p>\n<ul>\n<li><strong>R$ 200 milh&otilde;es:<\/strong>&nbsp;o governo vai elevar de R$ 0,11 para R$ 0,14 os tributos federais que ser&atilde;o cobrados por litro do combust&iacute;vel a partir de outubro;<\/li>\n<li><strong>R$ 100 milh&otilde;es:<\/strong>&nbsp;uma &ldquo;sobra&rdquo; que o governo j&aacute; tinha na Medida Provis&oacute;ria (MP) 1.175.<\/li>\n<\/ul>\n<p>Quando divulgou o programa de &ldquo;descontos patrocinados&rdquo; no in&iacute;cio do m&ecirc;s, o governo anunciou que o diesel seria reonerado em 90 dias, em R$ 0,11 dos R$ 0,35 dos tributos federais que voltariam apenas em 2024. Com a decis&atilde;o de ampliar o subs&iacute;dio em R$ 300 milh&otilde;es, o patamar subir&aacute; para R$ 0,14.<\/p>\n<p>Para Haddad, os consumidores n&atilde;o v&atilde;o sentir o impacto da reonera&ccedil;&atilde;o extra, de R$ 0,03, devido &agrave; queda adicional do d&oacute;lar e do petr&oacute;leo desde que a medida foi anunciada. &ldquo;Estamos sem preocupa&ccedil;&otilde;es em rela&ccedil;&atilde;o a isso, n&atilde;o tem impacto para o consumidor&rdquo;.<\/p>\n<p>O ministro, que chegou a dizer que n&atilde;o havia espa&ccedil;o fiscal para amplia&ccedil;&atilde;o do programa, afirmou ainda que estava mantendo sua palavra. &ldquo;Ia ser um programa de 1,5 bilh&atilde;o e vai ser um programa de 1,8 bilh&atilde;o, mantendo o que eu falei desde o in&iacute;cio, que ia ser um programa de menos de 2 bilh&otilde;es e com recursos da reonera&ccedil;&atilde;o do diesel em virtude da queda do d&oacute;lar e do pre&ccedil;o do petr&oacute;leo&rdquo;.<\/p>\n<h2>Montadoras suspendem produ&ccedil;&atilde;o<\/h2>\n<p>Apesar da amplia&ccedil;&atilde;o do programa, montadoras est&atilde;o suspendendo turnos e diminuindo a produ&ccedil;&atilde;o de ve&iacute;culos em diversas f&aacute;bricas, alegando demanda fraca dos consumidores. Haddad minimizou os an&uacute;ncios e disse eles coincidiram com uma demanda que j&aacute; estava no radar do governo, por meio do Minist&eacute;rio de Desenvolvimento, Ind&uacute;stria, Com&eacute;rcio e Servi&ccedil;os (MDIC).<\/p>\n<p>A Volkswagen&nbsp;<a href=\"https:\/\/www.infomoney.com.br\/consumo\/volkswagen-paralisa-producao-de-fabricas-por-falta-de-demanda-mesmo-com-descontos-para-carros-populares\/\" rel=\"nofollow noopener\" target=\"_blank\">parou completamente nesta semana a produ&ccedil;&atilde;o das f&aacute;bricas de Taubat&eacute;, no interior de S&atilde;o Paulo, e de S&atilde;o Jos&eacute; dos Pinhais, no Paran&aacute;<\/a>&nbsp;&mdash; que j&aacute; vinha funcionando em apenas um turno desde o in&iacute;cio do m&ecirc;s. A unidade paranaense produz o utilit&aacute;rio esportivo T-Cross e a de Taubat&eacute;, o Novo Polo e o Polo Track (sucessor do Gol).<\/p>\n<div class=\"cta-middle\">\n<div class=\"im-cta bg-light bg-opacity-25 border rounded-4 p-3 p-sm-4 p-md-3 p-lg-4 px-xxl-5 my-5\" >\n<div class=\"d-flex flex-column align-items-center align-items-lg-start mb-4 flex-lg-row\">\n<div class=\"rounded-circle mb-2 mb-lg-0 mr-lg-4 me-lg-4 p-3 p-lg-4 bg-red-500\"><svg width=\"40\" height=\"40\" viewBox=\"0 0 40 40\" fill=\"none\" xmlns=\"http:\/\/www.w3.org\/2000\/svg\"><path d=\"M19.958 33.083 8.833 27v-9.042L3.417 15l16.541-9.042L36.583 15v11.875h-1.875v-10.75l-3.583 1.833V27l-11.167 6.083Zm0-11.208L32.625 15 19.958 8.208 7.375 15l12.583 6.875Zm0 9.042 9.25-5.084v-6.75l-9.25 4.959-9.25-5v6.791l9.25 5.084Z\" fill=\"#fff\"\/><\/svg><\/div>\n<div class=\"flex-fill text-center text-lg-left\">\n<div class=\"h6 small text-orange-700 lh-base mb-1\">Masterclass<\/div>\n<div class=\"text-body h4 m-0\">O Poder da Renda Fixa Turbo<\/div>\n<div class=\"text-body small lh-base mt-2\">Aprenda na pr&aacute;tica como aumentar o seu patrim&ocirc;nio com rentabilidade, simplicidade e seguran&ccedil;a (e ainda ganhe 02 presentes do InfoMoney)<\/div>\n<\/div>\n<\/div>\n<div class=\"im-shortcode-forms-v2\" data-component-type=\"multiformBootstrapV2\" data-configuracao='{\"id\":\"2168425\",\"optimize_id\":\"\",\"nome\":false,\"titulo\":\"O Poder da Renda Fixa Turbo\",\"icone\":\"course\",\"chapeu\":\"Masterclass\",\"email\":true,\"telefone\":false,\"cpf\":false,\"campanha\":\"RFT\",\"LancamentoID\":\"112\",\"thankYouUrl\":\"\",\"idJorney\":\"APIEvent-6cf4ee7f-bae4-e0e2-cc3b-033332b04780\",\"idDE\":\"\",\"botaoLabel\":\"Quero participar\",\"contextSegment\":\"CursoLivre\",\"urlOrigem\":\"https:\\\/\\\/www.infomoney.com.br\\\/consumo\\\/lula-deve-assinar-nesta-sexta-mp-que-destinara-mais-r-300-milhoes-em-incentivos-para-carro-popular\\\/?utm_medium=materia&#038;utm_source=infomoney&#038;utm_campaign=202305_rft_axp_lead&#038;utm_term=consumo&#038;utm_content=\",\"openBlank\":true,\"gaPosition\":\"meio\",\"gaCategory\":\"cta_form\",\"useCaptacaoLead\":true,\"dataUTM\":{\"utmMedium\":\"materia\",\"utmSource\":\"infomoney\",\"utmCampaign\":\"202305_rft_axp_lead\",\"utmTerm\":\"consumo\",\"utmContent\":\"\"}}'><\/div>\n<\/p><\/div>\n<\/div>\n<p>A montadora tamb&eacute;m vai parar por dez dias, a partir de 10 de julho, a f&aacute;brica de S&atilde;o Bernardo do Campo (onde s&atilde;o produzidos o Novo Virtus, o Novo Polo, o Nivus e a picape Saveiro). Os oper&aacute;rios dos dois turnos da planta no ABC paulista v&atilde;o entrar em f&eacute;rias coletivas.<\/p>\n<p>Em S&atilde;o Jos&eacute; dos Campos (SP), metal&uacute;rgicos da General Motors (GM) aprovaram&nbsp;<a href=\"https:\/\/www.infomoney.com.br\/consumo\/trabalhadores-da-gm-aprovam-layoff-em-sao-jose-dos-campos-vw-paralisa-producao-em-fabricas\/\" rel=\"nofollow noopener\" target=\"_blank\">acordo do sindicato com a montadora para suspender um turno da f&aacute;brica<\/a>, que produz a picape S10 e o utilit&aacute;rio esportivo TrailBlazer, por at&eacute; dez meses.<\/p>\n<p>At&eacute; 1,2 mil trabalhadores ter&atilde;o os contratos suspensos (<em>layoff<\/em>) enquanto o segundo turno estiver inativo. O sindicato da regi&atilde;o diz que h&aacute; um compromisso da empresa de preservar todos os empregos da f&aacute;brica durante o&nbsp;<em>layoff<\/em>&nbsp;&mdash; inclusive de quem n&atilde;o ter&aacute; o contrato suspenso.<\/p>\n<div class=\"infomoney-related-posts\">\n<h4>Leia tamb&eacute;m<\/h4>\n<div class=\"list\">\n<div class=\"row mx-0 item\">\n<div class=\"img-container\">\n<figure><img decoding=\"async\" class=\"img-fluid img-fluid\" src=\"https:\/\/www.infomoney.com.br\/wp-content\/uploads\/2019\/11\/shutterstock_630998141.jpg?quality=70&#038;w=150&#038;%23038;h=150&#038;%23038;crop=1&#038;%23038;strip=all\" data-recalc-dims=\"1\" alt=\"\" title=\"\"><\/figure>\n<\/div>\n<div class=\"info\"><span class=\"hl-hat\">Mesmo com subs&iacute;dio<\/span><span class=\"hl-title\"><a href=\"https:\/\/www.infomoney.com.br\/consumo\/trabalhadores-da-gm-aprovam-layoff-em-sao-jose-dos-campos-vw-paralisa-producao-em-fabricas\/\" rel=\"nofollow noopener\" target=\"_blank\">Trabalhadores da GM aprovam layoff em S&atilde;o Jos&eacute; dos Campos; VW paralisa produ&ccedil;&atilde;o em f&aacute;bricas<\/a><\/span><span class=\"hl-description\">Medidas ocorrem em meio ao programa de descontos patrocinados do governo federal para estimular a venda de carros &lsquo;populares&rsquo;<\/span><\/div>\n<\/div>\n<div class=\"row mx-0 item\">\n<div class=\"img-container\">\n<figure><img decoding=\"async\" class=\"img-fluid img-fluid\" src=\"https:\/\/www.infomoney.com.br\/wp-content\/uploads\/2021\/05\/volkswagen-taos-launching-edition-250tsi-2022-1.jpg?quality=70&#038;w=150&#038;%23038;h=150&#038;%23038;crop=1&#038;%23038;strip=all\" data-recalc-dims=\"1\" alt=\"\" title=\"\"><\/figure>\n<\/div>\n<div class=\"info\"><span class=\"hl-hat\">Mercado desaquecido<\/span><span class=\"hl-title\"><a href=\"https:\/\/www.infomoney.com.br\/consumo\/volkswagen-paralisa-producao-de-fabricas-por-falta-de-demanda-mesmo-com-descontos-para-carros-populares\/\" rel=\"nofollow noopener\" target=\"_blank\">VW paralisa produ&ccedil;&atilde;o de f&aacute;bricas mesmo com programa de descontos para carros &ldquo;populares&rdquo;<\/a><\/span><span class=\"hl-description\">Montadora parou unidades de Taubat&eacute; (SP) e de S&atilde;o Jos&eacute; dos Pinhais (PR) nesta semana e vai dar f&eacute;rias coletivas em S&atilde;o Bernardo em julho<\/span><\/div>\n<\/div>\n<\/div>\n<\/div>\n<h2>Descontos extras das montadoras<\/h2>\n<p><a href=\"https:\/\/www.infomoney.com.br\/consumo\/carros-com-desconto-governo-divulga-nova-lista-com-mais-versoes-montadoras-pedem-mais-dinheiro\/\" rel=\"nofollow noopener\" target=\"_blank\">As montadoras j&aacute; inscreveram 266 vers&otilde;es de 32 modelos no programa at&eacute; o momento<\/a>, segundo o MDIC, e est&atilde;o aproveitado para anunciar redu&ccedil;&otilde;es extras. Os &ldquo;descontos patrocinados&rdquo; pelo governo v&atilde;o de R$ 2 mil a R$ 8 mil por carro, para ve&iacute;culo de at&eacute; R$ 120 mil, e as empresas est&atilde;o aplicando descontos adicionais de at&eacute; R$ 15 mil.<\/p>\n<p>&Eacute; o caso da Jeep, que reduziu o pre&ccedil;o de duas vers&otilde;es do Renegade para entrar no programa e ganhou mais R$ 4 mil de subs&iacute;dio do governo (<a href=\"https:\/\/www.infomoney.com.br\/consumo\/jeep-renegade-suv-desconto-programa-carros-populares-governo-federal\/\" rel=\"nofollow noopener\" target=\"_blank\">com isso, o pre&ccedil;o da vers&atilde;o Sport caiu R$ 19 mil<\/a>).&nbsp;<a href=\"https:\/\/www.infomoney.com.br\/consumo\/carros-populares-montadoras-reduzem-precos-de-suvs-mais-caros-para-ganhar-subsidio-do-governo\/\" rel=\"nofollow noopener\" target=\"_blank\">Outras montadoras fizeram o mesmo com outros SUVs<\/a>, para se aproveitar do programa.<\/p>\n<p>As empresas est&atilde;o incluindo no programa&nbsp;<a href=\"https:\/\/www.infomoney.com.br\/consumo\/volkswagen-gol-esta-no-programa-de-descontos-para-carros-populares-mesmo-fora-de-fabricacao\/\" rel=\"nofollow noopener\" target=\"_blank\">at&eacute; modelos fora de fabrica&ccedil;&atilde;o, como o Volkswagen Gol<\/a>&nbsp;(que foi o carro mais vendido do pa&iacute;s em 27 dos 40 anos em que foi produzido), e&nbsp;<a href=\"https:\/\/www.infomoney.com.br\/consumo\/caoa-chery-nao-adere-a-programa-de-descontos-para-carros-populares-entenda\/\" rel=\"nofollow noopener\" target=\"_blank\">anunciando descontos em modelos que n&atilde;o fazem parte da medida, como a Caoa Chery, com o Tiggo 5X<\/a>, e a Fiat, com a Toro (ve&iacute;culos que custam mais que R$ 120 mil).<\/p>\n<p>Apesar de o MDIC dizer que 266 vers&otilde;es de 32 modelos fazem parte do programa de &ldquo;descontos patrocinados&rdquo;, o&nbsp;<strong>InfoMoney<\/strong>&nbsp;mostrou na semana passada que&nbsp;<a href=\"https:\/\/www.infomoney.com.br\/consumo\/carros-populares-com-desconto-governo-divulga-tabela-inflada-e-com-inconsistencias\/\" rel=\"nofollow noopener\" target=\"_blank\">a tabela do governo est&aacute; &ldquo;inflada&rdquo; e cheia de inconsist&ecirc;ncias &mdash; e que o n&uacute;mero real de vers&otilde;es &eacute; bastante inferior<\/a>: menos da metade do divulgado.<\/p>\n<p>*Com Ag&ecirc;ncia Brasil.<\/p>\n<div>\n<h2>R$ 420 milh&otilde;es em subs&iacute;dio<\/h2>\n<p>A Volkswagen &eacute; a segunda montadora com mais&nbsp;<a href=\"https:\/\/www.infomoney.com.br\/consumo\/carros-populares-montadoras-pedem-mais-dinheiro-e-restam-so-r-80-milhoes-para-programa-acabar\/\" rel=\"nofollow noopener\" target=\"_blank\">dinheiro liberado pelo governo federal (R$ 60 milh&otilde;es)<\/a>, atr&aacute;s apenas da FCA Fiat Chrysler, que inclui a Jeep e j&aacute; conseguiu R$ 170 milh&otilde;es em cr&eacute;ditos tribut&aacute;rios (ou 40% de todo o subs&iacute;dio concedido at&eacute; o momento).<\/p>\n<p>A Renault aparece em terceiro lugar, com R$ 50 milh&otilde;es, e na sequ&ecirc;ncia aparecem Peugeot\/Citro&euml;n e Hyundai (empatadas com R$ 40 milh&otilde;es cada uma). A General Motors &ndash; Chevrolet conseguiu &ldquo;apenas&rdquo; R$ 20 milh&otilde;es, assim como a Nissan. Na &ldquo;lanterna&rdquo; do programa est&atilde;o as outras duas japonesas, Honda e Toyota (com R$ 10 milh&otilde;es cada uma).<\/p>\n<p>O governo considera a Jeep como parte do grupo FCA Fiat Chrysler, junto com a Fiat, e a Peugeot e a Citro&euml;n como uma s&oacute; montadora. Mas as quatro empresas fazem parte do mesmo grupo automotivo: a&nbsp;<a href=\"https:\/\/www.infomoney.com.br\/tudo-sobre\/stellantis\/\" rel=\"nofollow noopener\" target=\"_blank\">Stellantis<\/a>. J&aacute; a General Motors (GM) do Brasil &eacute; a dona da marca Chevrolet.<\/p>\n<p>Ao todo, o Minist&eacute;rio do Desenvolvimento, Ind&uacute;stria, Com&eacute;rcio e Servi&ccedil;os (MDIC) j&aacute; liberou R$ 420 milh&otilde;es dos R$ 500 milh&otilde;es dispon&iacute;veis para carros, segundo o <a href=\"https:\/\/www.infomoney.com.br\/consumo\/carros-populares-desconto-subsidio-verba-extra-300-milhoes-haddad-governo\/\" rel=\"nofollow noopener\" target=\"_blank\">&uacute;ltimo balan&ccedil;o dispon&iacute;vel.<\/a> Os dados foram atualizados pela &uacute;ltima vez na manh&atilde; de sexta-feira (23).<\/p>\n<p>Para as outras categorias do programa, a verba liberada segue em R$ 140 milh&otilde;es para &ocirc;nibus (46% dos R$ 300 milh&otilde;es reservados &agrave; categoria) e R$ 100 milh&otilde;es para caminh&otilde;es (apenas 14% dos R$ 700 milh&otilde;es dispon&iacute;veis).<\/p>\n<\/div>\n<p>The post <a rel=\"nofollow noopener\" href=\"https:\/\/www.infomoney.com.br\/consumo\/lula-deve-assinar-nesta-sexta-mp-que-destinara-mais-r-300-milhoes-em-incentivos-para-carro-popular\/\" target=\"_blank\">Lula deve assinar nesta sexta MP que destinar\u00e1 mais R$ 300 milh\u00f5es em incentivos para carro &#8220;popular&#8221;<\/a> appeared first on <a rel=\"nofollow noopener\" href=\"https:\/\/www.infomoney.com.br\/\" target=\"_blank\">InfoMoney<\/a>.<\/p>\n","protected":false},"excerpt":{"rendered":"<p><img loading=\"lazy\" decoding=\"async\" width=\"300\" height=\"162\" src=\"https:\/\/www.infomoney.com.br\/wp-content\/uploads\/2019\/06\/carros-3.jpg?fit=300%2C162&amp;quality=70&amp;strip=all\" class=\"attachment-medium size-medium wp-post-image\" alt=\"\" data-attachment-id=\"50892\" data-permalink=\"https:\/\/www.infomoney.com.br\/carros-3\/\" data-orig-file=\"https:\/\/www.infomoney.com.br\/wp-content\/uploads\/2019\/06\/carros-3.jpg?fit=900%2C486&amp;quality=70&amp;strip=all\" data-orig-size=\"900,486\" data-comments-opened=\"1\" data-image-meta='{\"aperture\":\"0\",\"credit\":\"\",\"camera\":\"\",\"caption\":\"\",\"created_timestamp\":\"0\",\"copyright\":\"\",\"focal_length\":\"0\",\"iso\":\"0\",\"shutter_speed\":\"0\",\"title\":\"\",\"orientation\":\"0\"}' data-image-title=\"carros-3\" data-image-description=\"\" data-image-caption=\"\" data-medium-file=\"https:\/\/www.infomoney.com.br\/wp-content\/uploads\/2019\/06\/carros-3.jpg?fit=300%2C162&amp;quality=70&amp;strip=all\" data-large-file=\"https:\/\/www.infomoney.com.br\/wp-content\/uploads\/2019\/06\/carros-3.jpg?fit=900%2C486&amp;quality=70&amp;strip=all\">An\u00fancio foi feito por Geraldo Alckmin, durante visita ao Paran\u00e1; total de incentivos sobre para R$ 800 milh\u00f5es para carros <\/p>\n<p>The post <a rel=\"nofollow\" href=\"https:\/\/www.infomoney.com.br\/consumo\/lula-deve-assinar-nesta-sexta-mp-que-destinara-mais-r-300-milhoes-em-incentivos-para-carro-popular\/\">Lula deve assinar nesta sexta MP que destinar\u00e1 mais R$ 300 milh\u00f5es em incentivos para carro \u201cpopular\u201d<\/a> appeared first on <a rel=\"nofollow\" href=\"https:\/\/www.infomoney.com.br\/\">InfoMoney<\/a>.<\/p>\n","protected":false},"author":45,"featured_media":0,"comment_status":"closed","ping_status":"closed","sticky":false,"template":"","format":"standard","meta":{"advgb_blocks_editor_width":"","advgb_blocks_columns_visual_guide":"","footnotes":""},"categories":[2953,201,109,34,340,129,47],"tags":[35],"class_list":["post-23495","post","type-post","status-publish","format-standard","hentry","category-carros","category-consumo","category-fernando-haddad","category-g1","category-geraldo-alckmin","category-luiz-inacio-lula-da-silva","category-politica","tag-g1"],"author_meta":{"display_name":"Equipe InfoMoney","author_link":"https:\/\/sindaopcpb.org.br\/author\/equipe-infomoney\/"},"featured_img":null,"coauthors":[],"tax_additional":{"categories":{"linked":["<a href=\"https:\/\/sindaopcpb.org.br\/carros\/\" class=\"advgb-post-tax-term\">Carros<\/a>","<a href=\"https:\/\/sindaopcpb.org.br\/consumo\/\" class=\"advgb-post-tax-term\">Consumo<\/a>","<a href=\"https:\/\/sindaopcpb.org.br\/fernando-haddad\/\" class=\"advgb-post-tax-term\">FERNANDO HADDAD<\/a>","<a href=\"https:\/\/sindaopcpb.org.br\/g1\/\" class=\"advgb-post-tax-term\">G1<\/a>","<a href=\"https:\/\/sindaopcpb.org.br\/geraldo-alckmin\/\" class=\"advgb-post-tax-term\">Geraldo Alckmin<\/a>","<a href=\"https:\/\/sindaopcpb.org.br\/luiz-inacio-lula-da-silva\/\" class=\"advgb-post-tax-term\">Luiz In\u00e1cio Lula da Silva<\/a>","<a href=\"https:\/\/sindaopcpb.org.br\/politica\/\" class=\"advgb-post-tax-term\">POLITICA<\/a>"],"unlinked":["<span class=\"advgb-post-tax-term\">Carros<\/span>","<span class=\"advgb-post-tax-term\">Consumo<\/span>","<span class=\"advgb-post-tax-term\">FERNANDO HADDAD<\/span>","<span class=\"advgb-post-tax-term\">G1<\/span>","<span class=\"advgb-post-tax-term\">Geraldo Alckmin<\/span>","<span class=\"advgb-post-tax-term\">Luiz In\u00e1cio Lula da Silva<\/span>","<span class=\"advgb-post-tax-term\">POLITICA<\/span>"]},"tags":{"linked":["<a href=\"https:\/\/sindaopcpb.org.br\/politica\/\" class=\"advgb-post-tax-term\">g1<\/a>"],"unlinked":["<span class=\"advgb-post-tax-term\">g1<\/span>"]}},"comment_count":"0","relative_dates":{"created":"Publicado 3 anos atr\u00e1s","modified":"Atualizado 3 anos atr\u00e1s"},"absolute_dates":{"created":"Publicado em 30 de junho de 2023","modified":"Atualizado em 30 de junho de 2023"},"absolute_dates_time":{"created":"Publicado em 30 de junho de 2023 17:50","modified":"Atualizado em 30 de junho de 2023 17:50"},"featured_img_caption":"","series_order":"","_links":{"self":[{"href":"https:\/\/sindaopcpb.org.br\/index.php\/wp-json\/wp\/v2\/posts\/23495","targetHints":{"allow":["GET"]}}],"collection":[{"href":"https:\/\/sindaopcpb.org.br\/index.php\/wp-json\/wp\/v2\/posts"}],"about":[{"href":"https:\/\/sindaopcpb.org.br\/index.php\/wp-json\/wp\/v2\/types\/post"}],"author":[{"embeddable":true,"href":"https:\/\/sindaopcpb.org.br\/index.php\/wp-json\/wp\/v2\/users\/45"}],"replies":[{"embeddable":true,"href":"https:\/\/sindaopcpb.org.br\/index.php\/wp-json\/wp\/v2\/comments?post=23495"}],"version-history":[{"count":1,"href":"https:\/\/sindaopcpb.org.br\/index.php\/wp-json\/wp\/v2\/posts\/23495\/revisions"}],"predecessor-version":[{"id":23496,"href":"https:\/\/sindaopcpb.org.br\/index.php\/wp-json\/wp\/v2\/posts\/23495\/revisions\/23496"}],"wp:attachment":[{"href":"https:\/\/sindaopcpb.org.br\/index.php\/wp-json\/wp\/v2\/media?parent=23495"}],"wp:term":[{"taxonomy":"category","embeddable":true,"href":"https:\/\/sindaopcpb.org.br\/index.php\/wp-json\/wp\/v2\/categories?post=23495"},{"taxonomy":"post_tag","embeddable":true,"href":"https:\/\/sindaopcpb.org.br\/index.php\/wp-json\/wp\/v2\/tags?post=23495"}],"curies":[{"name":"wp","href":"https:\/\/api.w.org\/{rel}","templated":true}]}}