{"id":23489,"date":"2023-06-30T17:42:31","date_gmt":"2023-06-30T20:42:31","guid":{"rendered":"https:\/\/wpa.wscom.com.br\/?p=909282"},"modified":"2023-06-30T17:42:31","modified_gmt":"2023-06-30T20:42:31","slug":"direito-garantido-maternidade-frei-damiao-realiza-laqueadura-por-via-umbilical-pos-parto","status":"publish","type":"post","link":"https:\/\/sindaopcpb.org.br\/index.php\/2023\/06\/30\/direito-garantido-maternidade-frei-damiao-realiza-laqueadura-por-via-umbilical-pos-parto\/","title":{"rendered":"Direito Garantido: Maternidade Frei Dami\u00e3o realiza laqueadura por via umbilical p\u00f3s-parto"},"content":{"rendered":"<p>A Maternidade Frei Dami\u00e3o, que integra a rede hospitalar do estado em Jo\u00e3o Pessoa, realiza a laqueadura periumbilical p\u00f3s-parto. O procedimento ocorre, desde mar\u00e7o, quando entrou em vigor a lei 14.443\/2022. A cirurgia beneficia mulheres inseridas no planejamento familiar, que pretendem realizar a laqueadura no momento do parto e evoluem para parto normal. Nesses casos, ainda durante o per\u00edodo de internamento do p\u00f3s-parto imediato, a opera\u00e7\u00e3o \u00e9 realizada de maneira minimamente invasiva, atrav\u00e9s de uma incis\u00e3o umbilical.<\/p>\n<p>O procedimento \u00e9 realizado todos os dias, inclusive aos finais de semana. O diretor cl\u00ednico da maternidade, Eguimar Fernandes, explica que a laqueadura p\u00f3s-parto \u00e9 uma alternativa para contemplar as mulheres que foram beneficiadas com a lei 14.443\/2022. \u201cA nova lei da laqueadura permite que ela seja realizada no momento do parto em qualquer situa\u00e7\u00e3o, quando antes isso era autorizado em casos bem espec\u00edficos. Assim, quando a mulher evolui para um parto normal, conseguimos cumprir esse protocolo e realizar a laqueadura em at\u00e9 48h ap\u00f3s o parto. O procedimento \u00e9 menos invasivo, provoca menos complica\u00e7\u00f5es e a recupera\u00e7\u00e3o \u00e9 mais r\u00e1pida\u201d, explica.<\/p>\n<p>De acordo com a diretora-geral da Maternidade Frei Dami\u00e3o, Marcela T\u00e1rcia, a implanta\u00e7\u00e3o do servi\u00e7o \u00e9 uma conquista para as usu\u00e1rias do SUS paraibano. \u201c\u00c9 importante que a gente ofere\u00e7a, enquanto servi\u00e7o p\u00fablico, possibilidades para contemplar todas as pacientes, aproveitando o momento em que elas j\u00e1 est\u00e3o na maternidade. Muitas v\u00eam de outros munic\u00edpios e t\u00eam dificuldades com o transporte. Realizar esse procedimento no per\u00edodo de interna\u00e7\u00e3o p\u00f3s-parto facilita para elas e nos deixa com a sensa\u00e7\u00e3o de dever cumprido\u201d.<\/p>\n<p>Com a nova lei em vigor, as mulheres a partir de 21 anos j\u00e1 podem dar entrada no pedido de laqueadura e n\u00e3o \u00e9 necess\u00e1ria a anu\u00eancia do c\u00f4njuge. O que n\u00e3o mudou foi o prazo m\u00ednimo exigido entre a manifesta\u00e7\u00e3o formal da vontade e a cirurgia: a paciente precisa aguardar 60 dias, a partir do primeiro atendimento, para realizar a laqueadura.<\/p>\n<p>O post <a rel=\"nofollow noopener\" href=\"https:\/\/wscom.com.br\/direito-garantido-maternidade-frei-damiao-realiza-laqueadura-por-via-umbilical-pos-parto\/\" target=\"_blank\">Direito Garantido: Maternidade Frei Dami\u00e3o realiza laqueadura por via umbilical p\u00f3s-parto<\/a> apareceu primeiro em <a rel=\"nofollow noopener\" href=\"https:\/\/wscom.com.br\/\" target=\"_blank\">WSCOM<\/a>.<\/p>\n","protected":false},"excerpt":{"rendered":"<p>A Maternidade Frei Dami\u00e3o, que integra a rede hospitalar do estado em Jo\u00e3o Pessoa, realiza a laqueadura periumbilical p\u00f3s-parto. O procedimento ocorre, desde mar\u00e7o, quando entrou em vigor a lei 14.443\/2022. A cirurgia beneficia mulheres inseridas no planejamento familiar, que pretendem realizar a laqueadura no momento do parto e evoluem para parto normal. Nesses casos, [\u2026]<\/p>\n<p>O post <a rel=\"nofollow\" href=\"https:\/\/wscom.com.br\/direito-garantido-maternidade-frei-damiao-realiza-laqueadura-por-via-umbilical-pos-parto\/\">Direito Garantido: Maternidade Frei Dami\u00e3o realiza laqueadura por via umbilical p\u00f3s-parto<\/a> apareceu primeiro em <a rel=\"nofollow\" href=\"https:\/\/wscom.com.br\/\">WSCOM<\/a>.<\/p>\n","protected":false},"author":49,"featured_media":0,"comment_status":"closed","ping_status":"closed","sticky":false,"template":"","format":"standard","meta":{"advgb_blocks_editor_width":"","advgb_blocks_columns_visual_guide":"","footnotes":""},"categories":[34,5625,5626,5627,5628,90],"tags":[35],"class_list":["post-23489","post","type-post","status-publish","format-standard","hentry","category-g1","category-laqueadura-via-umbilical","category-lei-14-443-2022","category-maternidade-frei-damiao","category-pos-parto","category-saude","tag-g1"],"author_meta":{"display_name":"Cristiane Cavalcante","author_link":"https:\/\/sindaopcpb.org.br\/author\/cristiane-cavalcante\/"},"featured_img":null,"coauthors":[],"tax_additional":{"categories":{"linked":["<a href=\"https:\/\/sindaopcpb.org.br\/g1\/\" class=\"advgb-post-tax-term\">G1<\/a>","<a href=\"https:\/\/sindaopcpb.org.br\/laqueadura-via-umbilical\/\" class=\"advgb-post-tax-term\">laqueadura via umbilical<\/a>","<a href=\"https:\/\/sindaopcpb.org.br\/lei-14-443-2022\/\" class=\"advgb-post-tax-term\">lei 14.443\/2022<\/a>","<a href=\"https:\/\/sindaopcpb.org.br\/maternidade-frei-damiao\/\" class=\"advgb-post-tax-term\">MATERNIDADE FREI DAMI\u00c3O<\/a>","<a href=\"https:\/\/sindaopcpb.org.br\/pos-parto\/\" class=\"advgb-post-tax-term\">p\u00f3s-parto<\/a>","<a href=\"https:\/\/sindaopcpb.org.br\/saude\/\" class=\"advgb-post-tax-term\">Sa\u00fade<\/a>"],"unlinked":["<span class=\"advgb-post-tax-term\">G1<\/span>","<span class=\"advgb-post-tax-term\">laqueadura via umbilical<\/span>","<span class=\"advgb-post-tax-term\">lei 14.443\/2022<\/span>","<span class=\"advgb-post-tax-term\">MATERNIDADE FREI DAMI\u00c3O<\/span>","<span class=\"advgb-post-tax-term\">p\u00f3s-parto<\/span>","<span class=\"advgb-post-tax-term\">Sa\u00fade<\/span>"]},"tags":{"linked":["<a href=\"https:\/\/sindaopcpb.org.br\/saude\/\" class=\"advgb-post-tax-term\">g1<\/a>"],"unlinked":["<span class=\"advgb-post-tax-term\">g1<\/span>"]}},"comment_count":"0","relative_dates":{"created":"Publicado 3 anos atr\u00e1s","modified":"Atualizado 3 anos atr\u00e1s"},"absolute_dates":{"created":"Publicado em 30 de junho de 2023","modified":"Atualizado em 30 de junho de 2023"},"absolute_dates_time":{"created":"Publicado em 30 de junho de 2023 17:42","modified":"Atualizado em 30 de junho de 2023 17:42"},"featured_img_caption":"","series_order":"","_links":{"self":[{"href":"https:\/\/sindaopcpb.org.br\/index.php\/wp-json\/wp\/v2\/posts\/23489","targetHints":{"allow":["GET"]}}],"collection":[{"href":"https:\/\/sindaopcpb.org.br\/index.php\/wp-json\/wp\/v2\/posts"}],"about":[{"href":"https:\/\/sindaopcpb.org.br\/index.php\/wp-json\/wp\/v2\/types\/post"}],"author":[{"embeddable":true,"href":"https:\/\/sindaopcpb.org.br\/index.php\/wp-json\/wp\/v2\/users\/49"}],"replies":[{"embeddable":true,"href":"https:\/\/sindaopcpb.org.br\/index.php\/wp-json\/wp\/v2\/comments?post=23489"}],"version-history":[{"count":1,"href":"https:\/\/sindaopcpb.org.br\/index.php\/wp-json\/wp\/v2\/posts\/23489\/revisions"}],"predecessor-version":[{"id":23490,"href":"https:\/\/sindaopcpb.org.br\/index.php\/wp-json\/wp\/v2\/posts\/23489\/revisions\/23490"}],"wp:attachment":[{"href":"https:\/\/sindaopcpb.org.br\/index.php\/wp-json\/wp\/v2\/media?parent=23489"}],"wp:term":[{"taxonomy":"category","embeddable":true,"href":"https:\/\/sindaopcpb.org.br\/index.php\/wp-json\/wp\/v2\/categories?post=23489"},{"taxonomy":"post_tag","embeddable":true,"href":"https:\/\/sindaopcpb.org.br\/index.php\/wp-json\/wp\/v2\/tags?post=23489"}],"curies":[{"name":"wp","href":"https:\/\/api.w.org\/{rel}","templated":true}]}}