{"id":23470,"date":"2023-06-30T15:33:46","date_gmt":"2023-06-30T18:33:46","guid":{"rendered":"https:\/\/wpa.wscom.com.br\/?p=909261"},"modified":"2023-06-30T15:33:46","modified_gmt":"2023-06-30T18:33:46","slug":"grupo-pe-de-choro-apresenta-mistura-de-ritmos-no-sabadinho-bom","status":"publish","type":"post","link":"https:\/\/sindaopcpb.org.br\/index.php\/2023\/06\/30\/grupo-pe-de-choro-apresenta-mistura-de-ritmos-no-sabadinho-bom\/","title":{"rendered":"Grupo P\u00e9 de Choro apresenta mistura de ritmos no Sabadinho Bom"},"content":{"rendered":"<p>O Grupo P\u00e9 de Choro \u00e9 a atra\u00e7\u00e3o deste final de semana no projeto Sabadinho Bom e vai apresentar uma mistura de ritmos, envolvendo, entre outros, samba, xote, maxixe e, claro, choro.\u00a0 Realizado pela Prefeitura de Jo\u00e3o Pessoa, por meio da sua Funda\u00e7\u00e3o Cultural (Funjope), o evento acontece na Pra\u00e7a Rio Branco, Centro da cidade, a partir do meio-dia.<\/p>\n<p>\u201cContinuamos com essa forte presen\u00e7a do Sabadinho Bom, um evento marcante nas tardes de s\u00e1bado da cidade, que agrega um valor art\u00edstico, cultural para o morador de Jo\u00e3o Pessoa, para o visitante, mas, sobretudo, tamb\u00e9m \u00e9 uma a\u00e7\u00e3o que abre espa\u00e7o para uma economia criativa por conta da mobiliza\u00e7\u00e3o que faz em torno do com\u00e9rcio ambulante local. E n\u00f3s conseguimos manter o Centro Hist\u00f3rico com uma atividade permanente, din\u00e2mica, que faz as pessoas circularem e tamb\u00e9m a economia\u201d, declarou o diretor executivo da Funjope, Marcus Alves.<\/p>\n<p>O grupo vai apresentar um repert\u00f3rio todo instrumental, com cl\u00e1ssicos do choro, al\u00e9m de obras mais contempor\u00e2neas e autorais. Ser\u00e3o m\u00fasicas animadas e dan\u00e7antes, mas o repert\u00f3rio tamb\u00e9m ser\u00e1 marcado pela expressividade das obras apresentadas e pelos ricos detalhes interpretativos das composi\u00e7\u00f5es e dos ritmos que fazem parte da roda de choro: samba, maxixe, choro, xote, bai\u00e3o.<\/p>\n<p>A apresenta\u00e7\u00e3o deste s\u00e1bado vai mesclar composi\u00e7\u00f5es de seus integrantes e de m\u00fasicos parceiros paraibanos, com composi\u00e7\u00f5es cl\u00e1ssicas de grandes mestres do choro como \u2018Noites Carioca\u2019, de Jacob do Bandolim, \u20181X0\u2019, de Pixinguinha, assim como personagens nordestinas importantes da m\u00fasica brasileira como Sivuca e Luiz Gonzaga.<\/p>\n<p>Os m\u00fasicos que comp\u00f5em a banda s\u00e3o Eduardo Fiorussi no bandolim; Heleno Feitosa \u2018Costinha\u2019 no saxofone; Luis Umberto no viol\u00e3o de 7 cordas; Jader Finamore no cavaquinho; Mariana Rampazzo e Chico Santana na percuss\u00e3o.<\/p>\n<figure class=\"wp-block-gallery has-nested-images columns-default is-cropped wp-block-gallery-1 is-layout-flex\">\n<figure class=\"wp-block-image size-large\"><img decoding=\"async\" loading=\"lazy\" class=\"wp-image-316665\" src=\"https:\/\/www.joaopessoa.pb.gov.br\/wp-content\/uploads\/2023\/06\/IMG-20230609-WA0055-1024x682.jpg\" sizes=\"auto, (max-width: 1024px) 100vw, 1024px\" srcset=\"https:\/\/www.joaopessoa.pb.gov.br\/wp-content\/uploads\/2023\/06\/IMG-20230609-WA0055-1024x682.jpg 1024w, https:\/\/www.joaopessoa.pb.gov.br\/wp-content\/uploads\/2023\/06\/IMG-20230609-WA0055-768x512.jpg 768w, https:\/\/www.joaopessoa.pb.gov.br\/wp-content\/uploads\/2023\/06\/IMG-20230609-WA0055-1536x1023.jpg 1536w, https:\/\/www.joaopessoa.pb.gov.br\/wp-content\/uploads\/2023\/06\/IMG-20230609-WA0055-600x400.jpg 600w, https:\/\/www.joaopessoa.pb.gov.br\/wp-content\/uploads\/2023\/06\/IMG-20230609-WA0055.jpg 1600w\" alt=\"\" width=\"1024\" height=\"682\" data-id=\"316665\" title=\"\"><\/figure>\n<figure class=\"wp-block-image size-large\"><img decoding=\"async\" loading=\"lazy\" class=\"wp-image-316663\" src=\"https:\/\/www.joaopessoa.pb.gov.br\/wp-content\/uploads\/2023\/06\/IMG-20230609-WA0044-1024x682.jpg\" sizes=\"auto, (max-width: 1024px) 100vw, 1024px\" srcset=\"https:\/\/www.joaopessoa.pb.gov.br\/wp-content\/uploads\/2023\/06\/IMG-20230609-WA0044-1024x682.jpg 1024w, https:\/\/www.joaopessoa.pb.gov.br\/wp-content\/uploads\/2023\/06\/IMG-20230609-WA0044-768x512.jpg 768w, https:\/\/www.joaopessoa.pb.gov.br\/wp-content\/uploads\/2023\/06\/IMG-20230609-WA0044-1536x1023.jpg 1536w, https:\/\/www.joaopessoa.pb.gov.br\/wp-content\/uploads\/2023\/06\/IMG-20230609-WA0044-600x400.jpg 600w, https:\/\/www.joaopessoa.pb.gov.br\/wp-content\/uploads\/2023\/06\/IMG-20230609-WA0044.jpg 1600w\" alt=\"\" width=\"1024\" height=\"682\" data-id=\"316663\" title=\"\"><\/figure>\n<figure class=\"wp-block-image size-large\"><img decoding=\"async\" loading=\"lazy\" class=\"wp-image-316664\" src=\"https:\/\/www.joaopessoa.pb.gov.br\/wp-content\/uploads\/2023\/06\/IMG-20230609-WA0049-1024x682.jpg\" sizes=\"auto, (max-width: 1024px) 100vw, 1024px\" srcset=\"https:\/\/www.joaopessoa.pb.gov.br\/wp-content\/uploads\/2023\/06\/IMG-20230609-WA0049-1024x682.jpg 1024w, https:\/\/www.joaopessoa.pb.gov.br\/wp-content\/uploads\/2023\/06\/IMG-20230609-WA0049-768x512.jpg 768w, https:\/\/www.joaopessoa.pb.gov.br\/wp-content\/uploads\/2023\/06\/IMG-20230609-WA0049-1536x1023.jpg 1536w, https:\/\/www.joaopessoa.pb.gov.br\/wp-content\/uploads\/2023\/06\/IMG-20230609-WA0049-600x400.jpg 600w, https:\/\/www.joaopessoa.pb.gov.br\/wp-content\/uploads\/2023\/06\/IMG-20230609-WA0049.jpg 1600w\" alt=\"\" width=\"1024\" height=\"682\" data-id=\"316664\" title=\"\"><\/figure>\n<\/figure>\n<p>Mariana Rampazzo diz que o Sabadinho Bom \u00e9 um projeto muito importante para a cena cultural da cidade, que abre espa\u00e7o para artistas locais levarem seus trabalhos a um p\u00fablico que est\u00e1 l\u00e1 para este fim, ouvir m\u00fasica, dan\u00e7ar. \u201c\u00c9 um espa\u00e7o de encontro e sociabiliza\u00e7\u00e3o. O fato de ser no Centro da cidade, aberto e gratuito torna o ambiente muito democr\u00e1tico e acolhedor\u201d, avalia.<\/p>\n<p>Ela afirma que a banda espera oferecer um show com a qualidade que o p\u00fablico do Sabadinho Bom merece. \u201cVenham todos prestigiar o Grupo P\u00e9 de Choro neste s\u00e1bado. Estamos preparando um repert\u00f3rio de primeira com grandes nomes da m\u00fasica brasileira para esta tarde de muito choro\u201d, convida.<\/p>\n<p>O post <a rel=\"nofollow noopener\" href=\"https:\/\/wscom.com.br\/grupo-pe-de-choro-apresenta-mistura-de-ritmos-no-sabadinho-bom\/\" target=\"_blank\">Grupo P\u00e9 de Choro apresenta mistura de ritmos no Sabadinho Bom<\/a> apareceu primeiro em <a rel=\"nofollow noopener\" href=\"https:\/\/wscom.com.br\/\" target=\"_blank\">WSCOM<\/a>.<\/p>\n","protected":false},"excerpt":{"rendered":"<p>O Grupo P\u00e9 de Choro \u00e9 a atra\u00e7\u00e3o deste final de semana no projeto Sabadinho Bom e vai apresentar uma mistura de ritmos, envolvendo, entre outros, samba, xote, maxixe e, claro, choro.\u00a0 Realizado pela Prefeitura de Jo\u00e3o Pessoa, por meio da sua Funda\u00e7\u00e3o Cultural (Funjope), o evento acontece na Pra\u00e7a Rio Branco, Centro da cidade, [\u2026]<\/p>\n<p>O post <a rel=\"nofollow\" href=\"https:\/\/wscom.com.br\/grupo-pe-de-choro-apresenta-mistura-de-ritmos-no-sabadinho-bom\/\">Grupo P\u00e9 de Choro apresenta mistura de ritmos no Sabadinho Bom<\/a> apareceu primeiro em <a rel=\"nofollow\" href=\"https:\/\/wscom.com.br\/\">WSCOM<\/a>.<\/p>\n","protected":false},"author":49,"featured_media":0,"comment_status":"closed","ping_status":"closed","sticky":false,"template":"","format":"standard","meta":{"advgb_blocks_editor_width":"","advgb_blocks_columns_visual_guide":"","footnotes":""},"categories":[170,34,5624,71,302,1424,865],"tags":[35],"class_list":["post-23470","post","type-post","status-publish","format-standard","hentry","category-cultura","category-g1","category-grupo-pe-de-choro","category-joao-pessoa","category-musica","category-praca-rio-branco","category-sabadinho-bom","tag-g1"],"author_meta":{"display_name":"Cristiane Cavalcante","author_link":"https:\/\/sindaopcpb.org.br\/author\/cristiane-cavalcante\/"},"featured_img":null,"coauthors":[],"tax_additional":{"categories":{"linked":["<a href=\"https:\/\/sindaopcpb.org.br\/cultura\/\" class=\"advgb-post-tax-term\">Cultura<\/a>","<a href=\"https:\/\/sindaopcpb.org.br\/g1\/\" class=\"advgb-post-tax-term\">G1<\/a>","<a href=\"https:\/\/sindaopcpb.org.br\/grupo-pe-de-choro\/\" class=\"advgb-post-tax-term\">Grupo P\u00e9 de Choro<\/a>","<a href=\"https:\/\/sindaopcpb.org.br\/joao-pessoa\/\" class=\"advgb-post-tax-term\">Jo\u00e3o Pessoa<\/a>","<a href=\"https:\/\/sindaopcpb.org.br\/musica\/\" class=\"advgb-post-tax-term\">M\u00fasica<\/a>","<a href=\"https:\/\/sindaopcpb.org.br\/praca-rio-branco\/\" class=\"advgb-post-tax-term\">pra\u00e7a rio branco<\/a>","<a href=\"https:\/\/sindaopcpb.org.br\/sabadinho-bom\/\" class=\"advgb-post-tax-term\">sabadinho bom<\/a>"],"unlinked":["<span class=\"advgb-post-tax-term\">Cultura<\/span>","<span class=\"advgb-post-tax-term\">G1<\/span>","<span class=\"advgb-post-tax-term\">Grupo P\u00e9 de Choro<\/span>","<span class=\"advgb-post-tax-term\">Jo\u00e3o Pessoa<\/span>","<span class=\"advgb-post-tax-term\">M\u00fasica<\/span>","<span class=\"advgb-post-tax-term\">pra\u00e7a rio branco<\/span>","<span class=\"advgb-post-tax-term\">sabadinho bom<\/span>"]},"tags":{"linked":["<a href=\"https:\/\/sindaopcpb.org.br\/sabadinho-bom\/\" class=\"advgb-post-tax-term\">g1<\/a>"],"unlinked":["<span class=\"advgb-post-tax-term\">g1<\/span>"]}},"comment_count":"0","relative_dates":{"created":"Publicado 3 anos atr\u00e1s","modified":"Atualizado 3 anos atr\u00e1s"},"absolute_dates":{"created":"Publicado em 30 de junho de 2023","modified":"Atualizado em 30 de junho de 2023"},"absolute_dates_time":{"created":"Publicado em 30 de junho de 2023 15:33","modified":"Atualizado em 30 de junho de 2023 15:33"},"featured_img_caption":"","series_order":"","_links":{"self":[{"href":"https:\/\/sindaopcpb.org.br\/index.php\/wp-json\/wp\/v2\/posts\/23470","targetHints":{"allow":["GET"]}}],"collection":[{"href":"https:\/\/sindaopcpb.org.br\/index.php\/wp-json\/wp\/v2\/posts"}],"about":[{"href":"https:\/\/sindaopcpb.org.br\/index.php\/wp-json\/wp\/v2\/types\/post"}],"author":[{"embeddable":true,"href":"https:\/\/sindaopcpb.org.br\/index.php\/wp-json\/wp\/v2\/users\/49"}],"replies":[{"embeddable":true,"href":"https:\/\/sindaopcpb.org.br\/index.php\/wp-json\/wp\/v2\/comments?post=23470"}],"version-history":[{"count":1,"href":"https:\/\/sindaopcpb.org.br\/index.php\/wp-json\/wp\/v2\/posts\/23470\/revisions"}],"predecessor-version":[{"id":23471,"href":"https:\/\/sindaopcpb.org.br\/index.php\/wp-json\/wp\/v2\/posts\/23470\/revisions\/23471"}],"wp:attachment":[{"href":"https:\/\/sindaopcpb.org.br\/index.php\/wp-json\/wp\/v2\/media?parent=23470"}],"wp:term":[{"taxonomy":"category","embeddable":true,"href":"https:\/\/sindaopcpb.org.br\/index.php\/wp-json\/wp\/v2\/categories?post=23470"},{"taxonomy":"post_tag","embeddable":true,"href":"https:\/\/sindaopcpb.org.br\/index.php\/wp-json\/wp\/v2\/tags?post=23470"}],"curies":[{"name":"wp","href":"https:\/\/api.w.org\/{rel}","templated":true}]}}