{"id":23460,"date":"2023-06-30T16:36:55","date_gmt":"2023-06-30T19:36:55","guid":{"rendered":"https:\/\/wpa.wscom.com.br\/?p=909276"},"modified":"2023-06-30T16:36:55","modified_gmt":"2023-06-30T19:36:55","slug":"defesa-de-bolsonaro-avalia-recorrer-no-supremo-contra-decisao-de-inelegibilidade-do-tse","status":"publish","type":"post","link":"https:\/\/sindaopcpb.org.br\/index.php\/2023\/06\/30\/defesa-de-bolsonaro-avalia-recorrer-no-supremo-contra-decisao-de-inelegibilidade-do-tse\/","title":{"rendered":"Defesa de Bolsonaro avalia recorrer no Supremo contra decis\u00e3o de inelegibilidade do TSE"},"content":{"rendered":"<p>O advogado Tarc\u00edsio Vieira de Carvalho, representante do ex-presidente Jair Bolsonaro, disse nesta sexta-feira (30) que avalia recorrer da decis\u00e3o do Tribunal Superior Eleitoral (TSE) que condenou o ex-presidente \u00e0 inelegibilidade por oito anos.<\/p>\n<p>Ap\u00f3s a proclama\u00e7\u00e3o do resultado do julgamento, Carvalho disse que vai aguardar a publica\u00e7\u00e3o do ac\u00f3rd\u00e3o, documento que re\u00fane os votos proferidos por todos os ministros, para entrar com recurso no Supremo Tribunal Federal (STF).<\/p>\n<p>\u201cA defesa recebe com profundo respeito a decis\u00e3o do tribunal e aguarda a publica\u00e7\u00e3o oficial dos votos para verificar qual a estrat\u00e9gia, inclusive recorrer ao STF\u201d, afirmou.<\/p>\n<p>Mais cedo, o TSE, por 5 votos a 2, condenou o ex-presidente. Conforme a maioria dos ministros, Bolsonaro cometeu abuso de poder pol\u00edtico e uso indevido dos meios de comunica\u00e7\u00e3o ao promover reuni\u00e3o realizada com embaixadores, em julho do ano passado, no Pal\u00e1cio da Alvorada, para atacar o sistema eletr\u00f4nico de vota\u00e7\u00e3o.<\/p>\n<p>Tr\u00eas dos sete ministros do TSE tamb\u00e9m fazem parte do STF e podem participar do julgamento do eventual recurso.<\/p>\n<p>Pelas regras internas da Corte, os ministros que atuam no tribunal eleitoral n\u00e3o ficam impedidos automaticamente de julgar quest\u00f5es constitucionais em processos oriundos do TSE.<\/p>\n<p>O post <a rel=\"nofollow noopener\" href=\"https:\/\/wscom.com.br\/defesa-de-bolsonaro-avalia-recorrer-no-supremo-contra-decisao-de-inelegibilidade-do-tse\/\" target=\"_blank\">Defesa de Bolsonaro avalia recorrer no Supremo contra decis\u00e3o de inelegibilidade do TSE<\/a> apareceu primeiro em <a rel=\"nofollow noopener\" href=\"https:\/\/wscom.com.br\/\" target=\"_blank\">WSCOM<\/a>.<\/p>\n","protected":false},"excerpt":{"rendered":"<p>O advogado Tarc\u00edsio Vieira de Carvalho, representante do ex-presidente Jair Bolsonaro, disse nesta sexta-feira (30) que avalia recorrer da decis\u00e3o do Tribunal Superior Eleitoral (TSE) que condenou o ex-presidente \u00e0 inelegibilidade por oito anos. Ap\u00f3s a proclama\u00e7\u00e3o do resultado do julgamento, Carvalho disse que vai aguardar a publica\u00e7\u00e3o do ac\u00f3rd\u00e3o, documento que re\u00fane os votos [\u2026]<\/p>\n<p>O post <a rel=\"nofollow\" href=\"https:\/\/wscom.com.br\/defesa-de-bolsonaro-avalia-recorrer-no-supremo-contra-decisao-de-inelegibilidade-do-tse\/\">Defesa de Bolsonaro avalia recorrer no Supremo contra decis\u00e3o de inelegibilidade do TSE<\/a> apareceu primeiro em <a rel=\"nofollow\" href=\"https:\/\/wscom.com.br\/\">WSCOM<\/a>.<\/p>\n","protected":false},"author":49,"featured_media":0,"comment_status":"closed","ping_status":"closed","sticky":false,"template":"","format":"standard","meta":{"advgb_blocks_editor_width":"","advgb_blocks_columns_visual_guide":"","footnotes":""},"categories":[509,34,4232,135,278,449,464],"tags":[35],"class_list":["post-23460","post","type-post","status-publish","format-standard","hentry","category-bolsonaro","category-g1","category-inelegibilidade","category-jair-bolsonaro","category-justica","category-stf","category-tse","tag-g1"],"author_meta":{"display_name":"Cristiane Cavalcante","author_link":"https:\/\/sindaopcpb.org.br\/author\/cristiane-cavalcante\/"},"featured_img":null,"coauthors":[],"tax_additional":{"categories":{"linked":["<a href=\"https:\/\/sindaopcpb.org.br\/bolsonaro\/\" class=\"advgb-post-tax-term\">bolsonaro<\/a>","<a href=\"https:\/\/sindaopcpb.org.br\/g1\/\" class=\"advgb-post-tax-term\">G1<\/a>","<a href=\"https:\/\/sindaopcpb.org.br\/inelegibilidade\/\" class=\"advgb-post-tax-term\">inelegibilidade<\/a>","<a href=\"https:\/\/sindaopcpb.org.br\/jair-bolsonaro\/\" class=\"advgb-post-tax-term\">Jair Bolsonaro<\/a>","<a href=\"https:\/\/sindaopcpb.org.br\/justica\/\" class=\"advgb-post-tax-term\">Justi\u00e7a<\/a>","<a href=\"https:\/\/sindaopcpb.org.br\/stf\/\" class=\"advgb-post-tax-term\">STF<\/a>","<a href=\"https:\/\/sindaopcpb.org.br\/tse\/\" class=\"advgb-post-tax-term\">TSE<\/a>"],"unlinked":["<span class=\"advgb-post-tax-term\">bolsonaro<\/span>","<span class=\"advgb-post-tax-term\">G1<\/span>","<span class=\"advgb-post-tax-term\">inelegibilidade<\/span>","<span class=\"advgb-post-tax-term\">Jair Bolsonaro<\/span>","<span class=\"advgb-post-tax-term\">Justi\u00e7a<\/span>","<span class=\"advgb-post-tax-term\">STF<\/span>","<span class=\"advgb-post-tax-term\">TSE<\/span>"]},"tags":{"linked":["<a href=\"https:\/\/sindaopcpb.org.br\/tse\/\" class=\"advgb-post-tax-term\">g1<\/a>"],"unlinked":["<span class=\"advgb-post-tax-term\">g1<\/span>"]}},"comment_count":"0","relative_dates":{"created":"Publicado 3 anos atr\u00e1s","modified":"Atualizado 3 anos atr\u00e1s"},"absolute_dates":{"created":"Publicado em 30 de junho de 2023","modified":"Atualizado em 30 de junho de 2023"},"absolute_dates_time":{"created":"Publicado em 30 de junho de 2023 16:36","modified":"Atualizado em 30 de junho de 2023 16:36"},"featured_img_caption":"","series_order":"","_links":{"self":[{"href":"https:\/\/sindaopcpb.org.br\/index.php\/wp-json\/wp\/v2\/posts\/23460","targetHints":{"allow":["GET"]}}],"collection":[{"href":"https:\/\/sindaopcpb.org.br\/index.php\/wp-json\/wp\/v2\/posts"}],"about":[{"href":"https:\/\/sindaopcpb.org.br\/index.php\/wp-json\/wp\/v2\/types\/post"}],"author":[{"embeddable":true,"href":"https:\/\/sindaopcpb.org.br\/index.php\/wp-json\/wp\/v2\/users\/49"}],"replies":[{"embeddable":true,"href":"https:\/\/sindaopcpb.org.br\/index.php\/wp-json\/wp\/v2\/comments?post=23460"}],"version-history":[{"count":1,"href":"https:\/\/sindaopcpb.org.br\/index.php\/wp-json\/wp\/v2\/posts\/23460\/revisions"}],"predecessor-version":[{"id":23461,"href":"https:\/\/sindaopcpb.org.br\/index.php\/wp-json\/wp\/v2\/posts\/23460\/revisions\/23461"}],"wp:attachment":[{"href":"https:\/\/sindaopcpb.org.br\/index.php\/wp-json\/wp\/v2\/media?parent=23460"}],"wp:term":[{"taxonomy":"category","embeddable":true,"href":"https:\/\/sindaopcpb.org.br\/index.php\/wp-json\/wp\/v2\/categories?post=23460"},{"taxonomy":"post_tag","embeddable":true,"href":"https:\/\/sindaopcpb.org.br\/index.php\/wp-json\/wp\/v2\/tags?post=23460"}],"curies":[{"name":"wp","href":"https:\/\/api.w.org\/{rel}","templated":true}]}}