{"id":23453,"date":"2023-06-30T14:27:16","date_gmt":"2023-06-30T17:27:16","guid":{"rendered":"https:\/\/wpa.wscom.com.br\/?p=909228"},"modified":"2023-06-30T14:27:16","modified_gmt":"2023-06-30T17:27:16","slug":"hugo-motta-fala-sobre-filiacao-de-romero-ao-republicanos-para-disputar-a-pmcg-ele-precisa-se-resolver-com-o-seu-grupo","status":"publish","type":"post","link":"https:\/\/sindaopcpb.org.br\/index.php\/2023\/06\/30\/hugo-motta-fala-sobre-filiacao-de-romero-ao-republicanos-para-disputar-a-pmcg-ele-precisa-se-resolver-com-o-seu-grupo\/","title":{"rendered":"Hugo Motta fala sobre filia\u00e7\u00e3o de Romero ao Republicanos para disputar a PMCG: \u201cEle precisa se resolver com o seu grupo\u201d"},"content":{"rendered":"<p>O presidente estadual e vice-presidente nacional do Republicanos, deputado federal Hugo Motta, fez declara\u00e7\u00f5es a respeito da poss\u00edvel filia\u00e7\u00e3o do tamb\u00e9m deputado federal Romero Rodrigues (Podemos), ao partido visando concorrer \u00e0 Prefeitura de Campina Grande.<\/p>\n<p>Durante uma entrevista concedida \u00e0 R\u00e1dio Arapuan FM nesta sexta-feira (30), Hugo Motta foi questionado sobre a possibilidade de filia\u00e7\u00e3o do ex-prefeito da cidade, e ressaltou a boa rela\u00e7\u00e3o existente entre o grupo de Galdino e Romero, deixando claro que a decis\u00e3o cabe unicamente ao parlamentar.<\/p>\n<p>&#8220;Essa \u00e9 uma decis\u00e3o muito mais dele do que do Republicanos. Primeiro ele precisa se resolver com rela\u00e7\u00e3o ao grupo pol\u00edtico ao qual faz parte. O nosso partido, atrav\u00e9s do presidente Adriano Galdino [da ALPB], do pr\u00f3prio deputado Murilo Galdino t\u00eam conversado constantemente com Romero, porque eles j\u00e1 t\u00eam uma rela\u00e7\u00e3o muito boa e antiga que ultrapassa as barreiras partid\u00e1rias, e esse \u00e9 um processo que est\u00e1 sendo desenvolvido naturalmente&#8221;, afirmou Motta.<\/p>\n<p>Motta informou ainda que a reuni\u00e3o do partido, na qual o deputado federal Murilo Galdino ser\u00e1 empossado como membro do diret\u00f3rio de Campina Grande, est\u00e1 programada para ocorrer em meados de julho, e contar\u00e1 com a presen\u00e7a de Romero Rodrigues, al\u00e9m de lideran\u00e7as pol\u00edticas de outras legendas com as quais o Republicanos mant\u00eam uma boa rela\u00e7\u00e3o.<\/p>\n<p>O post <a rel=\"nofollow noopener\" href=\"https:\/\/wscom.com.br\/hugo-motta-fala-sobre-filiacao-de-romero-ao-republicanos-para-disputar-a-pmcg-ele-precisa-se-resolver-com-o-seu-grupo\/\" target=\"_blank\">Hugo Motta fala sobre filia\u00e7\u00e3o de Romero ao Republicanos para disputar a PMCG: &#8220;Ele precisa se resolver com o seu grupo&#8221;<\/a> apareceu primeiro em <a rel=\"nofollow noopener\" href=\"https:\/\/wscom.com.br\/\" target=\"_blank\">WSCOM<\/a>.<\/p>\n","protected":false},"excerpt":{"rendered":"<p>O presidente estadual e vice-presidente nacional do Republicanos, deputado federal Hugo Motta, fez declara\u00e7\u00f5es a respeito da poss\u00edvel filia\u00e7\u00e3o do tamb\u00e9m deputado federal Romero Rodrigues (Podemos), ao partido visando concorrer \u00e0 Prefeitura de Campina Grande. Durante uma entrevista concedida \u00e0 R\u00e1dio Arapuan FM nesta sexta-feira (30), Hugo Motta foi questionado sobre a possibilidade de filia\u00e7\u00e3o [\u2026]<\/p>\n<p>O post <a rel=\"nofollow\" href=\"https:\/\/wscom.com.br\/hugo-motta-fala-sobre-filiacao-de-romero-ao-republicanos-para-disputar-a-pmcg-ele-precisa-se-resolver-com-o-seu-grupo\/\">Hugo Motta fala sobre filia\u00e7\u00e3o de Romero ao Republicanos para disputar a PMCG: \u201cEle precisa se resolver com o seu grupo\u201d<\/a> apareceu primeiro em <a rel=\"nofollow\" href=\"https:\/\/wscom.com.br\/\">WSCOM<\/a>.<\/p>\n","protected":false},"author":49,"featured_media":0,"comment_status":"closed","ping_status":"closed","sticky":false,"template":"","format":"standard","meta":{"advgb_blocks_editor_width":"","advgb_blocks_columns_visual_guide":"","footnotes":""},"categories":[333,34,1520,5613,47,366,393],"tags":[35],"class_list":["post-23453","post","type-post","status-publish","format-standard","hentry","category-eleicoes-2024","category-g1","category-hugo-motta","category-pmcg","category-politica","category-republicanos","category-romero-rodrigues","tag-g1"],"author_meta":{"display_name":"Cristiane Cavalcante","author_link":"https:\/\/sindaopcpb.org.br\/author\/cristiane-cavalcante\/"},"featured_img":null,"coauthors":[],"tax_additional":{"categories":{"linked":["<a href=\"https:\/\/sindaopcpb.org.br\/eleicoes-2024\/\" class=\"advgb-post-tax-term\">elei\u00e7\u00f5es 2024<\/a>","<a href=\"https:\/\/sindaopcpb.org.br\/g1\/\" class=\"advgb-post-tax-term\">G1<\/a>","<a href=\"https:\/\/sindaopcpb.org.br\/hugo-motta\/\" class=\"advgb-post-tax-term\">hugo motta<\/a>","<a href=\"https:\/\/sindaopcpb.org.br\/pmcg\/\" class=\"advgb-post-tax-term\">pmcg<\/a>","<a href=\"https:\/\/sindaopcpb.org.br\/politica\/\" class=\"advgb-post-tax-term\">POLITICA<\/a>","<a href=\"https:\/\/sindaopcpb.org.br\/republicanos\/\" class=\"advgb-post-tax-term\">Republicanos<\/a>","<a href=\"https:\/\/sindaopcpb.org.br\/romero-rodrigues\/\" class=\"advgb-post-tax-term\">romero rodrigues<\/a>"],"unlinked":["<span class=\"advgb-post-tax-term\">elei\u00e7\u00f5es 2024<\/span>","<span class=\"advgb-post-tax-term\">G1<\/span>","<span class=\"advgb-post-tax-term\">hugo motta<\/span>","<span class=\"advgb-post-tax-term\">pmcg<\/span>","<span class=\"advgb-post-tax-term\">POLITICA<\/span>","<span class=\"advgb-post-tax-term\">Republicanos<\/span>","<span class=\"advgb-post-tax-term\">romero rodrigues<\/span>"]},"tags":{"linked":["<a href=\"https:\/\/sindaopcpb.org.br\/romero-rodrigues\/\" class=\"advgb-post-tax-term\">g1<\/a>"],"unlinked":["<span class=\"advgb-post-tax-term\">g1<\/span>"]}},"comment_count":"0","relative_dates":{"created":"Publicado 3 anos atr\u00e1s","modified":"Atualizado 3 anos atr\u00e1s"},"absolute_dates":{"created":"Publicado em 30 de junho de 2023","modified":"Atualizado em 30 de junho de 2023"},"absolute_dates_time":{"created":"Publicado em 30 de junho de 2023 14:27","modified":"Atualizado em 30 de junho de 2023 14:27"},"featured_img_caption":"","series_order":"","_links":{"self":[{"href":"https:\/\/sindaopcpb.org.br\/index.php\/wp-json\/wp\/v2\/posts\/23453","targetHints":{"allow":["GET"]}}],"collection":[{"href":"https:\/\/sindaopcpb.org.br\/index.php\/wp-json\/wp\/v2\/posts"}],"about":[{"href":"https:\/\/sindaopcpb.org.br\/index.php\/wp-json\/wp\/v2\/types\/post"}],"author":[{"embeddable":true,"href":"https:\/\/sindaopcpb.org.br\/index.php\/wp-json\/wp\/v2\/users\/49"}],"replies":[{"embeddable":true,"href":"https:\/\/sindaopcpb.org.br\/index.php\/wp-json\/wp\/v2\/comments?post=23453"}],"version-history":[{"count":1,"href":"https:\/\/sindaopcpb.org.br\/index.php\/wp-json\/wp\/v2\/posts\/23453\/revisions"}],"predecessor-version":[{"id":23454,"href":"https:\/\/sindaopcpb.org.br\/index.php\/wp-json\/wp\/v2\/posts\/23453\/revisions\/23454"}],"wp:attachment":[{"href":"https:\/\/sindaopcpb.org.br\/index.php\/wp-json\/wp\/v2\/media?parent=23453"}],"wp:term":[{"taxonomy":"category","embeddable":true,"href":"https:\/\/sindaopcpb.org.br\/index.php\/wp-json\/wp\/v2\/categories?post=23453"},{"taxonomy":"post_tag","embeddable":true,"href":"https:\/\/sindaopcpb.org.br\/index.php\/wp-json\/wp\/v2\/tags?post=23453"}],"curies":[{"name":"wp","href":"https:\/\/api.w.org\/{rel}","templated":true}]}}