{"id":23451,"date":"2023-06-30T14:35:20","date_gmt":"2023-06-30T17:35:20","guid":{"rendered":"https:\/\/wpa.wscom.com.br\/?p=909233"},"modified":"2023-06-30T14:35:20","modified_gmt":"2023-06-30T17:35:20","slug":"apos-bolsonaro-se-tornar-inelegivel-queiroga-diz-que-muita-agua-vai-rolar-e-ataca-stf-vimos-ex-presidiario-virar-presidente","status":"publish","type":"post","link":"https:\/\/sindaopcpb.org.br\/index.php\/2023\/06\/30\/apos-bolsonaro-se-tornar-inelegivel-queiroga-diz-que-muita-agua-vai-rolar-e-ataca-stf-vimos-ex-presidiario-virar-presidente\/","title":{"rendered":"Ap\u00f3s Bolsonaro se tornar ineleg\u00edvel, Queiroga diz que \u201cmuita \u00e1gua vai rolar\u201d e ataca STF: \u201cVimos ex-presidi\u00e1rio virar presidente\u201d"},"content":{"rendered":"<p>&nbsp;<\/p>\n<p>&nbsp;<\/p>\n<p>O ex-ministro da Sa\u00fade, Marcelo Queiroga (PL), pr\u00e9-candidato a prefeito de Jo\u00e3o Pessoa, se manifestou sobre a decis\u00e3o do Tribunal Superior Eleitoral (TSE) que deixou o ex-presidente Jair Bolsonaro (PL) ineleg\u00edvel por oito anos.<\/p>\n<p>De acordo com Queiroga, Bolsonaro n\u00e3o se dar\u00e1 por vencido no processo e ainda tentar\u00e1 recorrer ao Supremo Tribunal Federal (STF) para reverter a decis\u00e3o.<\/p>\n<p>O ex-ministro disse esperar um &#8220;desfecho final&#8221; ao afirmar que a popula\u00e7\u00e3o viu um &#8220;ex-presidi\u00e1rio virar presidente&#8221;, em refer\u00eancia ao presidente Luiz In\u00e1cio Lula da Silva (PT).<\/p>\n<p>&#8220;Cabe em todo o processo judicial recursos, seja para o pr\u00f3prio TSE ou ao STF. Presidente Jair Bolsonaro j\u00e1 se manifestou acerca desse assunto e, provavelmente, sua defesa vai impetrar um recurso. Mas ainda h\u00e1 muita \u00e1gua para passar por debaixo da ponte&#8221;, disse.<\/p>\n<p>&#8220;N\u00f3s j\u00e1 vimos um ex-presidi\u00e1rio ser condenado em tr\u00eas inst\u00e2ncias do Poder Juci\u00e1rio brasileiro e hoje sabemos o que aconteceu com essa figura aliada dos ditadores da Venezuela e da Argentina. N\u00f3s temos que esperar o desfecho final de todo esse imbr\u00f3glio&#8221;, acrescentou Queiroga.<\/p>\n<p>O post <a rel=\"nofollow noopener\" href=\"https:\/\/wscom.com.br\/apos-bolsonaro-se-tornar-inelegivel-queiroga-diz-que-muita-agua-vai-rolar-e-ataca-stf-vimos-ex-presidiario-virar-presidente\/\" target=\"_blank\">Ap\u00f3s Bolsonaro se tornar ineleg\u00edvel, Queiroga diz que &#8220;muita \u00e1gua vai rolar&#8221; e ataca STF: &#8220;Vimos ex-presidi\u00e1rio virar presidente&#8221;<\/a> apareceu primeiro em <a rel=\"nofollow noopener\" href=\"https:\/\/wscom.com.br\/\" target=\"_blank\">WSCOM<\/a>.<\/p>\n","protected":false},"excerpt":{"rendered":"<p>\u00a0 \u00a0 O ex-ministro da Sa\u00fade, Marcelo Queiroga (PL), pr\u00e9-candidato a prefeito de Jo\u00e3o Pessoa, se manifestou sobre a decis\u00e3o do Tribunal Superior Eleitoral (TSE) que deixou o ex-presidente Jair Bolsonaro (PL) ineleg\u00edvel por oito anos. De acordo com Queiroga, Bolsonaro n\u00e3o se dar\u00e1 por vencido no processo e ainda tentar\u00e1 recorrer ao Supremo Tribunal [\u2026]<\/p>\n<p>O post <a rel=\"nofollow\" href=\"https:\/\/wscom.com.br\/apos-bolsonaro-se-tornar-inelegivel-queiroga-diz-que-muita-agua-vai-rolar-e-ataca-stf-vimos-ex-presidiario-virar-presidente\/\">Ap\u00f3s Bolsonaro se tornar ineleg\u00edvel, Queiroga diz que \u201cmuita \u00e1gua vai rolar\u201d e ataca STF: \u201cVimos ex-presidi\u00e1rio virar presidente\u201d<\/a> apareceu primeiro em <a rel=\"nofollow\" href=\"https:\/\/wscom.com.br\/\">WSCOM<\/a>.<\/p>\n","protected":false},"author":42,"featured_media":0,"comment_status":"closed","ping_status":"closed","sticky":false,"template":"","format":"standard","meta":{"advgb_blocks_editor_width":"","advgb_blocks_columns_visual_guide":"","footnotes":""},"categories":[34,4232,135,110,2572,510,47,464],"tags":[35],"class_list":["post-23451","post","type-post","status-publish","format-standard","hentry","category-g1","category-inelegibilidade","category-jair-bolsonaro","category-lula","category-marcelo-queiroga","category-pl","category-politica","category-tse","tag-g1"],"author_meta":{"display_name":"Rafael Andrade","author_link":"https:\/\/sindaopcpb.org.br\/author\/rafael-andrade\/"},"featured_img":null,"coauthors":[],"tax_additional":{"categories":{"linked":["<a href=\"https:\/\/sindaopcpb.org.br\/g1\/\" class=\"advgb-post-tax-term\">G1<\/a>","<a href=\"https:\/\/sindaopcpb.org.br\/inelegibilidade\/\" class=\"advgb-post-tax-term\">inelegibilidade<\/a>","<a href=\"https:\/\/sindaopcpb.org.br\/jair-bolsonaro\/\" class=\"advgb-post-tax-term\">Jair Bolsonaro<\/a>","<a href=\"https:\/\/sindaopcpb.org.br\/lula\/\" class=\"advgb-post-tax-term\">Lula<\/a>","<a href=\"https:\/\/sindaopcpb.org.br\/marcelo-queiroga\/\" class=\"advgb-post-tax-term\">Marcelo Queiroga<\/a>","<a href=\"https:\/\/sindaopcpb.org.br\/pl\/\" class=\"advgb-post-tax-term\">pl<\/a>","<a href=\"https:\/\/sindaopcpb.org.br\/politica\/\" class=\"advgb-post-tax-term\">POLITICA<\/a>","<a href=\"https:\/\/sindaopcpb.org.br\/tse\/\" class=\"advgb-post-tax-term\">TSE<\/a>"],"unlinked":["<span class=\"advgb-post-tax-term\">G1<\/span>","<span class=\"advgb-post-tax-term\">inelegibilidade<\/span>","<span class=\"advgb-post-tax-term\">Jair Bolsonaro<\/span>","<span class=\"advgb-post-tax-term\">Lula<\/span>","<span class=\"advgb-post-tax-term\">Marcelo Queiroga<\/span>","<span class=\"advgb-post-tax-term\">pl<\/span>","<span class=\"advgb-post-tax-term\">POLITICA<\/span>","<span class=\"advgb-post-tax-term\">TSE<\/span>"]},"tags":{"linked":["<a href=\"https:\/\/sindaopcpb.org.br\/tse\/\" class=\"advgb-post-tax-term\">g1<\/a>"],"unlinked":["<span class=\"advgb-post-tax-term\">g1<\/span>"]}},"comment_count":"0","relative_dates":{"created":"Publicado 3 anos atr\u00e1s","modified":"Atualizado 3 anos atr\u00e1s"},"absolute_dates":{"created":"Publicado em 30 de junho de 2023","modified":"Atualizado em 30 de junho de 2023"},"absolute_dates_time":{"created":"Publicado em 30 de junho de 2023 14:35","modified":"Atualizado em 30 de junho de 2023 14:35"},"featured_img_caption":"","series_order":"","_links":{"self":[{"href":"https:\/\/sindaopcpb.org.br\/index.php\/wp-json\/wp\/v2\/posts\/23451","targetHints":{"allow":["GET"]}}],"collection":[{"href":"https:\/\/sindaopcpb.org.br\/index.php\/wp-json\/wp\/v2\/posts"}],"about":[{"href":"https:\/\/sindaopcpb.org.br\/index.php\/wp-json\/wp\/v2\/types\/post"}],"author":[{"embeddable":true,"href":"https:\/\/sindaopcpb.org.br\/index.php\/wp-json\/wp\/v2\/users\/42"}],"replies":[{"embeddable":true,"href":"https:\/\/sindaopcpb.org.br\/index.php\/wp-json\/wp\/v2\/comments?post=23451"}],"version-history":[{"count":1,"href":"https:\/\/sindaopcpb.org.br\/index.php\/wp-json\/wp\/v2\/posts\/23451\/revisions"}],"predecessor-version":[{"id":23452,"href":"https:\/\/sindaopcpb.org.br\/index.php\/wp-json\/wp\/v2\/posts\/23451\/revisions\/23452"}],"wp:attachment":[{"href":"https:\/\/sindaopcpb.org.br\/index.php\/wp-json\/wp\/v2\/media?parent=23451"}],"wp:term":[{"taxonomy":"category","embeddable":true,"href":"https:\/\/sindaopcpb.org.br\/index.php\/wp-json\/wp\/v2\/categories?post=23451"},{"taxonomy":"post_tag","embeddable":true,"href":"https:\/\/sindaopcpb.org.br\/index.php\/wp-json\/wp\/v2\/tags?post=23451"}],"curies":[{"name":"wp","href":"https:\/\/api.w.org\/{rel}","templated":true}]}}