{"id":23421,"date":"2023-06-30T11:43:56","date_gmt":"2023-06-30T14:43:56","guid":{"rendered":"https:\/\/wpa.wscom.com.br\/?p=909213"},"modified":"2023-06-30T11:43:56","modified_gmt":"2023-06-30T14:43:56","slug":"dia-internacional-do-cooperativismo-reforca-compromisso-com-sustentabilidade","status":"publish","type":"post","link":"https:\/\/sindaopcpb.org.br\/index.php\/2023\/06\/30\/dia-internacional-do-cooperativismo-reforca-compromisso-com-sustentabilidade\/","title":{"rendered":"Dia Internacional do Cooperativismo refor\u00e7a compromisso com sustentabilidade"},"content":{"rendered":"<p>&nbsp;<\/p>\n<p>Cooperativas pelo Desenvolvimento Sustent\u00e1vel. Com este tema, cooperativistas do mundo todo v\u00e3o celebrar o 101\u00ba Dia Internacional do Cooperativismo (DIC), neste s\u00e1bado (1\u00ba). A data \u00e9 comemorada todos os anos no primeiro s\u00e1bado de julho e tem por objetivo mostrar \u00e0 sociedade a capacidade que as cooperativas t\u00eam de aliar produtividade e desenvolvimento com equil\u00edbrio ambiental e responsabilidade social.<\/p>\n<p>\u201cNa Para\u00edba, temos cooperativas que atuam em segmentos diretamente ligados \u00e0 constru\u00e7\u00e3o de um mundo mais sustent\u00e1vel como as cooperativas de catadores de materiais recicl\u00e1veis, que d\u00e3o destina\u00e7\u00e3o correta aos res\u00edduos s\u00f3lidos, e de gera\u00e7\u00e3o de energia solar, por exemplo. H\u00e1 tamb\u00e9m projetos de preserva\u00e7\u00e3o ambiental desenvolvidos por cooperativas de cr\u00e9dito, de sa\u00fade, agropecu\u00e1rias e outros segmentos\u201d, comentou o presidente do Sindicato e Organiza\u00e7\u00e3o das Cooperativas Brasileiras do estado da Para\u00edba (OCB\/PB), Andr\u00e9 Pacelli.<\/p>\n<p>Atualmente, a OCB\/PB representa 91 cooperativas filiadas que re\u00fanem 75.346 cooperados e geram aproximadamente 3 mil empregos diretos em todo o estado. Estas cooperativas movimentaram mais de R$ 2,23 bilh\u00f5es na economia estadual em 2022, atuando nos ramos agropecu\u00e1rio, de sa\u00fade, cr\u00e9dito, transporte, consumo, infraestrutura, trabalho, produ\u00e7\u00e3o de bens e servi\u00e7os.<\/p>\n<p>A celebra\u00e7\u00e3o do Dia Internacional do Cooperativismo \u00e9 reconhecida pela Organiza\u00e7\u00e3o das Na\u00e7\u00f5es Unidas (ONU) em seu calend\u00e1rio oficial desde 1995, ano do centen\u00e1rio da Alian\u00e7a Cooperativa Internacional (ACI). O Dia do Cooperativismo, no entanto, \u00e9 comemorado desde 1923.<\/p>\n<p>Conhecida tamb\u00e9m como CoopsDay, a data \u00e9 um convite \u00e0s cooperativas e cooperados do mundo todo a refor\u00e7arem suas a\u00e7\u00f5es em defesa da constru\u00e7\u00e3o de uma economia verde que abranja desde a recupera\u00e7\u00e3o de nascentes at\u00e9 atua\u00e7\u00e3o estrat\u00e9gica e implanta\u00e7\u00e3o de programas voltados para a transi\u00e7\u00e3o energ\u00e9tica.<\/p>\n<p><strong>Dia de Cooperar<\/strong><\/p>\n<p>A celebra\u00e7\u00e3o do Dia Internacional do Cooperativismo tamb\u00e9m chama a aten\u00e7\u00e3o para as pr\u00e1ticas cooperativistas que promovem ideais como solidariedade internacional, efici\u00eancia econ\u00f4mica, igualdade, paz e prosperidade mundial. Neste sentido, o Dia de Cooperar ou Dia C, como \u00e9 mais conhecido, promove eventos volunt\u00e1rios e solid\u00e1rios em todo o pa\u00eds, para destacar iniciativas que, muitas vezes, ocorrem durante o ano todo. Em 2023, cooperativas da Para\u00edba e de outros 15 estados j\u00e1 definiram suas programa\u00e7\u00f5es.<\/p>\n<p>O post <a rel=\"nofollow noopener\" href=\"https:\/\/wscom.com.br\/dia-internacional-do-cooperativismo-reforca-compromisso-com-sustentabilidade\/\" target=\"_blank\">Dia Internacional do Cooperativismo refor\u00e7a compromisso com sustentabilidade<\/a> apareceu primeiro em <a rel=\"nofollow noopener\" href=\"https:\/\/wscom.com.br\/\" target=\"_blank\">WSCOM<\/a>.<\/p>\n","protected":false},"excerpt":{"rendered":"<p>\u00a0 Cooperativas pelo Desenvolvimento Sustent\u00e1vel. Com este tema, cooperativistas do mundo todo v\u00e3o celebrar o 101\u00ba Dia Internacional do Cooperativismo (DIC), neste s\u00e1bado (1\u00ba). A data \u00e9 comemorada todos os anos no primeiro s\u00e1bado de julho e tem por objetivo mostrar \u00e0 sociedade a capacidade que as cooperativas t\u00eam de aliar produtividade e desenvolvimento com [\u2026]<\/p>\n<p>O post <a rel=\"nofollow\" href=\"https:\/\/wscom.com.br\/dia-internacional-do-cooperativismo-reforca-compromisso-com-sustentabilidade\/\">Dia Internacional do Cooperativismo refor\u00e7a compromisso com sustentabilidade<\/a> apareceu primeiro em <a rel=\"nofollow\" href=\"https:\/\/wscom.com.br\/\">WSCOM<\/a>.<\/p>\n","protected":false},"author":50,"featured_media":0,"comment_status":"closed","ping_status":"closed","sticky":false,"template":"","format":"standard","meta":{"advgb_blocks_editor_width":"","advgb_blocks_columns_visual_guide":"","footnotes":""},"categories":[5606,69,34],"tags":[35],"class_list":["post-23421","post","type-post","status-publish","format-standard","hentry","category-cooperativismo","category-economia","category-g1","tag-g1"],"author_meta":{"display_name":"Wallyson","author_link":"https:\/\/sindaopcpb.org.br\/author\/wallyson\/"},"featured_img":null,"coauthors":[],"tax_additional":{"categories":{"linked":["<a href=\"https:\/\/sindaopcpb.org.br\/cooperativismo\/\" class=\"advgb-post-tax-term\">cooperativismo<\/a>","<a href=\"https:\/\/sindaopcpb.org.br\/economia\/\" class=\"advgb-post-tax-term\">Economia<\/a>","<a href=\"https:\/\/sindaopcpb.org.br\/g1\/\" class=\"advgb-post-tax-term\">G1<\/a>"],"unlinked":["<span class=\"advgb-post-tax-term\">cooperativismo<\/span>","<span class=\"advgb-post-tax-term\">Economia<\/span>","<span class=\"advgb-post-tax-term\">G1<\/span>"]},"tags":{"linked":["<a href=\"https:\/\/sindaopcpb.org.br\/g1\/\" class=\"advgb-post-tax-term\">g1<\/a>"],"unlinked":["<span class=\"advgb-post-tax-term\">g1<\/span>"]}},"comment_count":"0","relative_dates":{"created":"Publicado 3 anos atr\u00e1s","modified":"Atualizado 3 anos atr\u00e1s"},"absolute_dates":{"created":"Publicado em 30 de junho de 2023","modified":"Atualizado em 30 de junho de 2023"},"absolute_dates_time":{"created":"Publicado em 30 de junho de 2023 11:43","modified":"Atualizado em 30 de junho de 2023 11:43"},"featured_img_caption":"","series_order":"","_links":{"self":[{"href":"https:\/\/sindaopcpb.org.br\/index.php\/wp-json\/wp\/v2\/posts\/23421","targetHints":{"allow":["GET"]}}],"collection":[{"href":"https:\/\/sindaopcpb.org.br\/index.php\/wp-json\/wp\/v2\/posts"}],"about":[{"href":"https:\/\/sindaopcpb.org.br\/index.php\/wp-json\/wp\/v2\/types\/post"}],"author":[{"embeddable":true,"href":"https:\/\/sindaopcpb.org.br\/index.php\/wp-json\/wp\/v2\/users\/50"}],"replies":[{"embeddable":true,"href":"https:\/\/sindaopcpb.org.br\/index.php\/wp-json\/wp\/v2\/comments?post=23421"}],"version-history":[{"count":1,"href":"https:\/\/sindaopcpb.org.br\/index.php\/wp-json\/wp\/v2\/posts\/23421\/revisions"}],"predecessor-version":[{"id":23422,"href":"https:\/\/sindaopcpb.org.br\/index.php\/wp-json\/wp\/v2\/posts\/23421\/revisions\/23422"}],"wp:attachment":[{"href":"https:\/\/sindaopcpb.org.br\/index.php\/wp-json\/wp\/v2\/media?parent=23421"}],"wp:term":[{"taxonomy":"category","embeddable":true,"href":"https:\/\/sindaopcpb.org.br\/index.php\/wp-json\/wp\/v2\/categories?post=23421"},{"taxonomy":"post_tag","embeddable":true,"href":"https:\/\/sindaopcpb.org.br\/index.php\/wp-json\/wp\/v2\/tags?post=23421"}],"curies":[{"name":"wp","href":"https:\/\/api.w.org\/{rel}","templated":true}]}}