{"id":23410,"date":"2023-06-30T10:38:17","date_gmt":"2023-06-30T13:38:17","guid":{"rendered":"https:\/\/wpa.wscom.com.br\/?p=909182"},"modified":"2023-06-30T10:38:17","modified_gmt":"2023-06-30T13:38:17","slug":"alvo-de-arrombamento-sindicato-dos-jornalistas-tem-prejuizo-de-r-50-mil-em-equipamentos-furtados","status":"publish","type":"post","link":"https:\/\/sindaopcpb.org.br\/index.php\/2023\/06\/30\/alvo-de-arrombamento-sindicato-dos-jornalistas-tem-prejuizo-de-r-50-mil-em-equipamentos-furtados\/","title":{"rendered":"Alvo de arrombamento, Sindicato dos Jornalistas tem preju\u00edzo de R$ 50 mil em equipamentos furtados"},"content":{"rendered":"<p>&nbsp;<\/p>\n<p>&nbsp;<\/p>\n<p>O pr\u00e9dio do Sindicato dos Jornalistas da Para\u00edba foi alvo de uma a\u00e7\u00e3o criminosa na noite da \u00faltima ter\u00e7a-feira (27). Localizado na Rua da Areia, no Centro de Jo\u00e3o Pessoa, o Sindicato foi arrombado e teve equipamentos furtados. De acordo com o presidente Land Seixas, o preju\u00edzo est\u00e1 estimado em mais de R$ 50 mil.<\/p>\n<p>Land afirmou que at\u00e9 mesmo os policiais militares que foram chamados para apura\u00e7\u00e3o ficaram surpresos ao ver o estado de vandalismo encontrado no interior do pr\u00e9dio. Entre os itens que foram subtra\u00eddos do local, est\u00e3o tr\u00eas aparelhos de ar condicionados, fia\u00e7\u00f5es e cobres das m\u00e1quinas, som, microfone, computador e quatro fechaduras no valor de R$ 250, cada uma.<\/p>\n<p>O presidente tamb\u00e9m ressaltou que n\u00e3o h\u00e1 condi\u00e7\u00f5es de funcionamento da sede e lamentou a situa\u00e7\u00e3o de inseguran\u00e7a no Centro Hist\u00f3rico da capital, tema que seria discutido em uma reuni\u00e3o nesta quinta-feira (29) no sindicato. &#8220;Realmente a inseguran\u00e7a no centro da cidade de Jo\u00e3o Pessoa est\u00e1 um verdadeiro caos. Os gestores s\u00f3 se preocupam com os bairros nobres. Lament\u00e1vel&#8221;, disse Land.<\/p>\n<p>&nbsp;<\/p>\n<p>O post <a rel=\"nofollow noopener\" href=\"https:\/\/wscom.com.br\/alvo-de-arrombamento-sindicato-dos-jornalistas-tem-prejuizo-de-r-50-mil-em-equipamentos-furtados\/\" target=\"_blank\">Alvo de arrombamento, Sindicato dos Jornalistas tem preju\u00edzo de R$ 50 mil em equipamentos furtados<\/a> apareceu primeiro em <a rel=\"nofollow noopener\" href=\"https:\/\/wscom.com.br\/\" target=\"_blank\">WSCOM<\/a>.<\/p>\n","protected":false},"excerpt":{"rendered":"<p>\u00a0 \u00a0 O pr\u00e9dio do Sindicato dos Jornalistas da Para\u00edba foi alvo de uma a\u00e7\u00e3o criminosa na noite da \u00faltima ter\u00e7a-feira (27). Localizado na Rua da Areia, no Centro de Jo\u00e3o Pessoa, o Sindicato foi arrombado e teve equipamentos furtados. De acordo com o presidente Land Seixas, o preju\u00edzo est\u00e1 estimado em mais de R$ [\u2026]<\/p>\n<p>O post <a rel=\"nofollow\" href=\"https:\/\/wscom.com.br\/alvo-de-arrombamento-sindicato-dos-jornalistas-tem-prejuizo-de-r-50-mil-em-equipamentos-furtados\/\">Alvo de arrombamento, Sindicato dos Jornalistas tem preju\u00edzo de R$ 50 mil em equipamentos furtados<\/a> apareceu primeiro em <a rel=\"nofollow\" href=\"https:\/\/wscom.com.br\/\">WSCOM<\/a>.<\/p>\n","protected":false},"author":42,"featured_media":0,"comment_status":"closed","ping_status":"closed","sticky":false,"template":"","format":"standard","meta":{"advgb_blocks_editor_width":"","advgb_blocks_columns_visual_guide":"","footnotes":""},"categories":[2943,722,1501,34,5601,71,5602,66,5603,5604],"tags":[35],"class_list":["post-23410","post","type-post","status-publish","format-standard","hentry","category-arrombamento","category-centro-historico","category-furto","category-g1","category-inseguranca","category-joao-pessoa","category-land-seixas","category-policial","category-prejuizo","category-sindicato-dos-jornalistas-da-paraiba","tag-g1"],"author_meta":{"display_name":"Rafael Andrade","author_link":"https:\/\/sindaopcpb.org.br\/author\/rafael-andrade\/"},"featured_img":null,"coauthors":[],"tax_additional":{"categories":{"linked":["<a href=\"https:\/\/sindaopcpb.org.br\/arrombamento\/\" class=\"advgb-post-tax-term\">Arrombamento<\/a>","<a href=\"https:\/\/sindaopcpb.org.br\/centro-historico\/\" class=\"advgb-post-tax-term\">Centro Hist\u00f3rico<\/a>","<a href=\"https:\/\/sindaopcpb.org.br\/furto\/\" class=\"advgb-post-tax-term\">FURTO<\/a>","<a href=\"https:\/\/sindaopcpb.org.br\/g1\/\" class=\"advgb-post-tax-term\">G1<\/a>","<a href=\"https:\/\/sindaopcpb.org.br\/inseguranca\/\" class=\"advgb-post-tax-term\">inseguran\u00e7a<\/a>","<a href=\"https:\/\/sindaopcpb.org.br\/joao-pessoa\/\" class=\"advgb-post-tax-term\">Jo\u00e3o Pessoa<\/a>","<a href=\"https:\/\/sindaopcpb.org.br\/land-seixas\/\" class=\"advgb-post-tax-term\">Land Seixas<\/a>","<a href=\"https:\/\/sindaopcpb.org.br\/policial\/\" class=\"advgb-post-tax-term\">Policial<\/a>","<a href=\"https:\/\/sindaopcpb.org.br\/prejuizo\/\" class=\"advgb-post-tax-term\">PREJU\u00cdZO<\/a>","<a href=\"https:\/\/sindaopcpb.org.br\/sindicato-dos-jornalistas-da-paraiba\/\" class=\"advgb-post-tax-term\">Sindicato dos Jornalistas da Para\u00edba<\/a>"],"unlinked":["<span class=\"advgb-post-tax-term\">Arrombamento<\/span>","<span class=\"advgb-post-tax-term\">Centro Hist\u00f3rico<\/span>","<span class=\"advgb-post-tax-term\">FURTO<\/span>","<span class=\"advgb-post-tax-term\">G1<\/span>","<span class=\"advgb-post-tax-term\">inseguran\u00e7a<\/span>","<span class=\"advgb-post-tax-term\">Jo\u00e3o Pessoa<\/span>","<span class=\"advgb-post-tax-term\">Land Seixas<\/span>","<span class=\"advgb-post-tax-term\">Policial<\/span>","<span class=\"advgb-post-tax-term\">PREJU\u00cdZO<\/span>","<span class=\"advgb-post-tax-term\">Sindicato dos Jornalistas da Para\u00edba<\/span>"]},"tags":{"linked":["<a href=\"https:\/\/sindaopcpb.org.br\/sindicato-dos-jornalistas-da-paraiba\/\" class=\"advgb-post-tax-term\">g1<\/a>"],"unlinked":["<span class=\"advgb-post-tax-term\">g1<\/span>"]}},"comment_count":"0","relative_dates":{"created":"Publicado 3 anos atr\u00e1s","modified":"Atualizado 3 anos atr\u00e1s"},"absolute_dates":{"created":"Publicado em 30 de junho de 2023","modified":"Atualizado em 30 de junho de 2023"},"absolute_dates_time":{"created":"Publicado em 30 de junho de 2023 10:38","modified":"Atualizado em 30 de junho de 2023 10:38"},"featured_img_caption":"","series_order":"","_links":{"self":[{"href":"https:\/\/sindaopcpb.org.br\/index.php\/wp-json\/wp\/v2\/posts\/23410","targetHints":{"allow":["GET"]}}],"collection":[{"href":"https:\/\/sindaopcpb.org.br\/index.php\/wp-json\/wp\/v2\/posts"}],"about":[{"href":"https:\/\/sindaopcpb.org.br\/index.php\/wp-json\/wp\/v2\/types\/post"}],"author":[{"embeddable":true,"href":"https:\/\/sindaopcpb.org.br\/index.php\/wp-json\/wp\/v2\/users\/42"}],"replies":[{"embeddable":true,"href":"https:\/\/sindaopcpb.org.br\/index.php\/wp-json\/wp\/v2\/comments?post=23410"}],"version-history":[{"count":1,"href":"https:\/\/sindaopcpb.org.br\/index.php\/wp-json\/wp\/v2\/posts\/23410\/revisions"}],"predecessor-version":[{"id":23411,"href":"https:\/\/sindaopcpb.org.br\/index.php\/wp-json\/wp\/v2\/posts\/23410\/revisions\/23411"}],"wp:attachment":[{"href":"https:\/\/sindaopcpb.org.br\/index.php\/wp-json\/wp\/v2\/media?parent=23410"}],"wp:term":[{"taxonomy":"category","embeddable":true,"href":"https:\/\/sindaopcpb.org.br\/index.php\/wp-json\/wp\/v2\/categories?post=23410"},{"taxonomy":"post_tag","embeddable":true,"href":"https:\/\/sindaopcpb.org.br\/index.php\/wp-json\/wp\/v2\/tags?post=23410"}],"curies":[{"name":"wp","href":"https:\/\/api.w.org\/{rel}","templated":true}]}}