{"id":23391,"date":"2023-06-30T10:05:12","date_gmt":"2023-06-30T13:05:12","guid":{"rendered":"https:\/\/www.infomoney.com.br\/?p=2175464"},"modified":"2023-06-30T10:05:12","modified_gmt":"2023-06-30T13:05:12","slug":"tse-entra-hoje-na-quarta-sessao-para-julgamento-de-bolsonaro","status":"publish","type":"post","link":"https:\/\/sindaopcpb.org.br\/index.php\/2023\/06\/30\/tse-entra-hoje-na-quarta-sessao-para-julgamento-de-bolsonaro\/","title":{"rendered":"TSE entra hoje na quarta sess\u00e3o para julgamento de Bolsonaro"},"content":{"rendered":"<p><img loading=\"lazy\" width=\"300\" height=\"179\" src=\"https:\/\/www.infomoney.com.br\/wp-content\/uploads\/2022\/08\/08-10-2020_tse.jpg?fit=300%2C179&amp;quality=70&amp;strip=all\" class=\"attachment-medium size-medium wp-post-image\" alt=\"\" decoding=\"async\" style=\"float:right; margin:0 0 10px 10px;\" srcset=\"https:\/\/www.infomoney.com.br\/wp-content\/uploads\/2022\/08\/08-10-2020_tse.jpg?w=1170&amp;quality=70&amp;strip=all 1170w, https:\/\/www.infomoney.com.br\/wp-content\/uploads\/2022\/08\/08-10-2020_tse.jpg?w=300&amp;quality=70&amp;strip=all 300w, https:\/\/www.infomoney.com.br\/wp-content\/uploads\/2022\/08\/08-10-2020_tse.jpg?w=768&amp;quality=70&amp;strip=all 768w, https:\/\/www.infomoney.com.br\/wp-content\/uploads\/2022\/08\/08-10-2020_tse.jpg?w=150&amp;quality=70&amp;strip=all 150w\" sizes=\"auto, (max-width: 300px) 100vw, 300px\" data-attachment-id=\"1918553\" data-permalink=\"https:\/\/www.infomoney.com.br\/politica\/tse-volta-atras-e-decide-divulgar-informacoes-detalhadas-sobre-bens-de-candidatos\/attachment\/edificio-sede-do-tribunal-superior-eleitoral-tse\/\" data-orig-file=\"https:\/\/www.infomoney.com.br\/wp-content\/uploads\/2022\/08\/08-10-2020_tse.jpg?fit=1170%2C700&amp;quality=70&amp;strip=all\" data-orig-size=\"1170,700\" data-comments-opened=\"0\" data-image-meta=\"{&quot;aperture&quot;:&quot;2.8&quot;,&quot;credit&quot;:&quot;Marcelo Camargo\\\/Ag\\u00eancia Brasil&quot;,&quot;camera&quot;:&quot;Canon EOS-1D X&quot;,&quot;caption&quot;:&quot;Edif\\u00edcio sede do Tribunal Superior Eleitoral (TSE).&quot;,&quot;created_timestamp&quot;:&quot;1602170978&quot;,&quot;copyright&quot;:&quot;Agencia Brasil&quot;,&quot;focal_length&quot;:&quot;23&quot;,&quot;iso&quot;:&quot;320&quot;,&quot;shutter_speed&quot;:&quot;0.000125&quot;,&quot;title&quot;:&quot;Edif\\u00edcio sede do Tribunal Superior Eleitoral (TSE).&quot;,&quot;orientation&quot;:&quot;0&quot;}\" data-image-title=\"Sede do TSE em Bras\u00edlia\" data-image-description=\"\" data-image-caption=\"&lt;p&gt;Edif\u00edcio sede do Tribunal Superior Eleitoral (TSE) em Bras\u00edlia (Foto: Marcelo Camargo\/Ag\u00eancia Brasil)&lt;\/p&gt;\n\" data-medium-file=\"https:\/\/www.infomoney.com.br\/wp-content\/uploads\/2022\/08\/08-10-2020_tse.jpg?fit=300%2C179&amp;quality=70&amp;strip=all\" data-large-file=\"https:\/\/www.infomoney.com.br\/wp-content\/uploads\/2022\/08\/08-10-2020_tse.jpg?fit=1170%2C700&amp;quality=70&amp;strip=all\" title=\"\"><\/p>\n<p>O Tribunal Superior Eleitoral (TSE) retoma nesta sexta-feira (30) o julgamento que pode levar \u00e0 inelegibilidade do ex-presidente Jair Bolsonaro por oito anos. A Corte abrir\u00e1 a quarta sess\u00e3o seguida para julgamento da causa ao meio-dia.<\/p>\n<p>O tribunal julga a conduta de Bolsonaro durante reuni\u00e3o realizada com embaixadores, em julho do ano passado, no Pal\u00e1cio da Alvorada, para atacar o sistema eletr\u00f4nico de vota\u00e7\u00e3o. A legalidade do encontro foi questionada pelo PDT. Na ocasi\u00e3o, a reuni\u00e3o foi transmitida pela TV Brasil, emissora de comunica\u00e7\u00e3o p\u00fablica da Empresa Brasil de Comunica\u00e7\u00e3o (EBC).<\/p>\n<p>Ap\u00f3s tr\u00eas sess\u00f5es de julgamento, o placar \u00e9 de 3 votos a 1 pela condena\u00e7\u00e3o do ex-presidente por abuso de poder pol\u00edtico e uso indevido dos meios de comunica\u00e7\u00e3o para difundir informa\u00e7\u00f5es falsas para desacreditar o sistema de vota\u00e7\u00e3o.<\/p>\n<p>A sess\u00e3o ser\u00e1 retomada com o voto da ministra C\u00e1rmen L\u00facia. Se ministra votar pela condena\u00e7\u00e3o de Bolsonaro, ser\u00e1 formada maioria de quatro votos pela inelegibilidade. Em seguida, a vota\u00e7\u00e3o prosseguir\u00e1 para tomada dos \u00faltimos votos, a serem proferidos por Nunes Marques e Alexandre de Moraes. O plen\u00e1rio \u00e9 composto por sete ministros.<\/p>\n<h2><strong>Diverg\u00eancia<\/strong><\/h2>\n<p>At\u00e9 o momento, o \u00fanico voto favor\u00e1vel a Bolsonaro foi proferido pelo ministro Raul Ara\u00fajo, que abriu a diverg\u00eancia e votou para julgar improcedente a\u00e7\u00e3o contra o ex-presidente por entender que a reuni\u00e3o n\u00e3o teve gravidade suficiente para gerar condena\u00e7\u00e3o \u00e0 inelegibilidade.<\/p>\n<p>\u201cA reuni\u00e3o n\u00e3o foi tamanha a ponto de justificar a medida extrema da inelegibilidade. Especula\u00e7\u00f5es e ila\u00e7\u00f5es outras n\u00e3o s\u00e3o suficientes para construir o liame causal e a qualifica\u00e7\u00e3o jur\u00eddica do ato abusivo. O comportamento contestado leva \u00e0 inescap\u00e1vel conclus\u00e3o pela aus\u00eancia de gravidade suficiente\u201d, concluiu. Ontem (29), Bolsonaro disse que espera um julgamento justo e sem revanchismo.<\/p>\n<h2><strong>Braga Netto<\/strong><\/h2>\n<p>Por outro lado, o TSE j\u00e1 formou maioria de quatro votos pela absolvi\u00e7\u00e3o de Braga Netto, candidato a vice-presidente na chapa de Bolsonaro nas elei\u00e7\u00f5es de 2022. Todos os ministros que j\u00e1 se manifestaram entenderam que ele n\u00e3o teve rela\u00e7\u00e3o com a reuni\u00e3o. O nome dele foi inclu\u00eddo no processo pelo PDT.<\/p>\n<p>The post <a rel=\"nofollow noopener\" href=\"https:\/\/www.infomoney.com.br\/politica\/tse-entra-hoje-na-quarta-sessao-para-julgamento-de-bolsonaro\/\" target=\"_blank\">TSE entra hoje na quarta sess\u00e3o para julgamento de Bolsonaro<\/a> appeared first on <a rel=\"nofollow noopener\" href=\"https:\/\/www.infomoney.com.br\/\" target=\"_blank\">InfoMoney<\/a>.<\/p>\n","protected":false},"excerpt":{"rendered":"<p><img loading=\"lazy\" decoding=\"async\" width=\"300\" height=\"179\" src=\"https:\/\/www.infomoney.com.br\/wp-content\/uploads\/2022\/08\/08-10-2020_tse.jpg?fit=300%2C179&amp;quality=70&amp;strip=all\" class=\"attachment-medium size-medium wp-post-image\" alt=\"\" data-attachment-id=\"1918553\" data-permalink=\"https:\/\/www.infomoney.com.br\/politica\/tse-volta-atras-e-decide-divulgar-informacoes-detalhadas-sobre-bens-de-candidatos\/attachment\/edificio-sede-do-tribunal-superior-eleitoral-tse\/\" data-orig-file=\"https:\/\/www.infomoney.com.br\/wp-content\/uploads\/2022\/08\/08-10-2020_tse.jpg?fit=1170%2C700&amp;quality=70&amp;strip=all\" data-orig-size=\"1170,700\" data-comments-opened=\"0\" data-image-meta='{\"aperture\":\"2.8\",\"credit\":\"Marcelo Camargo\\\/Ag\\u00eancia Brasil\",\"camera\":\"Canon EOS-1D X\",\"caption\":\"Edif\\u00edcio sede do Tribunal Superior Eleitoral (TSE).\",\"created_timestamp\":\"1602170978\",\"copyright\":\"Agencia Brasil\",\"focal_length\":\"23\",\"iso\":\"320\",\"shutter_speed\":\"0.000125\",\"title\":\"Edif\\u00edcio sede do Tribunal Superior Eleitoral (TSE).\",\"orientation\":\"0\"}' data-image-title=\"Sede do TSE em Bras\u00edlia\" data-image-description=\"\" data-image-caption=\"&lt;p&gt;Edif\u00edcio sede do Tribunal Superior Eleitoral (TSE) em Bras\u00edlia (Foto: Marcelo Camargo\/Ag\u00eancia Brasil)&lt;\/p&gt;\n\" data-medium-file=\"https:\/\/www.infomoney.com.br\/wp-content\/uploads\/2022\/08\/08-10-2020_tse.jpg?fit=300%2C179&amp;quality=70&amp;strip=all\" data-large-file=\"https:\/\/www.infomoney.com.br\/wp-content\/uploads\/2022\/08\/08-10-2020_tse.jpg?fit=1170%2C700&amp;quality=70&amp;strip=all\">Corte abrir\u00e1 a quarta sess\u00e3o seguida para julgamento da causa ao meio-dia<\/p>\n<p>The post <a rel=\"nofollow\" href=\"https:\/\/www.infomoney.com.br\/politica\/tse-entra-hoje-na-quarta-sessao-para-julgamento-de-bolsonaro\/\">TSE entra hoje na quarta sess\u00e3o para julgamento de Bolsonaro<\/a> appeared first on <a rel=\"nofollow\" href=\"https:\/\/www.infomoney.com.br\/\">InfoMoney<\/a>.<\/p>\n","protected":false},"author":44,"featured_media":0,"comment_status":"closed","ping_status":"closed","sticky":false,"template":"","format":"standard","meta":{"advgb_blocks_editor_width":"","advgb_blocks_columns_visual_guide":"","footnotes":""},"categories":[34,135,1576,47,464],"tags":[35],"class_list":["post-23391","post","type-post","status-publish","format-standard","hentry","category-g1","category-jair-bolsonaro","category-julgamento","category-politica","category-tse","tag-g1"],"author_meta":{"display_name":"Ag\u00eancia Brasil","author_link":"https:\/\/sindaopcpb.org.br\/author\/agencia-brasil\/"},"featured_img":null,"coauthors":[],"tax_additional":{"categories":{"linked":["<a href=\"https:\/\/sindaopcpb.org.br\/g1\/\" class=\"advgb-post-tax-term\">G1<\/a>","<a href=\"https:\/\/sindaopcpb.org.br\/jair-bolsonaro\/\" class=\"advgb-post-tax-term\">Jair Bolsonaro<\/a>","<a href=\"https:\/\/sindaopcpb.org.br\/julgamento\/\" class=\"advgb-post-tax-term\">julgamento<\/a>","<a href=\"https:\/\/sindaopcpb.org.br\/politica\/\" class=\"advgb-post-tax-term\">POLITICA<\/a>","<a href=\"https:\/\/sindaopcpb.org.br\/tse\/\" class=\"advgb-post-tax-term\">TSE<\/a>"],"unlinked":["<span class=\"advgb-post-tax-term\">G1<\/span>","<span class=\"advgb-post-tax-term\">Jair Bolsonaro<\/span>","<span class=\"advgb-post-tax-term\">julgamento<\/span>","<span class=\"advgb-post-tax-term\">POLITICA<\/span>","<span class=\"advgb-post-tax-term\">TSE<\/span>"]},"tags":{"linked":["<a href=\"https:\/\/sindaopcpb.org.br\/tse\/\" class=\"advgb-post-tax-term\">g1<\/a>"],"unlinked":["<span class=\"advgb-post-tax-term\">g1<\/span>"]}},"comment_count":"0","relative_dates":{"created":"Publicado 3 anos atr\u00e1s","modified":"Atualizado 3 anos atr\u00e1s"},"absolute_dates":{"created":"Publicado em 30 de junho de 2023","modified":"Atualizado em 30 de junho de 2023"},"absolute_dates_time":{"created":"Publicado em 30 de junho de 2023 10:05","modified":"Atualizado em 30 de junho de 2023 10:05"},"featured_img_caption":"","series_order":"","_links":{"self":[{"href":"https:\/\/sindaopcpb.org.br\/index.php\/wp-json\/wp\/v2\/posts\/23391","targetHints":{"allow":["GET"]}}],"collection":[{"href":"https:\/\/sindaopcpb.org.br\/index.php\/wp-json\/wp\/v2\/posts"}],"about":[{"href":"https:\/\/sindaopcpb.org.br\/index.php\/wp-json\/wp\/v2\/types\/post"}],"author":[{"embeddable":true,"href":"https:\/\/sindaopcpb.org.br\/index.php\/wp-json\/wp\/v2\/users\/44"}],"replies":[{"embeddable":true,"href":"https:\/\/sindaopcpb.org.br\/index.php\/wp-json\/wp\/v2\/comments?post=23391"}],"version-history":[{"count":1,"href":"https:\/\/sindaopcpb.org.br\/index.php\/wp-json\/wp\/v2\/posts\/23391\/revisions"}],"predecessor-version":[{"id":23392,"href":"https:\/\/sindaopcpb.org.br\/index.php\/wp-json\/wp\/v2\/posts\/23391\/revisions\/23392"}],"wp:attachment":[{"href":"https:\/\/sindaopcpb.org.br\/index.php\/wp-json\/wp\/v2\/media?parent=23391"}],"wp:term":[{"taxonomy":"category","embeddable":true,"href":"https:\/\/sindaopcpb.org.br\/index.php\/wp-json\/wp\/v2\/categories?post=23391"},{"taxonomy":"post_tag","embeddable":true,"href":"https:\/\/sindaopcpb.org.br\/index.php\/wp-json\/wp\/v2\/tags?post=23391"}],"curies":[{"name":"wp","href":"https:\/\/api.w.org\/{rel}","templated":true}]}}