{"id":23374,"date":"2023-06-30T08:38:44","date_gmt":"2023-06-30T11:38:44","guid":{"rendered":"https:\/\/wpa.wscom.com.br\/?p=909155"},"modified":"2023-06-30T08:38:44","modified_gmt":"2023-06-30T11:38:44","slug":"em-documento-sigiloso-lindora-araujo-faz-acusacoes-contra-moraes-e-sai-em-defesa-de-bolsonaro","status":"publish","type":"post","link":"https:\/\/sindaopcpb.org.br\/index.php\/2023\/06\/30\/em-documento-sigiloso-lindora-araujo-faz-acusacoes-contra-moraes-e-sai-em-defesa-de-bolsonaro\/","title":{"rendered":"Em documento sigiloso, Lind\u00f4ra Ara\u00fajo faz acusa\u00e7\u00f5es contra Moraes e sai em defesa de Bolsonaro"},"content":{"rendered":"<p>&nbsp;<\/p>\n<p>&nbsp;<\/p>\n<p>Um documento confidencial, obtido pela revista\u00a0Veja, revela um embate interno entre o ministro Alexandre de Moraes, do Supremo Tribunal Federal (STF), e a vice-procuradora-geral da Rep\u00fablica, Lind\u00f4ra Ara\u00fajo. No relat\u00f3rio, Lind\u00f4ra insinua que Moraes teria autorizado procedimentos ilegais, decretado pris\u00f5es sem fundamentos s\u00f3lidos e buscado obter provas sem justificativa leg\u00edtima, caracterizando o que \u00e9 conhecido como &#8220;pesca probat\u00f3ria&#8221;.<\/p>\n<p>As acusa\u00e7\u00f5es envolvem a pris\u00e3o do tenente-coronel Mauro Cid, ex-ajudante de ordens de Jair Bolsonaro (PL), e a apreens\u00e3o de telefones relacionados ao caso. \u201cOs elementos apontados s\u00e3o por demais incipientes a recomendar quaisquer dilig\u00eancias ou medidas em face dos investigados, sob pena de se validar a pesca probat\u00f3ria, \u00e0 semelhan\u00e7a de outras investiga\u00e7\u00f5es em curso no \u00e2mbito do Supremo Tribunal Federal\u201d, escreveu Lind\u00f4ra.<\/p>\n<p>Lind\u00f4ra Ara\u00fajo, respons\u00e1vel pelo documento, argumenta que n\u00e3o havia justificativa plaus\u00edvel para a pris\u00e3o preventiva de Mauro Cid e outros envolvidos no caso. Ela expressa preocupa\u00e7\u00e3o com o uso da &#8220;pesca probat\u00f3ria&#8221; e ressalta a falta de elementos concretos para sustentar tais medidas.<\/p>\n<p>O relat\u00f3rio tamb\u00e9m questiona a forma como o ministro Alexandre de Moraes conduziu as investiga\u00e7\u00f5es, alegando falta de formaliza\u00e7\u00e3o de atos processuais e precipita\u00e7\u00e3o na atribui\u00e7\u00e3o de responsabilidades golpistas a pessoas ligadas a Bolsonaro. Lind\u00f4ra Ara\u00fajo argumenta que as conclus\u00f5es tiradas das mensagens encontradas no celular do tenente-coronel n\u00e3o representam uma amea\u00e7a real \u00e0 democracia, mas sim &#8220;mero di\u00e1logo entre pessoas comuns, desprovidas de conhecimento jur\u00eddico ou pol\u00edtico suficiente para arquitetar um golpe de Estado&#8221;.<\/p>\n<p>Para ela, as trocas de mensagens n\u00e3o passam de \u201cuma simples troca de informa\u00e7\u00f5es apenas e t\u00e3o somente entre os interlocutores, sem contato com qualquer pessoa com condi\u00e7\u00f5es de executar\u201d.<\/p>\n<p>O post <a rel=\"nofollow noopener\" href=\"https:\/\/wscom.com.br\/em-documento-sigiloso-lindora-araujo-faz-acusacoes-contra-moraes-e-sai-em-defesa-de-bolsonaro\/\" target=\"_blank\">Em documento sigiloso, Lind\u00f4ra Ara\u00fajo faz acusa\u00e7\u00f5es contra Moraes e sai em defesa de Bolsonaro<\/a> apareceu primeiro em <a rel=\"nofollow noopener\" href=\"https:\/\/wscom.com.br\/\" target=\"_blank\">WSCOM<\/a>.<\/p>\n","protected":false},"excerpt":{"rendered":"<p>\u00a0 \u00a0 Um documento confidencial, obtido pela revista\u00a0Veja, revela um embate interno entre o ministro Alexandre de Moraes, do Supremo Tribunal Federal (STF), e a vice-procuradora-geral da Rep\u00fablica, Lind\u00f4ra Ara\u00fajo. No relat\u00f3rio, Lind\u00f4ra insinua que Moraes teria autorizado procedimentos ilegais, decretado pris\u00f5es sem fundamentos s\u00f3lidos e buscado obter provas sem justificativa leg\u00edtima, caracterizando o que [\u2026]<\/p>\n<p>O post <a rel=\"nofollow\" href=\"https:\/\/wscom.com.br\/em-documento-sigiloso-lindora-araujo-faz-acusacoes-contra-moraes-e-sai-em-defesa-de-bolsonaro\/\">Em documento sigiloso, Lind\u00f4ra Ara\u00fajo faz acusa\u00e7\u00f5es contra Moraes e sai em defesa de Bolsonaro<\/a> apareceu primeiro em <a rel=\"nofollow\" href=\"https:\/\/wscom.com.br\/\">WSCOM<\/a>.<\/p>\n","protected":false},"author":42,"featured_media":0,"comment_status":"closed","ping_status":"closed","sticky":false,"template":"","format":"standard","meta":{"advgb_blocks_editor_width":"","advgb_blocks_columns_visual_guide":"","footnotes":""},"categories":[463,115,5588,34,135,5589],"tags":[35],"class_list":["post-23374","post","type-post","status-publish","format-standard","hentry","category-alexandre-de-moraes","category-brasil","category-documento-sigiloso","category-g1","category-jair-bolsonaro","category-lindora-araujo","tag-g1"],"author_meta":{"display_name":"Rafael Andrade","author_link":"https:\/\/sindaopcpb.org.br\/author\/rafael-andrade\/"},"featured_img":null,"coauthors":[],"tax_additional":{"categories":{"linked":["<a href=\"https:\/\/sindaopcpb.org.br\/alexandre-de-moraes\/\" class=\"advgb-post-tax-term\">Alexandre de Moraes<\/a>","<a href=\"https:\/\/sindaopcpb.org.br\/brasil\/\" class=\"advgb-post-tax-term\">Brasil<\/a>","<a href=\"https:\/\/sindaopcpb.org.br\/documento-sigiloso\/\" class=\"advgb-post-tax-term\">Documento sigiloso<\/a>","<a href=\"https:\/\/sindaopcpb.org.br\/g1\/\" class=\"advgb-post-tax-term\">G1<\/a>","<a href=\"https:\/\/sindaopcpb.org.br\/jair-bolsonaro\/\" class=\"advgb-post-tax-term\">Jair Bolsonaro<\/a>","<a href=\"https:\/\/sindaopcpb.org.br\/lindora-araujo\/\" class=\"advgb-post-tax-term\">Lind\u00f4ra Ara\u00fajo<\/a>"],"unlinked":["<span class=\"advgb-post-tax-term\">Alexandre de Moraes<\/span>","<span class=\"advgb-post-tax-term\">Brasil<\/span>","<span class=\"advgb-post-tax-term\">Documento sigiloso<\/span>","<span class=\"advgb-post-tax-term\">G1<\/span>","<span class=\"advgb-post-tax-term\">Jair Bolsonaro<\/span>","<span class=\"advgb-post-tax-term\">Lind\u00f4ra Ara\u00fajo<\/span>"]},"tags":{"linked":["<a href=\"https:\/\/sindaopcpb.org.br\/lindora-araujo\/\" class=\"advgb-post-tax-term\">g1<\/a>"],"unlinked":["<span class=\"advgb-post-tax-term\">g1<\/span>"]}},"comment_count":"0","relative_dates":{"created":"Publicado 3 anos atr\u00e1s","modified":"Atualizado 3 anos atr\u00e1s"},"absolute_dates":{"created":"Publicado em 30 de junho de 2023","modified":"Atualizado em 30 de junho de 2023"},"absolute_dates_time":{"created":"Publicado em 30 de junho de 2023 08:38","modified":"Atualizado em 30 de junho de 2023 08:38"},"featured_img_caption":"","series_order":"","_links":{"self":[{"href":"https:\/\/sindaopcpb.org.br\/index.php\/wp-json\/wp\/v2\/posts\/23374","targetHints":{"allow":["GET"]}}],"collection":[{"href":"https:\/\/sindaopcpb.org.br\/index.php\/wp-json\/wp\/v2\/posts"}],"about":[{"href":"https:\/\/sindaopcpb.org.br\/index.php\/wp-json\/wp\/v2\/types\/post"}],"author":[{"embeddable":true,"href":"https:\/\/sindaopcpb.org.br\/index.php\/wp-json\/wp\/v2\/users\/42"}],"replies":[{"embeddable":true,"href":"https:\/\/sindaopcpb.org.br\/index.php\/wp-json\/wp\/v2\/comments?post=23374"}],"version-history":[{"count":1,"href":"https:\/\/sindaopcpb.org.br\/index.php\/wp-json\/wp\/v2\/posts\/23374\/revisions"}],"predecessor-version":[{"id":23375,"href":"https:\/\/sindaopcpb.org.br\/index.php\/wp-json\/wp\/v2\/posts\/23374\/revisions\/23375"}],"wp:attachment":[{"href":"https:\/\/sindaopcpb.org.br\/index.php\/wp-json\/wp\/v2\/media?parent=23374"}],"wp:term":[{"taxonomy":"category","embeddable":true,"href":"https:\/\/sindaopcpb.org.br\/index.php\/wp-json\/wp\/v2\/categories?post=23374"},{"taxonomy":"post_tag","embeddable":true,"href":"https:\/\/sindaopcpb.org.br\/index.php\/wp-json\/wp\/v2\/tags?post=23374"}],"curies":[{"name":"wp","href":"https:\/\/api.w.org\/{rel}","templated":true}]}}