{"id":23313,"date":"2023-06-29T16:38:23","date_gmt":"2023-06-29T19:38:23","guid":{"rendered":"https:\/\/wpa.wscom.com.br\/?p=909053"},"modified":"2023-06-29T16:38:23","modified_gmt":"2023-06-29T19:38:23","slug":"resultado-final-do-concurso-do-trt-13-e-homologado-e-lista-de-aprovados-e-divulgada-confira","status":"publish","type":"post","link":"https:\/\/sindaopcpb.org.br\/index.php\/2023\/06\/29\/resultado-final-do-concurso-do-trt-13-e-homologado-e-lista-de-aprovados-e-divulgada-confira\/","title":{"rendered":"Resultado final do concurso do TRT-13 \u00e9 homologado e lista de aprovados \u00e9 divulgada; confira"},"content":{"rendered":"<p dir=\"ltr\">O Tribunal Regional do Trabalho da Para\u00edba homologou, durante sess\u00e3o administrativa do Tribunal Pleno, nesta quinta-feira (29), o<a class=\"external-link\" title=\"\" href=\"http:\/\/chrome-extension\/\/efaidnbmnnnibpcajpcglclefindmkaj\/https:\/\/conhecimento.fgv.br\/sites\/default\/files\/concursos\/311_trt-13-resultado-final-de-aprovados-2023-06-22.pdf\" rel=\"noopener nofollow\">\u00a0<\/a><a class=\"internal-link\" title=\"\" href=\"https:\/\/www.trt13.jus.br\/informe-se\/noticias\/trt-13-homologa-resultado-final-do-concurso-em-sessao-administrativa-do-pleno-desta-quinta-29\/311_trt-13-resultado-final-de-aprovados-2023-06-22.pdf\" rel=\"noopener nofollow\" target=\"_blank\">resultado final\u00a0<\/a>do concurso p\u00fablico para provimento de vagas. Al\u00e9m disso, a lista foi publicada no\u00a0<a class=\"external-link\" title=\"\" href=\"http:\/\/www.in.gov.br\/web\/dou\/-\/edital-n-1\/2023-493151063\" rel=\"noopener nofollow\" target=\"_blank\">Di\u00e1rio Oficial da Uni\u00e3o<\/a>\u00a0desta quinta.<\/p>\n<p>Tamb\u00e9m foi divulgado o cronograma das pr\u00f3ximas etapas. Confira abaixo:<\/p>\n<p><img decoding=\"async\" loading=\"lazy\" class=\"image-inline\" title=\"Cronograma.jpeg\" src=\"https:\/\/www.trt13.jus.br\/informe-se\/noticias\/trt-13-homologa-resultado-final-do-concurso-em-sessao-administrativa-do-pleno-desta-quinta-29\/cronograma.jpeg\/@@images\/4c43b076-19c2-4766-90e3-8ca65c241ace.jpeg\" alt=\"Cronograma.jpeg\" width=\"441\" height=\"441\" \/><\/p>\n<p>&nbsp;<\/p>\n<p dir=\"ltr\">Ao todo, dever\u00e3o ser preenchidas 83 vagas, sendo 42 destinadas ao cargo de t\u00e9cnico judici\u00e1rio e 41 ao de analista judici\u00e1rio. O TRT-13 conta com um\u00a0<a href=\"https:\/\/www.trt13.jus.br\/institucional-1\/concursos\/servidores\" rel=\"nofollow noopener\" target=\"_blank\">espa\u00e7o espec\u00edfico<\/a>, em sua p\u00e1gina na internet, para divulgar as informa\u00e7\u00f5es acerca das pr\u00f3ximas etapas do concurso p\u00fablico.<\/p>\n<p>Durante a Sess\u00e3o Administrativa do Pleno e a homologa\u00e7\u00e3o do resultado do concurso, o presidente do TRT-13, desembargador Thiago de Oliveira Andrade, parabenizou a todos os aprovados, desejou boas-vindas e registrou que o Regional est\u00e1 muito feliz em receb\u00ea-los. \u201cParab\u00e9ns a todos pela aprova\u00e7\u00e3o, \u00e9 uma vit\u00f3ria deles e de suas fam\u00edlias. Agradecemos a todos que se inscreveram neste certame. \u00c9 uma vit\u00f3ria para todos n\u00f3s, de rejuvenescimento do quadro de servidores e engrandecimento da nossa Corte Trabalhista da Para\u00edba\u201d, disse o presidente.<\/p>\n<p>O desembargador Leonardo Trajano, presidente em exerc\u00edcio na \u00e9poca em que o concurso do TRT-13 foi aberto, pediu a palavra durante a sess\u00e3o para agradecer aos servidores que diretamente participaram da organiza\u00e7\u00e3o do concurso. \u201c\u00c9 uma vit\u00f3ria de todos n\u00f3s e do Tribunal, porque atrai o fortalecimento do nosso principal capital, que \u00e9 o capital humano. Desejo muito sucesso e muita sorte aos novos servidores que tomar\u00e3o posse nos pr\u00f3ximos dias\u201d, afirmou.<\/p>\n<p>A representante do Minist\u00e9rio P\u00fablico do Trabalho, procuradora Marcela Asfora, tamb\u00e9m pediu a palavra para parabenizar o Tribunal do Trabalho pela homologa\u00e7\u00e3o do concurso. \u201cN\u00f3s sabemos o quanto \u00e9 importante a reposi\u00e7\u00e3o de vagas. Vi a relev\u00e2ncia dos servidores que ser\u00e3o contratados, os setores em que ir\u00e3o trabalhar, e a relev\u00e2ncia disso em raz\u00e3o da melhor distribui\u00e7\u00e3o de trabalho e o quanto isso \u00e9 importante para um ambiente de trabalho saud\u00e1vel e seguro e, assim, um melhor servi\u00e7o prestado \u00e0 sociedade, com mais efici\u00eancia e celeridade\u201d, concluiu.<\/p>\n<p><strong>Documenta\u00e7\u00e3o\u00a0<\/strong><\/p>\n<p>Os candidatos devem ficar atentos \u00e0\u00a0<a class=\"external-link\" title=\"\" href=\"https:\/\/trt13.jus.br\/informe-se\/noticias\/trt-13-divulga-documentos-para-admissao-de-novos-servidores\" rel=\"noopener nofollow\" target=\"_blank\">lista de documentos e exames m\u00e9dicos<\/a>\u00a0 necess\u00e1rios para o momento da admiss\u00e3o, bem como da posse. Os resultados de todos os exames e laudos devem ser encaminhados, em arquivo \u00fanico no formato PDF, para o seguinte endere\u00e7o eletr\u00f4nico:\u00a0<a href=\"mailto:concursos@trt13.jus.br\">concursos@trt13.jus.br<\/a>.<\/p>\n<p>Confira\u00a0<a href=\"https:\/\/conhecimento.fgv.br\/sites\/default\/files\/concursos\/311_trt-13-resultado-final-de-aprovados-2023-06-22.pdf\" rel=\"noopener nofollow\" target=\"_blank\">aqui<\/a>\u00a0o resultado final dos aprovados no concurso, bem como o resultado final espec\u00edfico para\u00a0<a href=\"https:\/\/conhecimento.fgv.br\/sites\/default\/files\/concursos\/311_trt-13-resultado-final-de-aprovados-negros-2023-06-22.pdf\" rel=\"noopener nofollow\" target=\"_blank\">candidatos negros<\/a>\u00a0e para\u00a0<a href=\"https:\/\/conhecimento.fgv.br\/sites\/default\/files\/concursos\/311_trt-13-resultado-final-de-aprovados-deficientes-2023-06-22.pdf\" rel=\"noopener nofollow\" target=\"_blank\">candidatos com defici\u00eancia<\/a>, j\u00e1 divulgados pela FGV.<\/p>\n<p>O post <a rel=\"nofollow noopener\" href=\"https:\/\/wscom.com.br\/resultado-final-do-concurso-do-trt-13-e-homologado-e-lista-de-aprovados-e-divulgada-confira\/\" target=\"_blank\">Resultado final do concurso do TRT-13 \u00e9 homologado e lista de aprovados \u00e9 divulgada; confira<\/a> apareceu primeiro em <a rel=\"nofollow noopener\" href=\"https:\/\/wscom.com.br\/\" target=\"_blank\">WSCOM<\/a>.<\/p>\n","protected":false},"excerpt":{"rendered":"<p>O Tribunal Regional do Trabalho da Para\u00edba homologou, durante sess\u00e3o administrativa do Tribunal Pleno, nesta quinta-feira (29), o\u00a0resultado final\u00a0do concurso p\u00fablico para provimento de vagas. Al\u00e9m disso, a lista foi publicada no\u00a0Di\u00e1rio Oficial da Uni\u00e3o\u00a0desta quinta. Tamb\u00e9m foi divulgado o cronograma das pr\u00f3ximas etapas. Confira abaixo: \u00a0 Ao todo, dever\u00e3o ser preenchidas 83 vagas, sendo [\u2026]<\/p>\n<p>O post <a rel=\"nofollow\" href=\"https:\/\/wscom.com.br\/resultado-final-do-concurso-do-trt-13-e-homologado-e-lista-de-aprovados-e-divulgada-confira\/\">Resultado final do concurso do TRT-13 \u00e9 homologado e lista de aprovados \u00e9 divulgada; confira<\/a> apareceu primeiro em <a rel=\"nofollow\" href=\"https:\/\/wscom.com.br\/\">WSCOM<\/a>.<\/p>\n","protected":false},"author":49,"featured_media":0,"comment_status":"closed","ping_status":"closed","sticky":false,"template":"","format":"standard","meta":{"advgb_blocks_editor_width":"","advgb_blocks_columns_visual_guide":"","footnotes":""},"categories":[1167,34,54,5567,3538],"tags":[35],"class_list":["post-23313","post","type-post","status-publish","format-standard","hentry","category-concurso-publico","category-g1","category-paraiba","category-provimento-de-vagas","category-trt-13","tag-g1"],"author_meta":{"display_name":"Cristiane Cavalcante","author_link":"https:\/\/sindaopcpb.org.br\/author\/cristiane-cavalcante\/"},"featured_img":null,"coauthors":[],"tax_additional":{"categories":{"linked":["<a href=\"https:\/\/sindaopcpb.org.br\/concurso-publico\/\" class=\"advgb-post-tax-term\">Concurso P\u00fablico<\/a>","<a href=\"https:\/\/sindaopcpb.org.br\/g1\/\" class=\"advgb-post-tax-term\">G1<\/a>","<a href=\"https:\/\/sindaopcpb.org.br\/paraiba\/\" class=\"advgb-post-tax-term\">Para\u00edba<\/a>","<a href=\"https:\/\/sindaopcpb.org.br\/provimento-de-vagas\/\" class=\"advgb-post-tax-term\">provimento de vagas<\/a>","<a href=\"https:\/\/sindaopcpb.org.br\/trt-13\/\" class=\"advgb-post-tax-term\">TRT 13<\/a>"],"unlinked":["<span class=\"advgb-post-tax-term\">Concurso P\u00fablico<\/span>","<span class=\"advgb-post-tax-term\">G1<\/span>","<span class=\"advgb-post-tax-term\">Para\u00edba<\/span>","<span class=\"advgb-post-tax-term\">provimento de vagas<\/span>","<span class=\"advgb-post-tax-term\">TRT 13<\/span>"]},"tags":{"linked":["<a href=\"https:\/\/sindaopcpb.org.br\/trt-13\/\" class=\"advgb-post-tax-term\">g1<\/a>"],"unlinked":["<span class=\"advgb-post-tax-term\">g1<\/span>"]}},"comment_count":"0","relative_dates":{"created":"Publicado 3 anos atr\u00e1s","modified":"Atualizado 3 anos atr\u00e1s"},"absolute_dates":{"created":"Publicado em 29 de junho de 2023","modified":"Atualizado em 29 de junho de 2023"},"absolute_dates_time":{"created":"Publicado em 29 de junho de 2023 16:38","modified":"Atualizado em 29 de junho de 2023 16:38"},"featured_img_caption":"","series_order":"","_links":{"self":[{"href":"https:\/\/sindaopcpb.org.br\/index.php\/wp-json\/wp\/v2\/posts\/23313","targetHints":{"allow":["GET"]}}],"collection":[{"href":"https:\/\/sindaopcpb.org.br\/index.php\/wp-json\/wp\/v2\/posts"}],"about":[{"href":"https:\/\/sindaopcpb.org.br\/index.php\/wp-json\/wp\/v2\/types\/post"}],"author":[{"embeddable":true,"href":"https:\/\/sindaopcpb.org.br\/index.php\/wp-json\/wp\/v2\/users\/49"}],"replies":[{"embeddable":true,"href":"https:\/\/sindaopcpb.org.br\/index.php\/wp-json\/wp\/v2\/comments?post=23313"}],"version-history":[{"count":1,"href":"https:\/\/sindaopcpb.org.br\/index.php\/wp-json\/wp\/v2\/posts\/23313\/revisions"}],"predecessor-version":[{"id":23314,"href":"https:\/\/sindaopcpb.org.br\/index.php\/wp-json\/wp\/v2\/posts\/23313\/revisions\/23314"}],"wp:attachment":[{"href":"https:\/\/sindaopcpb.org.br\/index.php\/wp-json\/wp\/v2\/media?parent=23313"}],"wp:term":[{"taxonomy":"category","embeddable":true,"href":"https:\/\/sindaopcpb.org.br\/index.php\/wp-json\/wp\/v2\/categories?post=23313"},{"taxonomy":"post_tag","embeddable":true,"href":"https:\/\/sindaopcpb.org.br\/index.php\/wp-json\/wp\/v2\/tags?post=23313"}],"curies":[{"name":"wp","href":"https:\/\/api.w.org\/{rel}","templated":true}]}}