{"id":23309,"date":"2023-06-29T17:19:39","date_gmt":"2023-06-29T20:19:39","guid":{"rendered":"https:\/\/wpa.wscom.com.br\/?p=909080"},"modified":"2023-06-29T17:19:39","modified_gmt":"2023-06-29T20:19:39","slug":"projeto-de-ruy-proibe-cobranca-indevida-praticada-por-plataformas-de-servico-na-internet","status":"publish","type":"post","link":"https:\/\/sindaopcpb.org.br\/index.php\/2023\/06\/29\/projeto-de-ruy-proibe-cobranca-indevida-praticada-por-plataformas-de-servico-na-internet\/","title":{"rendered":"Projeto de Ruy pro\u00edbe cobran\u00e7a indevida praticada por plataformas de servi\u00e7o na internet"},"content":{"rendered":"<p>A recente tentativa das plataformas de streaming dispon\u00edveis na internet cobrarem valores abusivos e adicionais pelo uso dos servi\u00e7os em diferentes localiza\u00e7\u00f5es tem sido combatida pelo deputado federal Ruy Carneiro. O parlamentar apresentou um projeto de lei no Congresso Nacional para proibir cobran\u00e7as indevidas aos consumidores que utilizam transmiss\u00e3o de dados pela internet em diferentes locais e aparelhos.<\/p>\n<p>Ruy defende a proibi\u00e7\u00e3o imediata da pr\u00e1tica abusiva, que vem sendo aplicada por algumas empresas no Brasil. \u201c\u00c9 preciso garantir o direito do consumidor e agir com velocidade para ningu\u00e9m seja lesado pelas mudan\u00e7as abusivas desses grandes conglomerados. Esse projeto impede a tributa\u00e7\u00e3o extra cobrada pelos servi\u00e7os de streaming, independente da localiza\u00e7\u00e3o e do equipamento utilizado pelo consumidor\u201d, ressaltou.<\/p>\n<p>O deputado alertou que a medida tamb\u00e9m estabelece aviso pr\u00e9vio sobre qualquer altera\u00e7\u00e3o de contrato realizada pelas operadoras. \u201cQualquer altera\u00e7\u00e3o contratual dever\u00e1 ser comunicada ao assinante com pelo menos 90 dias de anteced\u00eancia. Durante esses tr\u00eas meses, os assinantes poder\u00e3o rescindir o contrato sem precisar pagar qualquer tipo de taxa ou multa. Al\u00e9m disso, ainda estamos estabelecendo a devolu\u00e7\u00e3o do dobro do valor em casos onde essa cobran\u00e7a seja realizada de forma indevida\u201d, esclareceu.<\/p>\n<p>O PL 3299\/2023 ainda assegura aos provedores de servi\u00e7o por assinatura a possibilidade de restri\u00e7\u00e3o de acessos simult\u00e2neos nas plataformas, quando essa limita\u00e7\u00e3o estiver prevista em contrato.<\/p>\n<p>O post <a rel=\"nofollow noopener\" href=\"https:\/\/wscom.com.br\/projeto-de-ruy-proibe-cobranca-indevida-praticada-por-plataformas-de-servico-na-internet\/\" target=\"_blank\">Projeto de Ruy pro\u00edbe cobran\u00e7a indevida praticada por plataformas de servi\u00e7o na internet<\/a> apareceu primeiro em <a rel=\"nofollow noopener\" href=\"https:\/\/wscom.com.br\/\" target=\"_blank\">WSCOM<\/a>.<\/p>\n","protected":false},"excerpt":{"rendered":"<p>A recente tentativa das plataformas de streaming dispon\u00edveis na internet cobrarem valores abusivos e adicionais pelo uso dos servi\u00e7os em diferentes localiza\u00e7\u00f5es tem sido combatida pelo deputado federal Ruy Carneiro. O parlamentar apresentou um projeto de lei no Congresso Nacional para proibir cobran\u00e7as indevidas aos consumidores que utilizam transmiss\u00e3o de dados pela internet em diferentes [\u2026]<\/p>\n<p>O post <a rel=\"nofollow\" href=\"https:\/\/wscom.com.br\/projeto-de-ruy-proibe-cobranca-indevida-praticada-por-plataformas-de-servico-na-internet\/\">Projeto de Ruy pro\u00edbe cobran\u00e7a indevida praticada por plataformas de servi\u00e7o na internet<\/a> apareceu primeiro em <a rel=\"nofollow\" href=\"https:\/\/wscom.com.br\/\">WSCOM<\/a>.<\/p>\n","protected":false},"author":49,"featured_media":0,"comment_status":"closed","ping_status":"closed","sticky":false,"template":"","format":"standard","meta":{"advgb_blocks_editor_width":"","advgb_blocks_columns_visual_guide":"","footnotes":""},"categories":[34,47,764,5563,5564,5565],"tags":[35],"class_list":["post-23309","post","type-post","status-publish","format-standard","hentry","category-g1","category-politica","category-ruy-carneiro","category-streaming","category-taxas-adicionais","category-valores-abusivos","tag-g1"],"author_meta":{"display_name":"Cristiane Cavalcante","author_link":"https:\/\/sindaopcpb.org.br\/author\/cristiane-cavalcante\/"},"featured_img":null,"coauthors":[],"tax_additional":{"categories":{"linked":["<a href=\"https:\/\/sindaopcpb.org.br\/g1\/\" class=\"advgb-post-tax-term\">G1<\/a>","<a href=\"https:\/\/sindaopcpb.org.br\/politica\/\" class=\"advgb-post-tax-term\">POLITICA<\/a>","<a href=\"https:\/\/sindaopcpb.org.br\/ruy-carneiro\/\" class=\"advgb-post-tax-term\">ruy carneiro<\/a>","<a href=\"https:\/\/sindaopcpb.org.br\/streaming\/\" class=\"advgb-post-tax-term\">streaming<\/a>","<a href=\"https:\/\/sindaopcpb.org.br\/taxas-adicionais\/\" class=\"advgb-post-tax-term\">taxas adicionais<\/a>","<a href=\"https:\/\/sindaopcpb.org.br\/valores-abusivos\/\" class=\"advgb-post-tax-term\">valores abusivos<\/a>"],"unlinked":["<span class=\"advgb-post-tax-term\">G1<\/span>","<span class=\"advgb-post-tax-term\">POLITICA<\/span>","<span class=\"advgb-post-tax-term\">ruy carneiro<\/span>","<span class=\"advgb-post-tax-term\">streaming<\/span>","<span class=\"advgb-post-tax-term\">taxas adicionais<\/span>","<span class=\"advgb-post-tax-term\">valores abusivos<\/span>"]},"tags":{"linked":["<a href=\"https:\/\/sindaopcpb.org.br\/valores-abusivos\/\" class=\"advgb-post-tax-term\">g1<\/a>"],"unlinked":["<span class=\"advgb-post-tax-term\">g1<\/span>"]}},"comment_count":"0","relative_dates":{"created":"Publicado 3 anos atr\u00e1s","modified":"Atualizado 3 anos atr\u00e1s"},"absolute_dates":{"created":"Publicado em 29 de junho de 2023","modified":"Atualizado em 29 de junho de 2023"},"absolute_dates_time":{"created":"Publicado em 29 de junho de 2023 17:19","modified":"Atualizado em 29 de junho de 2023 17:19"},"featured_img_caption":"","series_order":"","_links":{"self":[{"href":"https:\/\/sindaopcpb.org.br\/index.php\/wp-json\/wp\/v2\/posts\/23309","targetHints":{"allow":["GET"]}}],"collection":[{"href":"https:\/\/sindaopcpb.org.br\/index.php\/wp-json\/wp\/v2\/posts"}],"about":[{"href":"https:\/\/sindaopcpb.org.br\/index.php\/wp-json\/wp\/v2\/types\/post"}],"author":[{"embeddable":true,"href":"https:\/\/sindaopcpb.org.br\/index.php\/wp-json\/wp\/v2\/users\/49"}],"replies":[{"embeddable":true,"href":"https:\/\/sindaopcpb.org.br\/index.php\/wp-json\/wp\/v2\/comments?post=23309"}],"version-history":[{"count":1,"href":"https:\/\/sindaopcpb.org.br\/index.php\/wp-json\/wp\/v2\/posts\/23309\/revisions"}],"predecessor-version":[{"id":23310,"href":"https:\/\/sindaopcpb.org.br\/index.php\/wp-json\/wp\/v2\/posts\/23309\/revisions\/23310"}],"wp:attachment":[{"href":"https:\/\/sindaopcpb.org.br\/index.php\/wp-json\/wp\/v2\/media?parent=23309"}],"wp:term":[{"taxonomy":"category","embeddable":true,"href":"https:\/\/sindaopcpb.org.br\/index.php\/wp-json\/wp\/v2\/categories?post=23309"},{"taxonomy":"post_tag","embeddable":true,"href":"https:\/\/sindaopcpb.org.br\/index.php\/wp-json\/wp\/v2\/tags?post=23309"}],"curies":[{"name":"wp","href":"https:\/\/api.w.org\/{rel}","templated":true}]}}