{"id":23256,"date":"2023-06-29T12:28:31","date_gmt":"2023-06-29T15:28:31","guid":{"rendered":"https:\/\/wpa.wscom.com.br\/?p=909025"},"modified":"2023-06-29T12:28:31","modified_gmt":"2023-06-29T15:28:31","slug":"censo-o-futuro-de-joao-pessoa-e-as-eleicoes-2024-por-eder-dantas","status":"publish","type":"post","link":"https:\/\/sindaopcpb.org.br\/index.php\/2023\/06\/29\/censo-o-futuro-de-joao-pessoa-e-as-eleicoes-2024-por-eder-dantas\/","title":{"rendered":"Censo, o futuro de Jo\u00e3o Pessoa e as elei\u00e7\u00f5es 2024, por\u00a0\u00c9der Dantas\u00a0"},"content":{"rendered":"<p>&nbsp;<\/p>\n<p>&nbsp;<\/p>\n<p>Dados preliminares do censo de 2022 divulgados pelo Instituto Brasileiro de Geografia e Estat\u00edstica &#8211; IBGE indicam que a capital da Para\u00edba, Jo\u00e3o Pessoa, \u00e9 agora a sexta capital mais populosa da regi\u00e3o, \u00e0 frente de Natal (RN) e Teresina (PI). Nossa cidade j\u00e1 conta com quase o dobro de habitantes de Campina Grande, segunda maior cidade do estado. Nos \u00faltimos 12 anos, a cidade viu sua popula\u00e7\u00e3o crescer de 723.515 habitantes para 833.932 habitantes, atingindo um aumento de 15,3%.<\/p>\n<p>O crescimento da outrora provinciana Cidade da Parahyba do Norte se deu acima do crescimento nacional e regional. A popula\u00e7\u00e3o do Brasil superou os 203 milh\u00f5es (203.062.512), segundo o Censo 2022, ficando, todavia, abaixo do previsto. O Centro-Oeste foi a regi\u00e3o que mais cresceu (provavelmente movida pelo boom do agroneg\u00f3cio). O Nordeste, por sua vez, teve a menor taxa anual de crescimento do pa\u00eds. V\u00e1rias capitais tiveram redu\u00e7\u00e3o populacional, a exemplo de S\u00e3o Paulo, Rio de Janeiro e das nordestinas Recife, Salvador, Fortaleza e Natal.<\/p>\n<p>N\u00e3o sou dem\u00f3grafo, nem ge\u00f3grafo. Deixo, portanto, a an\u00e1lise dos dados apontados pelo Censo para os especialistas na mat\u00e9ria. O que pretendo fazer aqui \u00e9 levantar quest\u00f5es para o debate em torno do futuro da cidade em que vivemos. N\u00e3o h\u00e1 sombra de d\u00favida que os dados apresentados pelo IBGE impactam nos rumos do desenvolvimento da capital paraiba e, especialmente, no planejamento governamental.<\/p>\n<p>Tivemos, em doze anos, um acr\u00e9scimo de 110.417 habitantes em nossa cidade. Isto significa a chegada de pessoas que precisam morar, comer, tomar banho, defecar, se deslocar, estudar, trabalhar, praticar exerc\u00edcios f\u00edsicos, ter uma vida cultural, ou seja, precisam ter qualidade de vida e, para isso, necessitam de vida econ\u00f4mica e social, servi\u00e7os p\u00fablicos e infraestrutura urbana.<\/p>\n<p>E como anda a qualidade de vida em nossa cidade? Nas \u00e1reas nobres, tivemos uma grande verticaliza\u00e7\u00e3o das constru\u00e7\u00f5es, com expans\u00e3o dos neg\u00f3cios privados e uma vis\u00edvel melhora na qualidade de vida das pessoas. O maior s\u00edmbolo de tudo isso \u00e9 a constru\u00e7\u00e3o de edif\u00edcios luxuosos em bairros como o Altiplano Cabo Branco. Em certas \u00e1reas, a cidade est\u00e1, no linguajar popular, \u201cum brinco\u201d.<\/p>\n<p>J\u00e1 no Centro da cidade, o cen\u00e1rio \u00e9 desolador. Os pr\u00e9dios antigos, cada vez mais, em ru\u00ednas. Com\u00e9rcio decadente, drogas, desemprego, prostitui\u00e7\u00e3o, mis\u00e9ria, comp\u00f5em o quadro. Na periferia, aos problemas sociais se soma a falta de estrutura. Cada vez mais, podemos falar em duas Jo\u00e3o Pessoas: A da orla (um \u201cpara\u00edso tropical&#8221;, gerido pelo mercado) e a maior parte da cidade, em que a maioria parece viver entregue \u00e0 pr\u00f3pria sorte.<\/p>\n<p>No tocante \u00e0 quest\u00e3o ambiental, a \u201ccidade jardim\u201d, t\u00e3o decantada no passado, parece uma realidade a cada dia mais distante. A redu\u00e7\u00e3o da cobertura vegetal avan\u00e7a assustadoramente, enquanto nossos rios permanecem polu\u00eddos. Os grandes interesses econ\u00f4micos (que ditam regras na orla) avan\u00e7am em dire\u00e7\u00e3o ao sul do munic\u00edpio, de olho em \u00e1reas como Gramame e o territ\u00f3rio do \u201cCintur\u00e3o Verde\u201d, antes pensado para produzir alimentos. Enquanto isso, a prefeitura quer promover uma \u201cengorda\u201d da praia, projeto n\u00e3o discutido com ningu\u00e9m e que interessa a meia d\u00fazia de empres\u00e1rios \u00e1vidos por lucros, enquanto o povo padece com servi\u00e7os p\u00fablicos prec\u00e1rios e o meio ambiente \u00e9 atacado. A cidade, j\u00e1 desigual, pode ficar mais discrepante ainda, do ponto de vista econ\u00f4mico, social e ambiental.<\/p>\n<p>Estamos h\u00e1 pouco mais de um ano e tr\u00eas meses das elei\u00e7\u00f5es e ainda bem que o Censo foi divulgado. Ele nos mostra dados desafiadores para quem mora na cidade e pensa no seu futuro. Lideran\u00e7as e partidos pol\u00edticos comprometidos com uma cidade humana e sustent\u00e1vel n\u00e3o podem permitir que o debate eleitoral, que ora se inicia, se restrinja \u00e0 discuss\u00e3o de nomes. Precisamos discutir sobre a cidade que temos e a cidade que queremos. O futuro se constr\u00f3i agora.<\/p>\n<p>\u00c9 hora de repensar este modelo neoliberal, concentrador de riquezas e predat\u00f3rio dos nossos recursos naturais, que tem predominado em muitas cidades e, em Jo\u00e3o Pessoa, a outrora \u201ccidade mais verde do mundo&#8221;, em especial.<\/p>\n<p>Uma cidade minimamente sustent\u00e1vel e para todos resultar\u00e1 de muito di\u00e1logo, luta social e ser\u00e1 obra de muitas m\u00e3os! Que venha o debate!<\/p>\n<p><em>*Professor do Departamento de Psicopedagogia da UFPB e ex-Secret\u00e1rio de Transpar\u00eancia P\u00fablica de Jo\u00e3o Pessoa.<\/em><\/p>\n<p>&nbsp;<\/p>\n<p>&nbsp;<\/p>\n<p>&nbsp;<\/p>\n<p>O post <a rel=\"nofollow noopener\" href=\"https:\/\/wscom.com.br\/censo-o-futuro-de-joao-pessoa-e-as-eleicoes-2024-por-eder-dantas\/\" target=\"_blank\">Censo, o futuro de Jo\u00e3o Pessoa e as elei\u00e7\u00f5es 2024, por\u00a0\u00c9der Dantas\u00a0<\/a> apareceu primeiro em <a rel=\"nofollow noopener\" href=\"https:\/\/wscom.com.br\/\" target=\"_blank\">WSCOM<\/a>.<\/p>\n","protected":false},"excerpt":{"rendered":"<p>\u00a0 \u00a0 Dados preliminares do censo de 2022 divulgados pelo Instituto Brasileiro de Geografia e Estat\u00edstica \u2013 IBGE indicam que a capital da Para\u00edba, Jo\u00e3o Pessoa, \u00e9 agora a sexta capital mais populosa da regi\u00e3o, \u00e0 frente de Natal (RN) e Teresina (PI). Nossa cidade j\u00e1 conta com quase o dobro de habitantes de Campina [\u2026]<\/p>\n<p>O post <a rel=\"nofollow\" href=\"https:\/\/wscom.com.br\/censo-o-futuro-de-joao-pessoa-e-as-eleicoes-2024-por-eder-dantas\/\">Censo, o futuro de Jo\u00e3o Pessoa e as elei\u00e7\u00f5es 2024, por\u00a0\u00c9der Dantas\u00a0<\/a> apareceu primeiro em <a rel=\"nofollow\" href=\"https:\/\/wscom.com.br\/\">WSCOM<\/a>.<\/p>\n","protected":false},"author":50,"featured_media":0,"comment_status":"closed","ping_status":"closed","sticky":false,"template":"","format":"standard","meta":{"advgb_blocks_editor_width":"","advgb_blocks_columns_visual_guide":"","footnotes":""},"categories":[4204,5534,34,531,54,1597],"tags":[35],"class_list":["post-23256","post","type-post","status-publish","format-standard","hentry","category-dantas","category-eder","category-g1","category-joao","category-paraiba","category-pessoa","tag-g1"],"author_meta":{"display_name":"Wallyson","author_link":"https:\/\/sindaopcpb.org.br\/author\/wallyson\/"},"featured_img":null,"coauthors":[],"tax_additional":{"categories":{"linked":["<a href=\"https:\/\/sindaopcpb.org.br\/dantas\/\" class=\"advgb-post-tax-term\">DANTAS<\/a>","<a href=\"https:\/\/sindaopcpb.org.br\/eder\/\" class=\"advgb-post-tax-term\">\u00e9der<\/a>","<a href=\"https:\/\/sindaopcpb.org.br\/g1\/\" class=\"advgb-post-tax-term\">G1<\/a>","<a href=\"https:\/\/sindaopcpb.org.br\/joao\/\" class=\"advgb-post-tax-term\">Jo\u00e3o<\/a>","<a href=\"https:\/\/sindaopcpb.org.br\/paraiba\/\" class=\"advgb-post-tax-term\">Para\u00edba<\/a>","<a href=\"https:\/\/sindaopcpb.org.br\/pessoa\/\" class=\"advgb-post-tax-term\">Pessoa<\/a>"],"unlinked":["<span class=\"advgb-post-tax-term\">DANTAS<\/span>","<span class=\"advgb-post-tax-term\">\u00e9der<\/span>","<span class=\"advgb-post-tax-term\">G1<\/span>","<span class=\"advgb-post-tax-term\">Jo\u00e3o<\/span>","<span class=\"advgb-post-tax-term\">Para\u00edba<\/span>","<span class=\"advgb-post-tax-term\">Pessoa<\/span>"]},"tags":{"linked":["<a href=\"https:\/\/sindaopcpb.org.br\/pessoa\/\" class=\"advgb-post-tax-term\">g1<\/a>"],"unlinked":["<span class=\"advgb-post-tax-term\">g1<\/span>"]}},"comment_count":"0","relative_dates":{"created":"Publicado 3 anos atr\u00e1s","modified":"Atualizado 3 anos atr\u00e1s"},"absolute_dates":{"created":"Publicado em 29 de junho de 2023","modified":"Atualizado em 29 de junho de 2023"},"absolute_dates_time":{"created":"Publicado em 29 de junho de 2023 12:28","modified":"Atualizado em 29 de junho de 2023 12:28"},"featured_img_caption":"","series_order":"","_links":{"self":[{"href":"https:\/\/sindaopcpb.org.br\/index.php\/wp-json\/wp\/v2\/posts\/23256","targetHints":{"allow":["GET"]}}],"collection":[{"href":"https:\/\/sindaopcpb.org.br\/index.php\/wp-json\/wp\/v2\/posts"}],"about":[{"href":"https:\/\/sindaopcpb.org.br\/index.php\/wp-json\/wp\/v2\/types\/post"}],"author":[{"embeddable":true,"href":"https:\/\/sindaopcpb.org.br\/index.php\/wp-json\/wp\/v2\/users\/50"}],"replies":[{"embeddable":true,"href":"https:\/\/sindaopcpb.org.br\/index.php\/wp-json\/wp\/v2\/comments?post=23256"}],"version-history":[{"count":1,"href":"https:\/\/sindaopcpb.org.br\/index.php\/wp-json\/wp\/v2\/posts\/23256\/revisions"}],"predecessor-version":[{"id":23257,"href":"https:\/\/sindaopcpb.org.br\/index.php\/wp-json\/wp\/v2\/posts\/23256\/revisions\/23257"}],"wp:attachment":[{"href":"https:\/\/sindaopcpb.org.br\/index.php\/wp-json\/wp\/v2\/media?parent=23256"}],"wp:term":[{"taxonomy":"category","embeddable":true,"href":"https:\/\/sindaopcpb.org.br\/index.php\/wp-json\/wp\/v2\/categories?post=23256"},{"taxonomy":"post_tag","embeddable":true,"href":"https:\/\/sindaopcpb.org.br\/index.php\/wp-json\/wp\/v2\/tags?post=23256"}],"curies":[{"name":"wp","href":"https:\/\/api.w.org\/{rel}","templated":true}]}}