{"id":23248,"date":"2023-06-29T12:36:00","date_gmt":"2023-06-29T15:36:00","guid":{"rendered":"https:\/\/www.infomoney.com.br\/?p=2174337"},"modified":"2023-06-29T12:36:00","modified_gmt":"2023-06-29T15:36:00","slug":"lula-indica-marina-palma-copola-para-diretoria-da-cvm","status":"publish","type":"post","link":"https:\/\/sindaopcpb.org.br\/index.php\/2023\/06\/29\/lula-indica-marina-palma-copola-para-diretoria-da-cvm\/","title":{"rendered":"Lula indica Marina Palma Copola para diretoria da CVM"},"content":{"rendered":"<p><img loading=\"lazy\" width=\"300\" height=\"169\" src=\"https:\/\/www.infomoney.com.br\/wp-content\/uploads\/2021\/12\/CVM-1024x576-1.jpg?fit=300%2C169&amp;quality=70&amp;strip=all\" class=\"attachment-medium size-medium wp-post-image\" alt=\"\" decoding=\"async\" style=\"float:right; margin:0 0 10px 10px;\" srcset=\"https:\/\/www.infomoney.com.br\/wp-content\/uploads\/2021\/12\/CVM-1024x576-1.jpg?w=1024&amp;quality=70&amp;strip=all 1024w, https:\/\/www.infomoney.com.br\/wp-content\/uploads\/2021\/12\/CVM-1024x576-1.jpg?w=300&amp;quality=70&amp;strip=all 300w, https:\/\/www.infomoney.com.br\/wp-content\/uploads\/2021\/12\/CVM-1024x576-1.jpg?w=768&amp;quality=70&amp;strip=all 768w, https:\/\/www.infomoney.com.br\/wp-content\/uploads\/2021\/12\/CVM-1024x576-1.jpg?w=360&amp;quality=70&amp;strip=all 360w, https:\/\/www.infomoney.com.br\/wp-content\/uploads\/2021\/12\/CVM-1024x576-1.jpg?w=755&amp;quality=70&amp;strip=all 755w, https:\/\/www.infomoney.com.br\/wp-content\/uploads\/2021\/12\/CVM-1024x576-1.jpg?w=916&amp;quality=70&amp;strip=all 916w, https:\/\/www.infomoney.com.br\/wp-content\/uploads\/2021\/12\/CVM-1024x576-1.jpg?w=150&amp;quality=70&amp;strip=all 150w\" sizes=\"auto, (max-width: 300px) 100vw, 300px\" data-attachment-id=\"1750696\" data-permalink=\"https:\/\/www.infomoney.com.br\/cvm-1024x576\/\" data-orig-file=\"https:\/\/www.infomoney.com.br\/wp-content\/uploads\/2021\/12\/CVM-1024x576-1.jpg?fit=1024%2C576&amp;quality=70&amp;strip=all\" data-orig-size=\"1024,576\" data-comments-opened=\"1\" data-image-meta=\"{&quot;aperture&quot;:&quot;0&quot;,&quot;credit&quot;:&quot;&quot;,&quot;camera&quot;:&quot;&quot;,&quot;caption&quot;:&quot;&quot;,&quot;created_timestamp&quot;:&quot;0&quot;,&quot;copyright&quot;:&quot;&quot;,&quot;focal_length&quot;:&quot;0&quot;,&quot;iso&quot;:&quot;0&quot;,&quot;shutter_speed&quot;:&quot;0&quot;,&quot;title&quot;:&quot;&quot;,&quot;orientation&quot;:&quot;0&quot;}\" data-image-title=\"CVM-1024&#215;576\" data-image-description=\"\" data-image-caption=\"\" data-medium-file=\"https:\/\/www.infomoney.com.br\/wp-content\/uploads\/2021\/12\/CVM-1024x576-1.jpg?fit=300%2C169&amp;quality=70&amp;strip=all\" data-large-file=\"https:\/\/www.infomoney.com.br\/wp-content\/uploads\/2021\/12\/CVM-1024x576-1.jpg?fit=1024%2C576&amp;quality=70&amp;strip=all\" title=\"\"><\/p>\n<p>O presidente da Rep\u00fablica, Luiz In\u00e1cio Lula da Silva, indicou o nome de Marina Palma Copola de Carvalho para exercer o cargo de diretora da Comiss\u00e3o de Valores Mobili\u00e1rios (CVM).<\/p>\n<p>Em mensagem, publicada no <i>Di\u00e1rio Oficial da Uni\u00e3o<\/i> desta quinta-feira, 29, o presidente encaminha a indica\u00e7\u00e3o para aprecia\u00e7\u00e3o do Senado Federal, que deve aprovar o nome, primeiro na Comiss\u00e3o de Assuntos Econ\u00f4micos (CAE) e depois no plen\u00e1rio.<\/p>\n<p>Marina Copola est\u00e1 sendo indicada para a vaga decorrente da ren\u00fancia de Alexandre Costa Rangel, que teria ainda mandato at\u00e9 dezembro de 2024.<\/p>\n<p>The post <a rel=\"nofollow noopener\" href=\"https:\/\/www.infomoney.com.br\/mercados\/lula-indica-marina-palma-copola-para-diretoria-da-cvm\/\" target=\"_blank\">Lula indica Marina Palma Copola para diretoria da CVM<\/a> appeared first on <a rel=\"nofollow noopener\" href=\"https:\/\/www.infomoney.com.br\/\" target=\"_blank\">InfoMoney<\/a>.<\/p>\n","protected":false},"excerpt":{"rendered":"<p><img loading=\"lazy\" decoding=\"async\" width=\"300\" height=\"169\" src=\"https:\/\/www.infomoney.com.br\/wp-content\/uploads\/2021\/12\/CVM-1024x576-1.jpg?fit=300%2C169&amp;quality=70&amp;strip=all\" class=\"attachment-medium size-medium wp-post-image\" alt=\"\" data-attachment-id=\"1750696\" data-permalink=\"https:\/\/www.infomoney.com.br\/cvm-1024x576\/\" data-orig-file=\"https:\/\/www.infomoney.com.br\/wp-content\/uploads\/2021\/12\/CVM-1024x576-1.jpg?fit=1024%2C576&amp;quality=70&amp;strip=all\" data-orig-size=\"1024,576\" data-comments-opened=\"1\" data-image-meta='{\"aperture\":\"0\",\"credit\":\"\",\"camera\":\"\",\"caption\":\"\",\"created_timestamp\":\"0\",\"copyright\":\"\",\"focal_length\":\"0\",\"iso\":\"0\",\"shutter_speed\":\"0\",\"title\":\"\",\"orientation\":\"0\"}' data-image-title=\"CVM-1024\u00d7576\" data-image-description=\"\" data-image-caption=\"\" data-medium-file=\"https:\/\/www.infomoney.com.br\/wp-content\/uploads\/2021\/12\/CVM-1024x576-1.jpg?fit=300%2C169&amp;quality=70&amp;strip=all\" data-large-file=\"https:\/\/www.infomoney.com.br\/wp-content\/uploads\/2021\/12\/CVM-1024x576-1.jpg?fit=1024%2C576&amp;quality=70&amp;strip=all\">Marina Copola est\u00e1 sendo indicada para a vaga decorrente da ren\u00fancia de Alexandre Costa Rangel, que teria ainda mandato at\u00e9 dezembro de 2024<\/p>\n<p>The post <a rel=\"nofollow\" href=\"https:\/\/www.infomoney.com.br\/mercados\/lula-indica-marina-palma-copola-para-diretoria-da-cvm\/\">Lula indica Marina Palma Copola para diretoria da CVM<\/a> appeared first on <a rel=\"nofollow\" href=\"https:\/\/www.infomoney.com.br\/\">InfoMoney<\/a>.<\/p>\n","protected":false},"author":43,"featured_media":0,"comment_status":"closed","ping_status":"closed","sticky":false,"template":"","format":"standard","meta":{"advgb_blocks_editor_width":"","advgb_blocks_columns_visual_guide":"","footnotes":""},"categories":[5528,346,34,129,127,1108,47,403],"tags":[35],"class_list":["post-23248","post","type-post","status-publish","format-standard","hentry","category-cvm","category-diario-oficial-da-uniao","category-g1","category-luiz-inacio-lula-da-silva","category-mercados","category-onde-investir","category-politica","category-senado","tag-g1"],"author_meta":{"display_name":"Estad\u00e3o Conte\u00fado","author_link":"https:\/\/sindaopcpb.org.br\/author\/estadao-conteudo\/"},"featured_img":null,"coauthors":[],"tax_additional":{"categories":{"linked":["<a href=\"https:\/\/sindaopcpb.org.br\/cvm\/\" class=\"advgb-post-tax-term\">CVM<\/a>","<a href=\"https:\/\/sindaopcpb.org.br\/diario-oficial-da-uniao\/\" class=\"advgb-post-tax-term\">Di\u00e1rio Oficial da uni\u00e3o<\/a>","<a href=\"https:\/\/sindaopcpb.org.br\/g1\/\" class=\"advgb-post-tax-term\">G1<\/a>","<a href=\"https:\/\/sindaopcpb.org.br\/luiz-inacio-lula-da-silva\/\" class=\"advgb-post-tax-term\">Luiz In\u00e1cio Lula da Silva<\/a>","<a href=\"https:\/\/sindaopcpb.org.br\/mercados\/\" class=\"advgb-post-tax-term\">Mercados<\/a>","<a href=\"https:\/\/sindaopcpb.org.br\/onde-investir\/\" class=\"advgb-post-tax-term\">Onde Investir<\/a>","<a href=\"https:\/\/sindaopcpb.org.br\/politica\/\" class=\"advgb-post-tax-term\">POLITICA<\/a>","<a href=\"https:\/\/sindaopcpb.org.br\/senado\/\" class=\"advgb-post-tax-term\">Senado<\/a>"],"unlinked":["<span class=\"advgb-post-tax-term\">CVM<\/span>","<span class=\"advgb-post-tax-term\">Di\u00e1rio Oficial da uni\u00e3o<\/span>","<span class=\"advgb-post-tax-term\">G1<\/span>","<span class=\"advgb-post-tax-term\">Luiz In\u00e1cio Lula da Silva<\/span>","<span class=\"advgb-post-tax-term\">Mercados<\/span>","<span class=\"advgb-post-tax-term\">Onde Investir<\/span>","<span class=\"advgb-post-tax-term\">POLITICA<\/span>","<span class=\"advgb-post-tax-term\">Senado<\/span>"]},"tags":{"linked":["<a href=\"https:\/\/sindaopcpb.org.br\/senado\/\" class=\"advgb-post-tax-term\">g1<\/a>"],"unlinked":["<span class=\"advgb-post-tax-term\">g1<\/span>"]}},"comment_count":"0","relative_dates":{"created":"Publicado 3 anos atr\u00e1s","modified":"Atualizado 3 anos atr\u00e1s"},"absolute_dates":{"created":"Publicado em 29 de junho de 2023","modified":"Atualizado em 29 de junho de 2023"},"absolute_dates_time":{"created":"Publicado em 29 de junho de 2023 12:36","modified":"Atualizado em 29 de junho de 2023 12:36"},"featured_img_caption":"","series_order":"","_links":{"self":[{"href":"https:\/\/sindaopcpb.org.br\/index.php\/wp-json\/wp\/v2\/posts\/23248","targetHints":{"allow":["GET"]}}],"collection":[{"href":"https:\/\/sindaopcpb.org.br\/index.php\/wp-json\/wp\/v2\/posts"}],"about":[{"href":"https:\/\/sindaopcpb.org.br\/index.php\/wp-json\/wp\/v2\/types\/post"}],"author":[{"embeddable":true,"href":"https:\/\/sindaopcpb.org.br\/index.php\/wp-json\/wp\/v2\/users\/43"}],"replies":[{"embeddable":true,"href":"https:\/\/sindaopcpb.org.br\/index.php\/wp-json\/wp\/v2\/comments?post=23248"}],"version-history":[{"count":1,"href":"https:\/\/sindaopcpb.org.br\/index.php\/wp-json\/wp\/v2\/posts\/23248\/revisions"}],"predecessor-version":[{"id":23249,"href":"https:\/\/sindaopcpb.org.br\/index.php\/wp-json\/wp\/v2\/posts\/23248\/revisions\/23249"}],"wp:attachment":[{"href":"https:\/\/sindaopcpb.org.br\/index.php\/wp-json\/wp\/v2\/media?parent=23248"}],"wp:term":[{"taxonomy":"category","embeddable":true,"href":"https:\/\/sindaopcpb.org.br\/index.php\/wp-json\/wp\/v2\/categories?post=23248"},{"taxonomy":"post_tag","embeddable":true,"href":"https:\/\/sindaopcpb.org.br\/index.php\/wp-json\/wp\/v2\/tags?post=23248"}],"curies":[{"name":"wp","href":"https:\/\/api.w.org\/{rel}","templated":true}]}}