{"id":23228,"date":"2023-06-29T09:50:52","date_gmt":"2023-06-29T12:50:52","guid":{"rendered":"https:\/\/wpa.wscom.com.br\/?p=908990"},"modified":"2023-06-29T09:50:52","modified_gmt":"2023-06-29T12:50:52","slug":"julgamento-de-bolsonaro-assista-a-terceira-sessao-do-tse-ao-vivo","status":"publish","type":"post","link":"https:\/\/sindaopcpb.org.br\/index.php\/2023\/06\/29\/julgamento-de-bolsonaro-assista-a-terceira-sessao-do-tse-ao-vivo\/","title":{"rendered":"Julgamento de Bolsonaro: assista a terceira sess\u00e3o do TSE ao vivo"},"content":{"rendered":"<p>&nbsp;<\/p>\n<p>&nbsp;<\/p>\n<p>A terceira sess\u00e3o do julgamento de Bolsonaro no TSE est\u00e1 sendo realizada nesta quinta-feira (29). O julgamento que pode lev\u00e1-lo \u00e0 inelegibilidade por oito anos foi iniciado na \u00faltima quinta-feira (22) e teve uma segunda sess\u00e3o realizada na ter\u00e7a (27).<\/p>\n<p>At\u00e9 o momento, o ministro Benedito Gon\u00e7alves, do STJ, relator do processo, foi o \u00fanico a proferir seu voto \u2014 ele\u00a0votou pela condena\u00e7\u00e3o de Bolsonaro\u00a0e pela inelegibilidade do ex-presidente.<\/p>\n<p>Nesta nova sess\u00e3o, os outros\u00a0seis ministros devem depositar seus respectivos votos.<\/p>\n<p>Assista:<\/p>\n<p><iframe loading=\"lazy\" title=\"YouTube video player\" src=\"https:\/\/www.youtube.com\/embed\/VM31msjgMDM\" width=\"560\" height=\"315\" frameborder=\"0\" allowfullscreen=\"allowfullscreen\"><\/iframe><\/p>\n<p>O post <a rel=\"nofollow noopener\" href=\"https:\/\/wscom.com.br\/julgamento-de-bolsonaro-assista-a-terceira-sessao-do-tse-ao-vivo\/\" target=\"_blank\">Julgamento de Bolsonaro: assista a terceira sess\u00e3o do TSE ao vivo<\/a> apareceu primeiro em <a rel=\"nofollow noopener\" href=\"https:\/\/wscom.com.br\/\" target=\"_blank\">WSCOM<\/a>.<\/p>\n","protected":false},"excerpt":{"rendered":"<p>\u00a0 \u00a0 A terceira sess\u00e3o do julgamento de Bolsonaro no TSE est\u00e1 sendo realizada nesta quinta-feira (29). O julgamento que pode lev\u00e1-lo \u00e0 inelegibilidade por oito anos foi iniciado na \u00faltima quinta-feira (22) e teve uma segunda sess\u00e3o realizada na ter\u00e7a (27). At\u00e9 o momento, o ministro Benedito Gon\u00e7alves, do STJ, relator do processo, foi [\u2026]<\/p>\n<p>O post <a rel=\"nofollow\" href=\"https:\/\/wscom.com.br\/julgamento-de-bolsonaro-assista-a-terceira-sessao-do-tse-ao-vivo\/\">Julgamento de Bolsonaro: assista a terceira sess\u00e3o do TSE ao vivo<\/a> apareceu primeiro em <a rel=\"nofollow\" href=\"https:\/\/wscom.com.br\/\">WSCOM<\/a>.<\/p>\n","protected":false},"author":42,"featured_media":0,"comment_status":"closed","ping_status":"closed","sticky":false,"template":"","format":"standard","meta":{"advgb_blocks_editor_width":"","advgb_blocks_columns_visual_guide":"","footnotes":""},"categories":[5524,509,34,4232,1576,47,5525,464],"tags":[35],"class_list":["post-23228","post","type-post","status-publish","format-standard","hentry","category-ao-vivo","category-bolsonaro","category-g1","category-inelegibilidade","category-julgamento","category-politica","category-terceira-sessao","category-tse","tag-g1"],"author_meta":{"display_name":"Rafael Andrade","author_link":"https:\/\/sindaopcpb.org.br\/author\/rafael-andrade\/"},"featured_img":null,"coauthors":[],"tax_additional":{"categories":{"linked":["<a href=\"https:\/\/sindaopcpb.org.br\/ao-vivo\/\" class=\"advgb-post-tax-term\">ao vivo<\/a>","<a href=\"https:\/\/sindaopcpb.org.br\/bolsonaro\/\" class=\"advgb-post-tax-term\">bolsonaro<\/a>","<a href=\"https:\/\/sindaopcpb.org.br\/g1\/\" class=\"advgb-post-tax-term\">G1<\/a>","<a href=\"https:\/\/sindaopcpb.org.br\/inelegibilidade\/\" class=\"advgb-post-tax-term\">inelegibilidade<\/a>","<a href=\"https:\/\/sindaopcpb.org.br\/julgamento\/\" class=\"advgb-post-tax-term\">julgamento<\/a>","<a href=\"https:\/\/sindaopcpb.org.br\/politica\/\" class=\"advgb-post-tax-term\">POLITICA<\/a>","<a href=\"https:\/\/sindaopcpb.org.br\/terceira-sessao\/\" class=\"advgb-post-tax-term\">Terceira sess\u00e3o<\/a>","<a href=\"https:\/\/sindaopcpb.org.br\/tse\/\" class=\"advgb-post-tax-term\">TSE<\/a>"],"unlinked":["<span class=\"advgb-post-tax-term\">ao vivo<\/span>","<span class=\"advgb-post-tax-term\">bolsonaro<\/span>","<span class=\"advgb-post-tax-term\">G1<\/span>","<span class=\"advgb-post-tax-term\">inelegibilidade<\/span>","<span class=\"advgb-post-tax-term\">julgamento<\/span>","<span class=\"advgb-post-tax-term\">POLITICA<\/span>","<span class=\"advgb-post-tax-term\">Terceira sess\u00e3o<\/span>","<span class=\"advgb-post-tax-term\">TSE<\/span>"]},"tags":{"linked":["<a href=\"https:\/\/sindaopcpb.org.br\/tse\/\" class=\"advgb-post-tax-term\">g1<\/a>"],"unlinked":["<span class=\"advgb-post-tax-term\">g1<\/span>"]}},"comment_count":"0","relative_dates":{"created":"Publicado 3 anos atr\u00e1s","modified":"Atualizado 3 anos atr\u00e1s"},"absolute_dates":{"created":"Publicado em 29 de junho de 2023","modified":"Atualizado em 29 de junho de 2023"},"absolute_dates_time":{"created":"Publicado em 29 de junho de 2023 09:50","modified":"Atualizado em 29 de junho de 2023 09:50"},"featured_img_caption":"","series_order":"","_links":{"self":[{"href":"https:\/\/sindaopcpb.org.br\/index.php\/wp-json\/wp\/v2\/posts\/23228","targetHints":{"allow":["GET"]}}],"collection":[{"href":"https:\/\/sindaopcpb.org.br\/index.php\/wp-json\/wp\/v2\/posts"}],"about":[{"href":"https:\/\/sindaopcpb.org.br\/index.php\/wp-json\/wp\/v2\/types\/post"}],"author":[{"embeddable":true,"href":"https:\/\/sindaopcpb.org.br\/index.php\/wp-json\/wp\/v2\/users\/42"}],"replies":[{"embeddable":true,"href":"https:\/\/sindaopcpb.org.br\/index.php\/wp-json\/wp\/v2\/comments?post=23228"}],"version-history":[{"count":3,"href":"https:\/\/sindaopcpb.org.br\/index.php\/wp-json\/wp\/v2\/posts\/23228\/revisions"}],"predecessor-version":[{"id":23261,"href":"https:\/\/sindaopcpb.org.br\/index.php\/wp-json\/wp\/v2\/posts\/23228\/revisions\/23261"}],"wp:attachment":[{"href":"https:\/\/sindaopcpb.org.br\/index.php\/wp-json\/wp\/v2\/media?parent=23228"}],"wp:term":[{"taxonomy":"category","embeddable":true,"href":"https:\/\/sindaopcpb.org.br\/index.php\/wp-json\/wp\/v2\/categories?post=23228"},{"taxonomy":"post_tag","embeddable":true,"href":"https:\/\/sindaopcpb.org.br\/index.php\/wp-json\/wp\/v2\/tags?post=23228"}],"curies":[{"name":"wp","href":"https:\/\/api.w.org\/{rel}","templated":true}]}}