{"id":23206,"date":"2023-06-29T08:56:13","date_gmt":"2023-06-29T11:56:13","guid":{"rendered":"https:\/\/wpa.wscom.com.br\/?p=908978"},"modified":"2023-06-29T08:56:13","modified_gmt":"2023-06-29T11:56:13","slug":"em-grupo-de-whatsapp-bolsonaro-chama-de-vergonha-provas-que-podem-levar-a-sua-cassacao","status":"publish","type":"post","link":"https:\/\/sindaopcpb.org.br\/index.php\/2023\/06\/29\/em-grupo-de-whatsapp-bolsonaro-chama-de-vergonha-provas-que-podem-levar-a-sua-cassacao\/","title":{"rendered":"Em grupo de Whatsapp, Bolsonaro chama de \u201cvergonha\u201d provas que podem levar a sua cassa\u00e7\u00e3o"},"content":{"rendered":"<p>&nbsp;<\/p>\n<p>&nbsp;<\/p>\n<p>O ex-presidente Jair Bolsonaro, filiado ao Partido Liberal (PL), expressou sua indigna\u00e7\u00e3o em uma mensagem enviada a um grupo de parlamentares no WhatsApp, chamando de &#8220;vergonha&#8221; o uso da minuta golpista encontrada na resid\u00eancia do ex-ministro da Justi\u00e7a, Anderson Torres, como prova contra ele na a\u00e7\u00e3o que busca sua inelegibilidade at\u00e9 2030 no Tribunal Superior Eleitoral (TSE), segundo\u00a0reportagem de Victoria Azevedo e Marianna Holanda, na Folha de S. Paulo.<\/p>\n<p>Al\u00e9m disso, Bolsonaro apontou um &#8220;claro conflito de interesse&#8221; na atua\u00e7\u00e3o dos ministros Floriano de Azevedo Marques e Andr\u00e9 Ramos Tavares, membros do TSE, e defendeu que eles se declarem impedidos de julgar seu caso. Essas declara\u00e7\u00f5es foram feitas em um grupo de WhatsApp criado pelo ex-presidente no \u00faltimo dia 20, dois dias antes do in\u00edcio do julgamento no TSE, e composto por deputados do PL.<\/p>\n<p>Procurada para comentar o assunto, a assessoria de Bolsonaro afirmou que o grupo foi criado para transmitir mensagens \u00e0 sua base de apoio e j\u00e1 foi desfeito. A assessoria tamb\u00e9m ressaltou que o ex-presidente n\u00e3o emitiu opini\u00f5es sobre os temas em quest\u00e3o.<\/p>\n<p>Denominado &#8220;PL Deputados&#8221;, o grupo possui 81 membros, sendo que apenas Bolsonaro tem permiss\u00e3o para enviar mensagens, pois \u00e9 o \u00fanico administrador. A Folha de S.Paulo confirmou que o celular utilizado pertence ao ex-presidente, e relatos indicam que foi ele pr\u00f3prio quem iniciou a cria\u00e7\u00e3o do grupo.<\/p>\n<p>Na quinta-feira (22), Bolsonaro enviou aos deputados um v\u00eddeo contendo um trecho da sustenta\u00e7\u00e3o oral de seu advogado, Tarc\u00edsio Vieira de Carvalho, durante o julgamento. Na mensagem, o ex-presidente escreveu: &#8220;Sustenta\u00e7\u00e3o oral. Inelegibilidade de Bolsonaro. Documento ap\u00f3crifo. Estado de Defesa. Vergonha como prova&#8230;&#8221;.<\/p>\n<p>Bolsonaro tem expressado seu desejo de se manter ativo na pol\u00edtica e o partido espera que ele participe mais ativamente das discuss\u00f5es di\u00e1rias dos diret\u00f3rios e realize viagens semanais, mesmo que seus direitos pol\u00edticos sejam eventualmente cassados pelo tribunal. Ele j\u00e1 esteve presente no Senado duas vezes este ano.<\/p>\n<p>O post <a rel=\"nofollow noopener\" href=\"https:\/\/wscom.com.br\/em-grupo-de-whatsapp-bolsonaro-chama-de-vergonha-provas-que-podem-levar-a-sua-cassacao\/\" target=\"_blank\">Em grupo de Whatsapp, Bolsonaro chama de &#8220;vergonha&#8221; provas que podem levar a sua cassa\u00e7\u00e3o<\/a> apareceu primeiro em <a rel=\"nofollow noopener\" href=\"https:\/\/wscom.com.br\/\" target=\"_blank\">WSCOM<\/a>.<\/p>\n","protected":false},"excerpt":{"rendered":"<p>\u00a0 \u00a0 O ex-presidente Jair Bolsonaro, filiado ao Partido Liberal (PL), expressou sua indigna\u00e7\u00e3o em uma mensagem enviada a um grupo de parlamentares no WhatsApp, chamando de \u201cvergonha\u201d o uso da minuta golpista encontrada na resid\u00eancia do ex-ministro da Justi\u00e7a, Anderson Torres, como prova contra ele na a\u00e7\u00e3o que busca sua inelegibilidade at\u00e9 2030 no [\u2026]<\/p>\n<p>O post <a rel=\"nofollow\" href=\"https:\/\/wscom.com.br\/em-grupo-de-whatsapp-bolsonaro-chama-de-vergonha-provas-que-podem-levar-a-sua-cassacao\/\">Em grupo de Whatsapp, Bolsonaro chama de \u201cvergonha\u201d provas que podem levar a sua cassa\u00e7\u00e3o<\/a> apareceu primeiro em <a rel=\"nofollow\" href=\"https:\/\/wscom.com.br\/\">WSCOM<\/a>.<\/p>\n","protected":false},"author":42,"featured_media":0,"comment_status":"closed","ping_status":"closed","sticky":false,"template":"","format":"standard","meta":{"advgb_blocks_editor_width":"","advgb_blocks_columns_visual_guide":"","footnotes":""},"categories":[3005,34,4232,135,47,5515,5516,1873],"tags":[35],"class_list":["post-23206","post","type-post","status-publish","format-standard","hentry","category-cassacao","category-g1","category-inelegibilidade","category-jair-bolsonaro","category-politica","category-provas","category-vergonha","category-whatsapp","tag-g1"],"author_meta":{"display_name":"Rafael Andrade","author_link":"https:\/\/sindaopcpb.org.br\/author\/rafael-andrade\/"},"featured_img":null,"coauthors":[],"tax_additional":{"categories":{"linked":["<a href=\"https:\/\/sindaopcpb.org.br\/cassacao\/\" class=\"advgb-post-tax-term\">cassa\u00e7\u00e3o<\/a>","<a href=\"https:\/\/sindaopcpb.org.br\/g1\/\" class=\"advgb-post-tax-term\">G1<\/a>","<a href=\"https:\/\/sindaopcpb.org.br\/inelegibilidade\/\" class=\"advgb-post-tax-term\">inelegibilidade<\/a>","<a href=\"https:\/\/sindaopcpb.org.br\/jair-bolsonaro\/\" class=\"advgb-post-tax-term\">Jair Bolsonaro<\/a>","<a href=\"https:\/\/sindaopcpb.org.br\/politica\/\" class=\"advgb-post-tax-term\">POLITICA<\/a>","<a href=\"https:\/\/sindaopcpb.org.br\/provas\/\" class=\"advgb-post-tax-term\">provas<\/a>","<a href=\"https:\/\/sindaopcpb.org.br\/vergonha\/\" class=\"advgb-post-tax-term\">vergonha<\/a>","<a href=\"https:\/\/sindaopcpb.org.br\/whatsapp\/\" class=\"advgb-post-tax-term\">Whatsapp<\/a>"],"unlinked":["<span class=\"advgb-post-tax-term\">cassa\u00e7\u00e3o<\/span>","<span class=\"advgb-post-tax-term\">G1<\/span>","<span class=\"advgb-post-tax-term\">inelegibilidade<\/span>","<span class=\"advgb-post-tax-term\">Jair Bolsonaro<\/span>","<span class=\"advgb-post-tax-term\">POLITICA<\/span>","<span class=\"advgb-post-tax-term\">provas<\/span>","<span class=\"advgb-post-tax-term\">vergonha<\/span>","<span class=\"advgb-post-tax-term\">Whatsapp<\/span>"]},"tags":{"linked":["<a href=\"https:\/\/sindaopcpb.org.br\/whatsapp\/\" class=\"advgb-post-tax-term\">g1<\/a>"],"unlinked":["<span class=\"advgb-post-tax-term\">g1<\/span>"]}},"comment_count":"0","relative_dates":{"created":"Publicado 3 anos atr\u00e1s","modified":"Atualizado 3 anos atr\u00e1s"},"absolute_dates":{"created":"Publicado em 29 de junho de 2023","modified":"Atualizado em 29 de junho de 2023"},"absolute_dates_time":{"created":"Publicado em 29 de junho de 2023 08:56","modified":"Atualizado em 29 de junho de 2023 08:56"},"featured_img_caption":"","series_order":"","_links":{"self":[{"href":"https:\/\/sindaopcpb.org.br\/index.php\/wp-json\/wp\/v2\/posts\/23206","targetHints":{"allow":["GET"]}}],"collection":[{"href":"https:\/\/sindaopcpb.org.br\/index.php\/wp-json\/wp\/v2\/posts"}],"about":[{"href":"https:\/\/sindaopcpb.org.br\/index.php\/wp-json\/wp\/v2\/types\/post"}],"author":[{"embeddable":true,"href":"https:\/\/sindaopcpb.org.br\/index.php\/wp-json\/wp\/v2\/users\/42"}],"replies":[{"embeddable":true,"href":"https:\/\/sindaopcpb.org.br\/index.php\/wp-json\/wp\/v2\/comments?post=23206"}],"version-history":[{"count":1,"href":"https:\/\/sindaopcpb.org.br\/index.php\/wp-json\/wp\/v2\/posts\/23206\/revisions"}],"predecessor-version":[{"id":23207,"href":"https:\/\/sindaopcpb.org.br\/index.php\/wp-json\/wp\/v2\/posts\/23206\/revisions\/23207"}],"wp:attachment":[{"href":"https:\/\/sindaopcpb.org.br\/index.php\/wp-json\/wp\/v2\/media?parent=23206"}],"wp:term":[{"taxonomy":"category","embeddable":true,"href":"https:\/\/sindaopcpb.org.br\/index.php\/wp-json\/wp\/v2\/categories?post=23206"},{"taxonomy":"post_tag","embeddable":true,"href":"https:\/\/sindaopcpb.org.br\/index.php\/wp-json\/wp\/v2\/tags?post=23206"}],"curies":[{"name":"wp","href":"https:\/\/api.w.org\/{rel}","templated":true}]}}