{"id":23142,"date":"2023-06-28T19:14:32","date_gmt":"2023-06-28T22:14:32","guid":{"rendered":"https:\/\/www.infomoney.com.br\/?p=2173680"},"modified":"2023-06-28T19:14:32","modified_gmt":"2023-06-28T22:14:32","slug":"confederacoes-sugerem-mudancas-no-texto-da-reforma-tributaria","status":"publish","type":"post","link":"https:\/\/sindaopcpb.org.br\/index.php\/2023\/06\/28\/confederacoes-sugerem-mudancas-no-texto-da-reforma-tributaria\/","title":{"rendered":"Confedera\u00e7\u00f5es sugerem mudan\u00e7as no texto da reforma tribut\u00e1ria"},"content":{"rendered":"<p><img loading=\"lazy\" width=\"300\" height=\"200\" src=\"https:\/\/www.infomoney.com.br\/wp-content\/uploads\/2022\/12\/Bernard_Appy.jpeg?fit=300%2C200&amp;quality=70&amp;strip=all\" class=\"attachment-medium size-medium wp-post-image\" alt=\"\" decoding=\"async\" style=\"float:right; margin:0 0 10px 10px;\" srcset=\"https:\/\/www.infomoney.com.br\/wp-content\/uploads\/2022\/12\/Bernard_Appy.jpeg?w=3000&amp;quality=70&amp;strip=all 3000w, https:\/\/www.infomoney.com.br\/wp-content\/uploads\/2022\/12\/Bernard_Appy.jpeg?w=300&amp;quality=70&amp;strip=all 300w, https:\/\/www.infomoney.com.br\/wp-content\/uploads\/2022\/12\/Bernard_Appy.jpeg?w=768&amp;quality=70&amp;strip=all 768w, https:\/\/www.infomoney.com.br\/wp-content\/uploads\/2022\/12\/Bernard_Appy.jpeg?w=1280&amp;quality=70&amp;strip=all 1280w, https:\/\/www.infomoney.com.br\/wp-content\/uploads\/2022\/12\/Bernard_Appy.jpeg?w=1536&amp;quality=70&amp;strip=all 1536w, https:\/\/www.infomoney.com.br\/wp-content\/uploads\/2022\/12\/Bernard_Appy.jpeg?w=2048&amp;quality=70&amp;strip=all 2048w, https:\/\/www.infomoney.com.br\/wp-content\/uploads\/2022\/12\/Bernard_Appy.jpeg?w=150&amp;quality=70&amp;strip=all 150w\" sizes=\"auto, (max-width: 300px) 100vw, 300px\" data-attachment-id=\"2005332\" data-permalink=\"https:\/\/www.infomoney.com.br\/politica\/reforma-tributaria-ampla-tem-chances-de-avancar-com-lula-infomoney-entrevista-bernard-appy\/attachment\/bernard_appy\/\" data-orig-file=\"https:\/\/www.infomoney.com.br\/wp-content\/uploads\/2022\/12\/Bernard_Appy.jpeg?fit=3000%2C2000&amp;quality=70&amp;strip=all\" data-orig-size=\"3000,2000\" data-comments-opened=\"0\" data-image-meta=\"{&quot;aperture&quot;:&quot;0&quot;,&quot;credit&quot;:&quot;&quot;,&quot;camera&quot;:&quot;&quot;,&quot;caption&quot;:&quot;&quot;,&quot;created_timestamp&quot;:&quot;0&quot;,&quot;copyright&quot;:&quot;&quot;,&quot;focal_length&quot;:&quot;0&quot;,&quot;iso&quot;:&quot;0&quot;,&quot;shutter_speed&quot;:&quot;0&quot;,&quot;title&quot;:&quot;&quot;,&quot;orientation&quot;:&quot;1&quot;}\" data-image-title=\"Bernard Appy\" data-image-description=\"\" data-image-caption=\"&lt;p&gt;O economista Bernard Appy, diretor do Centro de Cidadania Fiscal (Foto: Divulga\u00e7\u00e3o)&lt;\/p&gt;\n\" data-medium-file=\"https:\/\/www.infomoney.com.br\/wp-content\/uploads\/2022\/12\/Bernard_Appy.jpeg?fit=300%2C200&amp;quality=70&amp;strip=all\" data-large-file=\"https:\/\/www.infomoney.com.br\/wp-content\/uploads\/2022\/12\/Bernard_Appy.jpeg?fit=1280%2C853&amp;quality=70&amp;strip=all\" title=\"\"><\/p>\n<p>Apesar de se mostrarem favor\u00e1veis \u00e0 reforma tribut\u00e1ria, representantes das confedera\u00e7\u00f5es do com\u00e9rcio e da ind\u00fastria sugeriram modifica\u00e7\u00f5es no texto que est\u00e1 sendo discutido na C\u00e2mara. Eles participaram de audi\u00eancia p\u00fablica da Comiss\u00e3o de Ind\u00fastria, Com\u00e9rcio e Servi\u00e7os nesta ter\u00e7a-feira (27).<\/p>\n<p>Mario Sergio Telles, gerente de Economia da Confedera\u00e7\u00e3o Nacional da Ind\u00fastria, disse que \u00e9 preciso melhorar o texto para garantir que a carga tribut\u00e1ria n\u00e3o seja elevada e que as al\u00edquotas dos novos tributos sobre bens e servi\u00e7os reduzam, caso isso aconte\u00e7a.<\/p>\n<p>Para ele, o novo Imposto Seletivo, que deve sobretaxar produtos e servi\u00e7os nocivos \u00e0 sa\u00fade e ao meio ambiente, ficou com uma reda\u00e7\u00e3o muito ampla. Mas Telles reafirmou que a ind\u00fastria \u00e9 a maior interessada na reforma, porque os tributos ser\u00e3o cobrados apenas no consumo, descontando o que foi pago nos insumos. Segundo ele, a situa\u00e7\u00e3o atual encarece o pre\u00e7o dos produtos em 7,4% em m\u00e9dia.<\/p>\n<p>Gilberto Alvarenga, consultor da Confedera\u00e7\u00e3o Nacional do Com\u00e9rcio, voltou a criticar a ado\u00e7\u00e3o de uma mesma al\u00edquota para o setor industrial e para o setor de servi\u00e7os. Segundo ele, o setor de servi\u00e7os paga hoje 8,65% e poder\u00e1 ter que pagar 25%.<\/p>\n<p>\u201cA gente tratar de forma equilibrada o setor de servi\u00e7os \u00e9 algo que n\u00e3o vai ferir de morte o projeto, mas vai gerar um ganho grande. E vai evitar que, daqui a 50 anos, de repente, estejamos aqui discutindo por que o nosso servi\u00e7o \u00e9 t\u00e3o t\u00edmido em detrimento da importa\u00e7\u00e3o de servi\u00e7os e outras situa\u00e7\u00f5es\u201d, disse ele.<\/p>\n<p>De acordo com Mario Telles, o setor de varejo no pa\u00eds cresceu 78% entre julho de 2006 e dezembro de 2022, enquanto a ind\u00fastria caiu 6%. Ele afirmou que isso aconteceu justamente porque o Pa\u00eds est\u00e1 perdendo a competi\u00e7\u00e3o para os importados, que entram no pa\u00eds livres de impostos cobrados em seus pa\u00edses.<\/p>\n<h2>Distor\u00e7\u00f5es<\/h2>\n<p>O secret\u00e1rio extraordin\u00e1rio da Reforma Tribut\u00e1ria, Bernard Appy, disse que \u00e9 preciso fazer contas mais espec\u00edficas. Ele lembrou que o com\u00e9rcio tem uma carga atual superior a 34% e que, dos servi\u00e7os que vendem direto para o consumidor, muitos deles est\u00e3o no Simples, que n\u00e3o ser\u00e1 modificado.<\/p>\n<p>Appy afirmou, por\u00e9m, que algumas \u201cdistor\u00e7\u00f5es\u201d ser\u00e3o, sim, eliminadas. Segundo ele, n\u00e3o faz sentido ter menos imposto pelo aluguel de carros do que pela compra de carros.<\/p>\n<h2><strong>Demandas dos estados<\/strong><\/h2>\n<p>O coordenador do Grupo da Reforma Tribut\u00e1ria, deputado Reginaldo Lopes (PT-MG), sinalizou para o atendimento de demandas dos estados. Uma delas seria o aumento de recursos para o fundo que vai garantir os benef\u00edcios fiscais j\u00e1 concedidos em rela\u00e7\u00e3o a tributos que ser\u00e3o eliminados.<\/p>\n<p>\u201cAlgu\u00e9m me perguntou se esse fundo de convalida\u00e7\u00e3o de R$ 160 bilh\u00f5es nos pr\u00f3ximos oito anos ser\u00e1 suficiente. Se n\u00e3o for, a gente alonga mais um pouco. Mas vamos honrar todos os contratos\u201d, afirmou.<\/p>\n<p>The post <a rel=\"nofollow noopener\" href=\"https:\/\/www.infomoney.com.br\/politica\/confederacoes-sugerem-mudancas-no-texto-da-reforma-tributaria\/\" target=\"_blank\">Confedera\u00e7\u00f5es sugerem mudan\u00e7as no texto da reforma tribut\u00e1ria<\/a> appeared first on <a rel=\"nofollow noopener\" href=\"https:\/\/www.infomoney.com.br\/\" target=\"_blank\">InfoMoney<\/a>.<\/p>\n","protected":false},"excerpt":{"rendered":"<p><img loading=\"lazy\" decoding=\"async\" width=\"300\" height=\"200\" src=\"https:\/\/www.infomoney.com.br\/wp-content\/uploads\/2022\/12\/Bernard_Appy.jpeg?fit=300%2C200&amp;quality=70&amp;strip=all\" class=\"attachment-medium size-medium wp-post-image\" alt=\"\" data-attachment-id=\"2005332\" data-permalink=\"https:\/\/www.infomoney.com.br\/politica\/reforma-tributaria-ampla-tem-chances-de-avancar-com-lula-infomoney-entrevista-bernard-appy\/attachment\/bernard_appy\/\" data-orig-file=\"https:\/\/www.infomoney.com.br\/wp-content\/uploads\/2022\/12\/Bernard_Appy.jpeg?fit=3000%2C2000&amp;quality=70&amp;strip=all\" data-orig-size=\"3000,2000\" data-comments-opened=\"0\" data-image-meta='{\"aperture\":\"0\",\"credit\":\"\",\"camera\":\"\",\"caption\":\"\",\"created_timestamp\":\"0\",\"copyright\":\"\",\"focal_length\":\"0\",\"iso\":\"0\",\"shutter_speed\":\"0\",\"title\":\"\",\"orientation\":\"1\"}' data-image-title=\"Bernard Appy\" data-image-description=\"\" data-image-caption=\"&lt;p&gt;O economista Bernard Appy, diretor do Centro de Cidadania Fiscal (Foto: Divulga\u00e7\u00e3o)&lt;\/p&gt;\n\" data-medium-file=\"https:\/\/www.infomoney.com.br\/wp-content\/uploads\/2022\/12\/Bernard_Appy.jpeg?fit=300%2C200&amp;quality=70&amp;strip=all\" data-large-file=\"https:\/\/www.infomoney.com.br\/wp-content\/uploads\/2022\/12\/Bernard_Appy.jpeg?fit=1280%2C853&amp;quality=70&amp;strip=all\">Representantes dos setores de servi\u00e7os, ind\u00fastria e com\u00e9rcio se reuniram com o secret\u00e1rio Bernard Appy e deputados<\/p>\n<p>The post <a rel=\"nofollow\" href=\"https:\/\/www.infomoney.com.br\/politica\/confederacoes-sugerem-mudancas-no-texto-da-reforma-tributaria\/\">Confedera\u00e7\u00f5es sugerem mudan\u00e7as no texto da reforma tribut\u00e1ria<\/a> appeared first on <a rel=\"nofollow\" href=\"https:\/\/www.infomoney.com.br\/\">InfoMoney<\/a>.<\/p>\n","protected":false},"author":47,"featured_media":0,"comment_status":"closed","ping_status":"closed","sticky":false,"template":"","format":"standard","meta":{"advgb_blocks_editor_width":"","advgb_blocks_columns_visual_guide":"","footnotes":""},"categories":[550,276,3842,5507,34,556,47,191],"tags":[35],"class_list":["post-23142","post","type-post","status-publish","format-standard","hentry","category-bernard-appy","category-camara-dos-deputados","category-cni","category-comercio-e-servicos","category-g1","category-impostos","category-politica","category-reforma-tributaria","tag-g1"],"author_meta":{"display_name":"luispereira","author_link":"https:\/\/sindaopcpb.org.br\/author\/luispereira\/"},"featured_img":null,"coauthors":[],"tax_additional":{"categories":{"linked":["<a href=\"https:\/\/sindaopcpb.org.br\/bernard-appy\/\" class=\"advgb-post-tax-term\">Bernard Appy<\/a>","<a href=\"https:\/\/sindaopcpb.org.br\/camara-dos-deputados\/\" class=\"advgb-post-tax-term\">C\u00e2mara dos Deputados<\/a>","<a href=\"https:\/\/sindaopcpb.org.br\/cni\/\" class=\"advgb-post-tax-term\">CNI<\/a>","<a href=\"https:\/\/sindaopcpb.org.br\/comercio-e-servicos\/\" class=\"advgb-post-tax-term\">Com\u00e9rcio e Servi\u00e7os<\/a>","<a href=\"https:\/\/sindaopcpb.org.br\/g1\/\" class=\"advgb-post-tax-term\">G1<\/a>","<a href=\"https:\/\/sindaopcpb.org.br\/impostos\/\" class=\"advgb-post-tax-term\">Impostos<\/a>","<a href=\"https:\/\/sindaopcpb.org.br\/politica\/\" class=\"advgb-post-tax-term\">POLITICA<\/a>","<a href=\"https:\/\/sindaopcpb.org.br\/reforma-tributaria\/\" class=\"advgb-post-tax-term\">reforma tribut\u00e1ria<\/a>"],"unlinked":["<span class=\"advgb-post-tax-term\">Bernard Appy<\/span>","<span class=\"advgb-post-tax-term\">C\u00e2mara dos Deputados<\/span>","<span class=\"advgb-post-tax-term\">CNI<\/span>","<span class=\"advgb-post-tax-term\">Com\u00e9rcio e Servi\u00e7os<\/span>","<span class=\"advgb-post-tax-term\">G1<\/span>","<span class=\"advgb-post-tax-term\">Impostos<\/span>","<span class=\"advgb-post-tax-term\">POLITICA<\/span>","<span class=\"advgb-post-tax-term\">reforma tribut\u00e1ria<\/span>"]},"tags":{"linked":["<a href=\"https:\/\/sindaopcpb.org.br\/reforma-tributaria\/\" class=\"advgb-post-tax-term\">g1<\/a>"],"unlinked":["<span class=\"advgb-post-tax-term\">g1<\/span>"]}},"comment_count":"0","relative_dates":{"created":"Publicado 3 anos atr\u00e1s","modified":"Atualizado 3 anos atr\u00e1s"},"absolute_dates":{"created":"Publicado em 28 de junho de 2023","modified":"Atualizado em 28 de junho de 2023"},"absolute_dates_time":{"created":"Publicado em 28 de junho de 2023 19:14","modified":"Atualizado em 28 de junho de 2023 19:14"},"featured_img_caption":"","series_order":"","_links":{"self":[{"href":"https:\/\/sindaopcpb.org.br\/index.php\/wp-json\/wp\/v2\/posts\/23142","targetHints":{"allow":["GET"]}}],"collection":[{"href":"https:\/\/sindaopcpb.org.br\/index.php\/wp-json\/wp\/v2\/posts"}],"about":[{"href":"https:\/\/sindaopcpb.org.br\/index.php\/wp-json\/wp\/v2\/types\/post"}],"author":[{"embeddable":true,"href":"https:\/\/sindaopcpb.org.br\/index.php\/wp-json\/wp\/v2\/users\/47"}],"replies":[{"embeddable":true,"href":"https:\/\/sindaopcpb.org.br\/index.php\/wp-json\/wp\/v2\/comments?post=23142"}],"version-history":[{"count":1,"href":"https:\/\/sindaopcpb.org.br\/index.php\/wp-json\/wp\/v2\/posts\/23142\/revisions"}],"predecessor-version":[{"id":23144,"href":"https:\/\/sindaopcpb.org.br\/index.php\/wp-json\/wp\/v2\/posts\/23142\/revisions\/23144"}],"wp:attachment":[{"href":"https:\/\/sindaopcpb.org.br\/index.php\/wp-json\/wp\/v2\/media?parent=23142"}],"wp:term":[{"taxonomy":"category","embeddable":true,"href":"https:\/\/sindaopcpb.org.br\/index.php\/wp-json\/wp\/v2\/categories?post=23142"},{"taxonomy":"post_tag","embeddable":true,"href":"https:\/\/sindaopcpb.org.br\/index.php\/wp-json\/wp\/v2\/tags?post=23142"}],"curies":[{"name":"wp","href":"https:\/\/api.w.org\/{rel}","templated":true}]}}