{"id":23130,"date":"2023-06-28T19:08:01","date_gmt":"2023-06-28T22:08:01","guid":{"rendered":"https:\/\/wpa.wscom.com.br\/?p=908877"},"modified":"2023-06-28T19:08:01","modified_gmt":"2023-06-28T22:08:01","slug":"mulher-e-morta-com-tiro-na-cabeca-na-paraiba-suspeito-e-o-companheiro-da-vitima","status":"publish","type":"post","link":"https:\/\/sindaopcpb.org.br\/index.php\/2023\/06\/28\/mulher-e-morta-com-tiro-na-cabeca-na-paraiba-suspeito-e-o-companheiro-da-vitima\/","title":{"rendered":"Mulher \u00e9 morta com tiro na cabe\u00e7a, na Para\u00edba; suspeito \u00e9 o companheiro da v\u00edtima"},"content":{"rendered":"<div class=\"flex-1 overflow-hidden\">\n<div class=\"react-scroll-to-bottom--css-goneb-79elbk h-full dark:bg-gray-800\">\n<div class=\"react-scroll-to-bottom--css-goneb-1n7m0yu\">\n<div class=\"flex flex-col text-sm dark:bg-gray-800\">\n<div class=\"group w-full text-gray-800 dark:text-gray-100 border-b border-black\/10 dark:border-gray-900\/50 bg-gray-50 dark:bg-[#444654]\">\n<div class=\"flex p-4 gap-4 text-base md:gap-6 md:max-w-2xl lg:max-w-[38rem] xl:max-w-3xl md:py-6 lg:px-0 m-auto\">\n<div class=\"relative flex w-[calc(100%-50px)] flex-col gap-1 md:gap-3 lg:w-[calc(100%-115px)]\">\n<div class=\"flex flex-grow flex-col gap-3\">\n<div class=\"min-h-[20px] flex items-start overflow-x-auto whitespace-pre-wrap break-words flex-col gap-4\">\n<div class=\"markdown prose w-full break-words dark:prose-invert light\">\n<p>Um crime revoltou o munic\u00edpio de Bara\u00fana, na Para\u00edba, nesta quarta-feira (28). Uma mulher foi\u00a0 morta com um tiro e a suspeita \u00e9 que\u00a0 o marido da v\u00edtima teria efetuado o disparo ap\u00f3s uma\u00a0 discuss\u00e3o.<\/p>\n<p>O casal enfrentava uma rela\u00e7\u00e3o conturbada, segundo informa\u00e7\u00f5es policiais e, ap\u00f3s mais uma briga, o suspeito teria sacado uma arma de fogo e atirado na cabe\u00e7a de sua companheira, identificada como Maria Eliana dos Santos Ferreira.<\/p>\n<p>Ela ainda foi socorrida para o Hospital Regional em Picu\u00ed, mas n\u00e3o resistiu aos ferimentos e veio a \u00f3bito.<\/p>\n<p>Logo ap\u00f3s cometer o crime, o homem fugiu para um matagal nas proximidades. As autoridades policiais ainda buscam capturar o suspeito.<\/p>\n<\/div>\n<\/div>\n<\/div>\n<div class=\"flex justify-between lg:block\"><\/div>\n<\/div>\n<\/div>\n<\/div>\n<\/div>\n<\/div>\n<\/div>\n<\/div>\n<div class=\"absolute bottom-0 left-0 w-full border-t md:border-t-0 dark:border-white\/20 md:border-transparent md:dark:border-transparent md:bg-vert-light-gradient bg-white dark:bg-gray-800 md:!bg-transparent dark:md:bg-vert-dark-gradient pt-2 md:pl-2 md:w-[calc(100%-.5rem)]\">\n<form class=\"stretch mx-2 flex flex-row gap-3 last:mb-2 md:mx-4 md:last:mb-6 lg:mx-auto lg:max-w-2xl xl:max-w-3xl\">\n<div class=\"relative flex h-full flex-1 items-stretch md:flex-col\" role=\"presentation\">\n<div class=\"\">\n<div class=\"h-full flex ml-1 md:w-full md:m-auto md:mb-2 gap-0 md:gap-2 justify-center\"><\/div>\n<\/div>\n<\/div>\n<\/form>\n<\/div>\n<p>O post <a rel=\"nofollow noopener\" href=\"https:\/\/wscom.com.br\/mulher-e-morta-com-tiro-na-cabeca-na-paraiba-suspeito-e-o-companheiro-da-vitima\/\" target=\"_blank\">Mulher \u00e9 morta com tiro na cabe\u00e7a, na Para\u00edba; suspeito \u00e9 o companheiro da v\u00edtima<\/a> apareceu primeiro em <a rel=\"nofollow noopener\" href=\"https:\/\/wscom.com.br\/\" target=\"_blank\">WSCOM<\/a>.<\/p>\n","protected":false},"excerpt":{"rendered":"<p>Um crime revoltou o munic\u00edpio de Bara\u00fana, na Para\u00edba, nesta quarta-feira (28). Uma mulher foi\u00a0 morta com um tiro e a suspeita \u00e9 que\u00a0 o marido da v\u00edtima teria efetuado o disparo ap\u00f3s uma\u00a0 discuss\u00e3o. O casal enfrentava uma rela\u00e7\u00e3o conturbada, segundo informa\u00e7\u00f5es policiais e, ap\u00f3s mais uma briga, o suspeito teria sacado uma arma [\u2026]<\/p>\n<p>O post <a rel=\"nofollow\" href=\"https:\/\/wscom.com.br\/mulher-e-morta-com-tiro-na-cabeca-na-paraiba-suspeito-e-o-companheiro-da-vitima\/\">Mulher \u00e9 morta com tiro na cabe\u00e7a, na Para\u00edba; suspeito \u00e9 o companheiro da v\u00edtima<\/a> apareceu primeiro em <a rel=\"nofollow\" href=\"https:\/\/wscom.com.br\/\">WSCOM<\/a>.<\/p>\n","protected":false},"author":50,"featured_media":0,"comment_status":"closed","ping_status":"closed","sticky":false,"template":"","format":"standard","meta":{"advgb_blocks_editor_width":"","advgb_blocks_columns_visual_guide":"","footnotes":""},"categories":[5498,34,2231,73,66],"tags":[35],"class_list":["post-23130","post","type-post","status-publish","format-standard","hentry","category-barauna","category-g1","category-morta","category-mulher","category-policial","tag-g1"],"author_meta":{"display_name":"Wallyson","author_link":"https:\/\/sindaopcpb.org.br\/author\/wallyson\/"},"featured_img":null,"coauthors":[],"tax_additional":{"categories":{"linked":["<a href=\"https:\/\/sindaopcpb.org.br\/barauna\/\" class=\"advgb-post-tax-term\">Bara\u00fana<\/a>","<a href=\"https:\/\/sindaopcpb.org.br\/g1\/\" class=\"advgb-post-tax-term\">G1<\/a>","<a href=\"https:\/\/sindaopcpb.org.br\/morta\/\" class=\"advgb-post-tax-term\">Morta<\/a>","<a href=\"https:\/\/sindaopcpb.org.br\/mulher\/\" class=\"advgb-post-tax-term\">Mulher<\/a>","<a href=\"https:\/\/sindaopcpb.org.br\/policial\/\" class=\"advgb-post-tax-term\">Policial<\/a>"],"unlinked":["<span class=\"advgb-post-tax-term\">Bara\u00fana<\/span>","<span class=\"advgb-post-tax-term\">G1<\/span>","<span class=\"advgb-post-tax-term\">Morta<\/span>","<span class=\"advgb-post-tax-term\">Mulher<\/span>","<span class=\"advgb-post-tax-term\">Policial<\/span>"]},"tags":{"linked":["<a href=\"https:\/\/sindaopcpb.org.br\/policial\/\" class=\"advgb-post-tax-term\">g1<\/a>"],"unlinked":["<span class=\"advgb-post-tax-term\">g1<\/span>"]}},"comment_count":"0","relative_dates":{"created":"Publicado 3 anos atr\u00e1s","modified":"Atualizado 3 anos atr\u00e1s"},"absolute_dates":{"created":"Publicado em 28 de junho de 2023","modified":"Atualizado em 28 de junho de 2023"},"absolute_dates_time":{"created":"Publicado em 28 de junho de 2023 19:08","modified":"Atualizado em 28 de junho de 2023 19:08"},"featured_img_caption":"","series_order":"","_links":{"self":[{"href":"https:\/\/sindaopcpb.org.br\/index.php\/wp-json\/wp\/v2\/posts\/23130","targetHints":{"allow":["GET"]}}],"collection":[{"href":"https:\/\/sindaopcpb.org.br\/index.php\/wp-json\/wp\/v2\/posts"}],"about":[{"href":"https:\/\/sindaopcpb.org.br\/index.php\/wp-json\/wp\/v2\/types\/post"}],"author":[{"embeddable":true,"href":"https:\/\/sindaopcpb.org.br\/index.php\/wp-json\/wp\/v2\/users\/50"}],"replies":[{"embeddable":true,"href":"https:\/\/sindaopcpb.org.br\/index.php\/wp-json\/wp\/v2\/comments?post=23130"}],"version-history":[{"count":1,"href":"https:\/\/sindaopcpb.org.br\/index.php\/wp-json\/wp\/v2\/posts\/23130\/revisions"}],"predecessor-version":[{"id":23131,"href":"https:\/\/sindaopcpb.org.br\/index.php\/wp-json\/wp\/v2\/posts\/23130\/revisions\/23131"}],"wp:attachment":[{"href":"https:\/\/sindaopcpb.org.br\/index.php\/wp-json\/wp\/v2\/media?parent=23130"}],"wp:term":[{"taxonomy":"category","embeddable":true,"href":"https:\/\/sindaopcpb.org.br\/index.php\/wp-json\/wp\/v2\/categories?post=23130"},{"taxonomy":"post_tag","embeddable":true,"href":"https:\/\/sindaopcpb.org.br\/index.php\/wp-json\/wp\/v2\/tags?post=23130"}],"curies":[{"name":"wp","href":"https:\/\/api.w.org\/{rel}","templated":true}]}}