{"id":23128,"date":"2023-06-28T19:23:27","date_gmt":"2023-06-28T22:23:27","guid":{"rendered":"https:\/\/wpa.wscom.com.br\/?p=908898"},"modified":"2023-06-28T19:23:27","modified_gmt":"2023-06-28T22:23:27","slug":"leal-volta-a-selecao-brasileira-para-disputar-a-liga-das-nacoes","status":"publish","type":"post","link":"https:\/\/sindaopcpb.org.br\/index.php\/2023\/06\/28\/leal-volta-a-selecao-brasileira-para-disputar-a-liga-das-nacoes\/","title":{"rendered":"Leal volta \u00e0 sele\u00e7\u00e3o brasileira para disputar a Liga das Na\u00e7\u00f5es"},"content":{"rendered":"<p>Nesta quarta-feira, a Confedera\u00e7\u00e3o Brasileira de Voleibol (CBV) anunciou em seu perfil a volta de Leal \u00e0 sele\u00e7\u00e3o brasileira. O t\u00e9cnico Renan Dal Zotto convocou o ponteiro para disputar a terceira etapa da Liga das Na\u00e7\u00f5es masculina de v\u00f4lei. Leal, que conquistou a Liga em 2021, foi campe\u00e3o da Copa It\u00e1lia pelo Piacenza, no ano passado, e foi eleito MVP da competi\u00e7\u00e3o.<\/p>\n<p>Leal estava se recuperando da temporada de clubes e n\u00e3o disputou as duas primeiras rodadas da competi\u00e7\u00e3o. Ele vai se apresentar na segunda-feira (03) no Centro de Treinamento da CBV, em Saquarema.<\/p>\n<p>&nbsp;<\/p>\n<blockquote class=\"instagram-media\" style=\"background: #FFF; border: 0; border-radius: 3px; box-shadow: 0 0 1px 0 rgba(0,0,0,0.5),0 1px 10px 0 rgba(0,0,0,0.15); margin: 1px; max-width: 540px; min-width: 326px; padding: 0; width: calc(100% - 2px);\" data-instgrm-captioned=\"\" data-instgrm-permalink=\"https:\/\/www.instagram.com\/reel\/CuC472bJynM\/?utm_source=ig_embed&amp;utm_campaign=loading\" data-instgrm-version=\"14\">\n<div style=\"padding: 16px;\">\n<p>&nbsp;<\/p>\n<div style=\"display: flex; flex-direction: row; align-items: center;\">\n<div style=\"background-color: #f4f4f4; border-radius: 50%; flex-grow: 0; height: 40px; margin-right: 14px; width: 40px;\"><\/div>\n<div style=\"display: flex; flex-direction: column; flex-grow: 1; justify-content: center;\">\n<div style=\"background-color: #f4f4f4; border-radius: 4px; flex-grow: 0; height: 14px; margin-bottom: 6px; width: 100px;\"><\/div>\n<div style=\"background-color: #f4f4f4; border-radius: 4px; flex-grow: 0; height: 14px; width: 60px;\"><\/div>\n<\/div>\n<\/div>\n<div style=\"padding: 19% 0;\"><\/div>\n<div style=\"display: block; height: 50px; margin: 0 auto 12px; width: 50px;\"><\/div>\n<div style=\"padding-top: 8px;\">\n<div style=\"color: #3897f0; font-family: Arial,sans-serif; font-size: 14px; font-style: normal; font-weight: 550; line-height: 18px;\">Ver essa foto no Instagram<\/div>\n<\/div>\n<div style=\"padding: 12.5% 0;\"><\/div>\n<div style=\"display: flex; flex-direction: row; margin-bottom: 14px; align-items: center;\">\n<div>\n<div style=\"background-color: #f4f4f4; border-radius: 50%; height: 12.5px; width: 12.5px; transform: translateX(0px) translateY(7px);\"><\/div>\n<div style=\"background-color: #f4f4f4; height: 12.5px; transform: rotate(-45deg) translateX(3px) translateY(1px); width: 12.5px; flex-grow: 0; margin-right: 14px; margin-left: 2px;\"><\/div>\n<div style=\"background-color: #f4f4f4; border-radius: 50%; height: 12.5px; width: 12.5px; transform: translateX(9px) translateY(-18px);\"><\/div>\n<\/div>\n<div style=\"margin-left: 8px;\">\n<div style=\"background-color: #f4f4f4; border-radius: 50%; flex-grow: 0; height: 20px; width: 20px;\"><\/div>\n<div style=\"width: 0; height: 0; border-top: 2px solid transparent; border-left: 6px solid #f4f4f4; border-bottom: 2px solid transparent; transform: translateX(16px) translateY(-4px) rotate(30deg);\"><\/div>\n<\/div>\n<div style=\"margin-left: auto;\">\n<div style=\"width: 0px; border-top: 8px solid #F4F4F4; border-right: 8px solid transparent; transform: translateY(16px);\"><\/div>\n<div style=\"background-color: #f4f4f4; flex-grow: 0; height: 12px; width: 16px; transform: translateY(-4px);\"><\/div>\n<div style=\"width: 0; height: 0; border-top: 8px solid #F4F4F4; border-left: 8px solid transparent; transform: translateY(-4px) translateX(8px);\"><\/div>\n<\/div>\n<\/div>\n<div style=\"display: flex; flex-direction: column; flex-grow: 1; justify-content: center; margin-bottom: 24px;\">\n<div style=\"background-color: #f4f4f4; border-radius: 4px; flex-grow: 0; height: 14px; margin-bottom: 6px; width: 224px;\"><\/div>\n<div style=\"background-color: #f4f4f4; border-radius: 4px; flex-grow: 0; height: 14px; width: 144px;\"><\/div>\n<\/div>\n<p>&nbsp;<\/p>\n<p style=\"color: #c9c8cd; font-family: Arial,sans-serif; font-size: 14px; line-height: 17px; margin-bottom: 0; margin-top: 8px; overflow: hidden; padding: 8px 0 7px; text-align: center; text-overflow: ellipsis; white-space: nowrap;\"><a style=\"color: #c9c8cd; font-family: Arial,sans-serif; font-size: 14px; font-style: normal; font-weight: normal; line-height: 17px; text-decoration: none;\" href=\"https:\/\/www.instagram.com\/reel\/CuC472bJynM\/?utm_source=ig_embed&amp;utm_campaign=loading\" rel=\"noopener nofollow\" target=\"_blank\">Uma publica\u00e7\u00e3o compartilhada por Confedera\u00e7\u00e3o Brasileira de Voleibol <img decoding=\"async\" src=\"https:\/\/s.w.org\/images\/core\/emoji\/13.0.1\/72x72\/1f3d0.png\" alt=\"\ud83c\udfd0\" class=\"wp-smiley\" style=\"height: 1em; max-height: 1em;\" title=\"\"> (@cbvolei)<\/a><\/p>\n<\/div>\n<\/blockquote>\n<p><script async src=\"https:\/\/www.instagram.com\/embed.js\"><\/script><\/p>\n<p>&nbsp;<\/p>\n<p>O Brasil volta a jogar no dia 4, contra a It\u00e1lia, em Pasay, nas Filipinas. Na sequ\u00eancia, enfrenta Holanda, Pol\u00f4nia e China. Todos os jogos ter\u00e3o transmiss\u00e3o ao vivo do sportv2.<\/p>\n<p>&nbsp;<\/p>\n<p>O post <a rel=\"nofollow noopener\" href=\"https:\/\/wscom.com.br\/leal-volta-a-selecao-brasileira-para-disputar-a-liga-das-nacoes\/\" target=\"_blank\">Leal volta \u00e0 sele\u00e7\u00e3o brasileira para disputar a Liga das Na\u00e7\u00f5es<\/a> apareceu primeiro em <a rel=\"nofollow noopener\" href=\"https:\/\/wscom.com.br\/\" target=\"_blank\">WSCOM<\/a>.<\/p>\n","protected":false},"excerpt":{"rendered":"<p>Nesta quarta-feira, a Confedera\u00e7\u00e3o Brasileira de Voleibol (CBV) anunciou em seu perfil a volta de Leal \u00e0 sele\u00e7\u00e3o brasileira. O t\u00e9cnico Renan Dal Zotto convocou o ponteiro para disputar a terceira etapa da Liga das Na\u00e7\u00f5es masculina de v\u00f4lei. Leal, que conquistou a Liga em 2021, foi campe\u00e3o da Copa It\u00e1lia pelo Piacenza, no ano [\u2026]<\/p>\n<p>O post <a rel=\"nofollow\" href=\"https:\/\/wscom.com.br\/leal-volta-a-selecao-brasileira-para-disputar-a-liga-das-nacoes\/\">Leal volta \u00e0 sele\u00e7\u00e3o brasileira para disputar a Liga das Na\u00e7\u00f5es<\/a> apareceu primeiro em <a rel=\"nofollow\" href=\"https:\/\/wscom.com.br\/\">WSCOM<\/a>.<\/p>\n","protected":false},"author":49,"featured_media":0,"comment_status":"closed","ping_status":"closed","sticky":false,"template":"","format":"standard","meta":{"advgb_blocks_editor_width":"","advgb_blocks_columns_visual_guide":"","footnotes":""},"categories":[207,34,2827,5297,1393],"tags":[35],"class_list":["post-23128","post","type-post","status-publish","format-standard","hentry","category-esporte","category-g1","category-leal","category-liga-das-nacoes","category-selecao-brasileira","tag-g1"],"author_meta":{"display_name":"Cristiane Cavalcante","author_link":"https:\/\/sindaopcpb.org.br\/author\/cristiane-cavalcante\/"},"featured_img":null,"coauthors":[],"tax_additional":{"categories":{"linked":["<a href=\"https:\/\/sindaopcpb.org.br\/esporte\/\" class=\"advgb-post-tax-term\">Esporte<\/a>","<a href=\"https:\/\/sindaopcpb.org.br\/g1\/\" class=\"advgb-post-tax-term\">G1<\/a>","<a href=\"https:\/\/sindaopcpb.org.br\/leal\/\" class=\"advgb-post-tax-term\">LEAL<\/a>","<a href=\"https:\/\/sindaopcpb.org.br\/liga-das-nacoes\/\" class=\"advgb-post-tax-term\">liga das na\u00e7\u00f5es<\/a>","<a href=\"https:\/\/sindaopcpb.org.br\/selecao-brasileira\/\" class=\"advgb-post-tax-term\">sele\u00e7\u00e3o brasileira<\/a>"],"unlinked":["<span class=\"advgb-post-tax-term\">Esporte<\/span>","<span class=\"advgb-post-tax-term\">G1<\/span>","<span class=\"advgb-post-tax-term\">LEAL<\/span>","<span class=\"advgb-post-tax-term\">liga das na\u00e7\u00f5es<\/span>","<span class=\"advgb-post-tax-term\">sele\u00e7\u00e3o brasileira<\/span>"]},"tags":{"linked":["<a href=\"https:\/\/sindaopcpb.org.br\/selecao-brasileira\/\" class=\"advgb-post-tax-term\">g1<\/a>"],"unlinked":["<span class=\"advgb-post-tax-term\">g1<\/span>"]}},"comment_count":"0","relative_dates":{"created":"Publicado 3 anos atr\u00e1s","modified":"Atualizado 3 anos atr\u00e1s"},"absolute_dates":{"created":"Publicado em 28 de junho de 2023","modified":"Atualizado em 28 de junho de 2023"},"absolute_dates_time":{"created":"Publicado em 28 de junho de 2023 19:23","modified":"Atualizado em 28 de junho de 2023 19:23"},"featured_img_caption":"","series_order":"","_links":{"self":[{"href":"https:\/\/sindaopcpb.org.br\/index.php\/wp-json\/wp\/v2\/posts\/23128","targetHints":{"allow":["GET"]}}],"collection":[{"href":"https:\/\/sindaopcpb.org.br\/index.php\/wp-json\/wp\/v2\/posts"}],"about":[{"href":"https:\/\/sindaopcpb.org.br\/index.php\/wp-json\/wp\/v2\/types\/post"}],"author":[{"embeddable":true,"href":"https:\/\/sindaopcpb.org.br\/index.php\/wp-json\/wp\/v2\/users\/49"}],"replies":[{"embeddable":true,"href":"https:\/\/sindaopcpb.org.br\/index.php\/wp-json\/wp\/v2\/comments?post=23128"}],"version-history":[{"count":1,"href":"https:\/\/sindaopcpb.org.br\/index.php\/wp-json\/wp\/v2\/posts\/23128\/revisions"}],"predecessor-version":[{"id":23129,"href":"https:\/\/sindaopcpb.org.br\/index.php\/wp-json\/wp\/v2\/posts\/23128\/revisions\/23129"}],"wp:attachment":[{"href":"https:\/\/sindaopcpb.org.br\/index.php\/wp-json\/wp\/v2\/media?parent=23128"}],"wp:term":[{"taxonomy":"category","embeddable":true,"href":"https:\/\/sindaopcpb.org.br\/index.php\/wp-json\/wp\/v2\/categories?post=23128"},{"taxonomy":"post_tag","embeddable":true,"href":"https:\/\/sindaopcpb.org.br\/index.php\/wp-json\/wp\/v2\/tags?post=23128"}],"curies":[{"name":"wp","href":"https:\/\/api.w.org\/{rel}","templated":true}]}}