{"id":23113,"date":"2023-06-28T18:51:00","date_gmt":"2023-06-28T21:51:00","guid":{"rendered":"https:\/\/www.infomoney.com.br\/?p=2173662"},"modified":"2023-06-28T18:51:00","modified_gmt":"2023-06-28T21:51:00","slug":"lula-almocara-com-leite-para-tratar-sobre-regime-de-recuperacao-fiscal-e-divida-com-uniao","status":"publish","type":"post","link":"https:\/\/sindaopcpb.org.br\/index.php\/2023\/06\/28\/lula-almocara-com-leite-para-tratar-sobre-regime-de-recuperacao-fiscal-e-divida-com-uniao\/","title":{"rendered":"Lula almo\u00e7ar\u00e1 com Leite para tratar sobre regime de recupera\u00e7\u00e3o fiscal e d\u00edvida com Uni\u00e3o"},"content":{"rendered":"<p><img loading=\"lazy\" width=\"300\" height=\"225\" src=\"https:\/\/www.infomoney.com.br\/wp-content\/uploads\/2023\/01\/Lula_1.jpg?fit=300%2C225&amp;quality=70&amp;strip=all\" class=\"attachment-medium size-medium wp-post-image\" alt=\"\" decoding=\"async\" style=\"float:right; margin:0 0 10px 10px;\" srcset=\"https:\/\/www.infomoney.com.br\/wp-content\/uploads\/2023\/01\/Lula_1.jpg?w=1024&amp;quality=70&amp;strip=all 1024w, https:\/\/www.infomoney.com.br\/wp-content\/uploads\/2023\/01\/Lula_1.jpg?w=300&amp;quality=70&amp;strip=all 300w, https:\/\/www.infomoney.com.br\/wp-content\/uploads\/2023\/01\/Lula_1.jpg?w=768&amp;quality=70&amp;strip=all 768w, https:\/\/www.infomoney.com.br\/wp-content\/uploads\/2023\/01\/Lula_1.jpg?w=150&amp;quality=70&amp;strip=all 150w\" sizes=\"auto, (max-width: 300px) 100vw, 300px\" data-attachment-id=\"2026588\" data-permalink=\"https:\/\/www.infomoney.com.br\/politica\/lula-pode-sair-fortalecido-apos-invasoes-em-brasilia-mas-ha-riscos-de-longo-prazo-ao-governo-diz-eurasia\/attachment\/lula_1\/\" data-orig-file=\"https:\/\/www.infomoney.com.br\/wp-content\/uploads\/2023\/01\/Lula_1.jpg?fit=1024%2C768&amp;quality=70&amp;strip=all\" data-orig-size=\"1024,768\" data-comments-opened=\"0\" data-image-meta=\"{&quot;aperture&quot;:&quot;2.8&quot;,&quot;credit&quot;:&quot;Marcelo Camargo\\\/Ag\\u00eancia Brasil&quot;,&quot;camera&quot;:&quot;Canon EOS-1D X&quot;,&quot;caption&quot;:&quot;O presidente Luiz In\\u00e1cio Lula da Silva se re\\u00fane com ministros e presidentes dos demais poderes, no Pal\\u00e1cio do Planalto.&quot;,&quot;created_timestamp&quot;:&quot;1673259177&quot;,&quot;copyright&quot;:&quot;Ag\\u00eancia Brasil\\\/EBC&quot;,&quot;focal_length&quot;:&quot;135&quot;,&quot;iso&quot;:&quot;3200&quot;,&quot;shutter_speed&quot;:&quot;0.0025&quot;,&quot;title&quot;:&quot;&quot;,&quot;orientation&quot;:&quot;0&quot;}\" data-image-title=\"Lula\" data-image-description=\"\" data-image-caption=\"&lt;p&gt;O presidente Luiz In\u00e1cio Lula da Silva (PT) se re\u00fane com ministros e presidentes dos demais Poderes, no Pal\u00e1cio do Planalto (Foto: Marcelo Camargo\/Ag\u00eancia Brasil)&lt;\/p&gt;\n\" data-medium-file=\"https:\/\/www.infomoney.com.br\/wp-content\/uploads\/2023\/01\/Lula_1.jpg?fit=300%2C225&amp;quality=70&amp;strip=all\" data-large-file=\"https:\/\/www.infomoney.com.br\/wp-content\/uploads\/2023\/01\/Lula_1.jpg?fit=1024%2C768&amp;quality=70&amp;strip=all\" title=\"\"><\/p>\n<p>O presidente da Rep\u00fablica, Luiz In\u00e1cio Lula da Silva, ir\u00e1 almo\u00e7ar com o governador do Rio Grande do Sul, Eduardo Leite (PSDB), nesta sexta-feira (30), durante agenda no Estado. Na conversa, o chefe do Executivo estadual abordar\u00e1 a d\u00edvida do Estado com a Uni\u00e3o e o regime de recupera\u00e7\u00e3o fiscal.<\/p>\n<p>O encontro foi articulado com o ministro da Secretaria de Comunica\u00e7\u00e3o Social (Secom), Paulo Pimenta, que \u00e9 ga\u00facho. Lula tem agenda em Porto Alegre, capital do Rio Grande do Sul, e aproveitar\u00e1 a viagem para se reunir com o governador. A visita ao Estado ser\u00e1 a primeira de Lula desde o in\u00edcio do terceiro mandato.<\/p>\n<p>O almo\u00e7o ser\u00e1 oferecido a Lula, al\u00e9m de ex-governadores que tamb\u00e9m foram convidados para o encontro. Dentre as demandas locais, Leite deve tratar sobre a conclus\u00e3o de obras federais em andamento no Estado, a d\u00edvida com a Uni\u00e3o, o regime de recupera\u00e7\u00e3o fiscal e apoio contra a estiagem.<\/p>\n<p>Al\u00e9m de governador, Leite tamb\u00e9m \u00e9 presidente nacional do PSDB. O partido n\u00e3o comp\u00f5e a base do governo no Congresso Nacional.<\/p>\n<p>H\u00e1 duas semanas, Lula conversou por telefone com Leite para prestar solidariedade \u00e0 popula\u00e7\u00e3o do Estado que foi atingida por fortes chuvas e ciclone. Em mensagem publicada nas redes sociais, o governador ressaltou o trabalho em conjunto com o Executivo federal.<\/p>\n<p>The post <a rel=\"nofollow noopener\" href=\"https:\/\/www.infomoney.com.br\/politica\/lula-almocara-com-leite-para-tratar-sobre-regime-de-recuperacao-fiscal-e-divida-com-uniao\/\" target=\"_blank\">Lula almo\u00e7ar\u00e1 com Leite para tratar sobre regime de recupera\u00e7\u00e3o fiscal e d\u00edvida com Uni\u00e3o<\/a> appeared first on <a rel=\"nofollow noopener\" href=\"https:\/\/www.infomoney.com.br\/\" target=\"_blank\">InfoMoney<\/a>.<\/p>\n","protected":false},"excerpt":{"rendered":"<p><img loading=\"lazy\" decoding=\"async\" width=\"300\" height=\"225\" src=\"https:\/\/www.infomoney.com.br\/wp-content\/uploads\/2023\/01\/Lula_1.jpg?fit=300%2C225&amp;quality=70&amp;strip=all\" class=\"attachment-medium size-medium wp-post-image\" alt=\"\" data-attachment-id=\"2026588\" data-permalink=\"https:\/\/www.infomoney.com.br\/politica\/lula-pode-sair-fortalecido-apos-invasoes-em-brasilia-mas-ha-riscos-de-longo-prazo-ao-governo-diz-eurasia\/attachment\/lula_1\/\" data-orig-file=\"https:\/\/www.infomoney.com.br\/wp-content\/uploads\/2023\/01\/Lula_1.jpg?fit=1024%2C768&amp;quality=70&amp;strip=all\" data-orig-size=\"1024,768\" data-comments-opened=\"0\" data-image-meta='{\"aperture\":\"2.8\",\"credit\":\"Marcelo Camargo\\\/Ag\\u00eancia Brasil\",\"camera\":\"Canon EOS-1D X\",\"caption\":\"O presidente Luiz In\\u00e1cio Lula da Silva se re\\u00fane com ministros e presidentes dos demais poderes, no Pal\\u00e1cio do Planalto.\",\"created_timestamp\":\"1673259177\",\"copyright\":\"Ag\\u00eancia Brasil\\\/EBC\",\"focal_length\":\"135\",\"iso\":\"3200\",\"shutter_speed\":\"0.0025\",\"title\":\"\",\"orientation\":\"0\"}' data-image-title=\"Lula\" data-image-description=\"\" data-image-caption=\"&lt;p&gt;O presidente Luiz In\u00e1cio Lula da Silva (PT) se re\u00fane com ministros e presidentes dos demais Poderes, no Pal\u00e1cio do Planalto (Foto: Marcelo Camargo\/Ag\u00eancia Brasil)&lt;\/p&gt;\n\" data-medium-file=\"https:\/\/www.infomoney.com.br\/wp-content\/uploads\/2023\/01\/Lula_1.jpg?fit=300%2C225&amp;quality=70&amp;strip=all\" data-large-file=\"https:\/\/www.infomoney.com.br\/wp-content\/uploads\/2023\/01\/Lula_1.jpg?fit=1024%2C768&amp;quality=70&amp;strip=all\">No encontro, governador ga\u00facho tamb\u00e9m deve tratar sobre a conclus\u00e3o de obras federais em andamento<\/p>\n<p>The post <a rel=\"nofollow\" href=\"https:\/\/www.infomoney.com.br\/politica\/lula-almocara-com-leite-para-tratar-sobre-regime-de-recuperacao-fiscal-e-divida-com-uniao\/\">Lula almo\u00e7ar\u00e1 com Leite para tratar sobre regime de recupera\u00e7\u00e3o fiscal e d\u00edvida com Uni\u00e3o<\/a> appeared first on <a rel=\"nofollow\" href=\"https:\/\/www.infomoney.com.br\/\">InfoMoney<\/a>.<\/p>\n","protected":false},"author":43,"featured_media":0,"comment_status":"closed","ping_status":"closed","sticky":false,"template":"","format":"standard","meta":{"advgb_blocks_editor_width":"","advgb_blocks_columns_visual_guide":"","footnotes":""},"categories":[1277,5496,4293,34,129,47,3017],"tags":[35],"class_list":["post-23113","post","type-post","status-publish","format-standard","hentry","category-dividas","category-eduardo-leite","category-estados","category-g1","category-luiz-inacio-lula-da-silva","category-politica","category-rio-grande-do-sul","tag-g1"],"author_meta":{"display_name":"Estad\u00e3o Conte\u00fado","author_link":"https:\/\/sindaopcpb.org.br\/author\/estadao-conteudo\/"},"featured_img":null,"coauthors":[],"tax_additional":{"categories":{"linked":["<a href=\"https:\/\/sindaopcpb.org.br\/dividas\/\" class=\"advgb-post-tax-term\">D\u00edvidas<\/a>","<a href=\"https:\/\/sindaopcpb.org.br\/eduardo-leite\/\" class=\"advgb-post-tax-term\">Eduardo Leite<\/a>","<a href=\"https:\/\/sindaopcpb.org.br\/estados\/\" class=\"advgb-post-tax-term\">Estados<\/a>","<a href=\"https:\/\/sindaopcpb.org.br\/g1\/\" class=\"advgb-post-tax-term\">G1<\/a>","<a href=\"https:\/\/sindaopcpb.org.br\/luiz-inacio-lula-da-silva\/\" class=\"advgb-post-tax-term\">Luiz In\u00e1cio Lula da Silva<\/a>","<a href=\"https:\/\/sindaopcpb.org.br\/politica\/\" class=\"advgb-post-tax-term\">POLITICA<\/a>","<a href=\"https:\/\/sindaopcpb.org.br\/rio-grande-do-sul\/\" class=\"advgb-post-tax-term\">Rio Grande do Sul<\/a>"],"unlinked":["<span class=\"advgb-post-tax-term\">D\u00edvidas<\/span>","<span class=\"advgb-post-tax-term\">Eduardo Leite<\/span>","<span class=\"advgb-post-tax-term\">Estados<\/span>","<span class=\"advgb-post-tax-term\">G1<\/span>","<span class=\"advgb-post-tax-term\">Luiz In\u00e1cio Lula da Silva<\/span>","<span class=\"advgb-post-tax-term\">POLITICA<\/span>","<span class=\"advgb-post-tax-term\">Rio Grande do Sul<\/span>"]},"tags":{"linked":["<a href=\"https:\/\/sindaopcpb.org.br\/rio-grande-do-sul\/\" class=\"advgb-post-tax-term\">g1<\/a>"],"unlinked":["<span class=\"advgb-post-tax-term\">g1<\/span>"]}},"comment_count":"0","relative_dates":{"created":"Publicado 3 anos atr\u00e1s","modified":"Atualizado 3 anos atr\u00e1s"},"absolute_dates":{"created":"Publicado em 28 de junho de 2023","modified":"Atualizado em 28 de junho de 2023"},"absolute_dates_time":{"created":"Publicado em 28 de junho de 2023 18:51","modified":"Atualizado em 28 de junho de 2023 18:51"},"featured_img_caption":"","series_order":"","_links":{"self":[{"href":"https:\/\/sindaopcpb.org.br\/index.php\/wp-json\/wp\/v2\/posts\/23113","targetHints":{"allow":["GET"]}}],"collection":[{"href":"https:\/\/sindaopcpb.org.br\/index.php\/wp-json\/wp\/v2\/posts"}],"about":[{"href":"https:\/\/sindaopcpb.org.br\/index.php\/wp-json\/wp\/v2\/types\/post"}],"author":[{"embeddable":true,"href":"https:\/\/sindaopcpb.org.br\/index.php\/wp-json\/wp\/v2\/users\/43"}],"replies":[{"embeddable":true,"href":"https:\/\/sindaopcpb.org.br\/index.php\/wp-json\/wp\/v2\/comments?post=23113"}],"version-history":[{"count":1,"href":"https:\/\/sindaopcpb.org.br\/index.php\/wp-json\/wp\/v2\/posts\/23113\/revisions"}],"predecessor-version":[{"id":23114,"href":"https:\/\/sindaopcpb.org.br\/index.php\/wp-json\/wp\/v2\/posts\/23113\/revisions\/23114"}],"wp:attachment":[{"href":"https:\/\/sindaopcpb.org.br\/index.php\/wp-json\/wp\/v2\/media?parent=23113"}],"wp:term":[{"taxonomy":"category","embeddable":true,"href":"https:\/\/sindaopcpb.org.br\/index.php\/wp-json\/wp\/v2\/categories?post=23113"},{"taxonomy":"post_tag","embeddable":true,"href":"https:\/\/sindaopcpb.org.br\/index.php\/wp-json\/wp\/v2\/tags?post=23113"}],"curies":[{"name":"wp","href":"https:\/\/api.w.org\/{rel}","templated":true}]}}