{"id":23101,"date":"2023-06-28T18:27:19","date_gmt":"2023-06-28T21:27:19","guid":{"rendered":"https:\/\/wpa.wscom.com.br\/?p=908890"},"modified":"2023-06-28T18:27:19","modified_gmt":"2023-06-28T21:27:19","slug":"programa-de-incentivo-a-compra-de-carros-sera-estendido-pelo-governo-federal","status":"publish","type":"post","link":"https:\/\/sindaopcpb.org.br\/index.php\/2023\/06\/28\/programa-de-incentivo-a-compra-de-carros-sera-estendido-pelo-governo-federal\/","title":{"rendered":"Programa de incentivo \u00e0 compra de carros ser\u00e1 estendido pelo Governo Federal"},"content":{"rendered":"<p>Com os recursos perto de se esgotarem, o programa de incentivo \u00e0 compra de ve\u00edculos ser\u00e1 prorrogado, com a extens\u00e3o do desconto a empresas compradoras, afirmou nesta quarta-feira (28) o Minist\u00e9rio da Fazenda.<img decoding=\"async\" src=\"https:\/\/agenciabrasil.ebc.com.br\/ebc.png?id=1540884&amp;o=node\" alt=\"\" title=\"\"><img decoding=\"async\" src=\"https:\/\/agenciabrasil.ebc.com.br\/ebc.gif?id=1540884&amp;o=node\" alt=\"\" title=\"\"><\/p>\n<p>A pasta confirmou informa\u00e7\u00e3o passada pelo ministro Fernando Haddad \u00e0\u00a0jornalista Miriam Leit\u00e3o. Embora o programa s\u00f3 v\u00e1 ao ar na noite desta quarta-feira (28), a jornalista adiantou a not\u00edcia na internet.<\/p>\n<p>Na conversa, Haddad afirmou que a demanda por carros mais econ\u00f4micos e menos poluentes surpreendeu as montadoras e o governo, praticamente esgotando os recursos dispon\u00edveis para o programa. Segundo o ministro, uma nova linha de subs\u00eddios ser\u00e1 lan\u00e7ada e anunciada em breve.<\/p>\n<p>Originalmente, a possibilidade de empresas, como locadoras de ve\u00edculos, entrarem no programa de compra de carros acabaria no \u00faltimo dia 20, mas a exclusividade para pessoas f\u00edsicas se beneficiarem dos descontos\u00a0foi estendida por duas semanas. Para as compras de \u00f4nibus e caminh\u00f5es, a exclusividade acabou no \u00faltimo dia 21, e as empresas j\u00e1 podem adquirir esses ve\u00edculos com desconto.<\/p>\n<p>Segundo o\u00a0<a href=\"https:\/\/www.gov.br\/produtividade-e-comercio-exterior\/pt-br\/assuntos\/competitividade-industrial\/setor-automotivo\/desconto-patrocinado-na-compra-de-veiculos-sustentaveis\" rel=\"noopener nofollow\" target=\"_blank\">painel de dados<\/a>\u00a0lan\u00e7ados pelo Minist\u00e9rio do Desenvolvimento, Ind\u00fastria, Com\u00e9rcio e Servi\u00e7os (MDIC), R$ 420 milh\u00f5es dos R$ 500 milh\u00f5es em cr\u00e9dito tribut\u00e1rio para a compra de carros j\u00e1 foram usados. Isso equivale a 84% do total.<\/p>\n<p>Em algumas montadoras, o total de cr\u00e9dito pedido esgotou-se. Na ter\u00e7a-feira (27), a Volkswagen suspendeu a produ\u00e7\u00e3o de carros no Brasil, alegando estagna\u00e7\u00e3o do mercado e p\u00e1tios cheios. De acordo com o painel do MDIC, a montadora teve R$ 60 milh\u00f5es de cr\u00e9ditos tribut\u00e1rios liberados.<\/p>\n<p>Quanto aos subs\u00eddios de ve\u00edculos pesados e de passageiros, os valores executados n\u00e3o sofreram altera\u00e7\u00e3o desde a semana passada. Os cr\u00e9ditos tribut\u00e1rios para a venda de caminh\u00f5es somam R$ 100 milh\u00f5es, 14% dos R$ 700 milh\u00f5es dispon\u00edveis. Para a venda de \u00f4nibus, foram concedidos R$ 140 milh\u00f5es em cr\u00e9dito, de um total de R$ 300 milh\u00f5es dispon\u00edveis.<\/p>\n<h2>Cr\u00e9ditos tribut\u00e1rios<\/h2>\n<p>O programa para renova\u00e7\u00e3o da frota \u00e9 custeado por meio de cr\u00e9ditos tribut\u00e1rios, descontos concedidos pelo governo aos fabricantes no pagamento de tributos futuros, no total de R$ 1,5 bilh\u00e3o. Em troca, a ind\u00fastria automotiva comprometeu-se a repassar a diferen\u00e7a ao consumidor.<\/p>\n<p>Est\u00e1 previsto o uso de R$ 700 milh\u00f5es em cr\u00e9ditos tribut\u00e1rios para a venda de caminh\u00f5es, R$ 500 milh\u00f5es para carros e R$ 300 milh\u00f5es para vans e \u00f4nibus. O programa tem prazo de quatro meses, mas pode acabar antes, assim que os cr\u00e9ditos tribut\u00e1rios se esgotarem.<\/p>\n<p>Para compensar a perda de arrecada\u00e7\u00e3o, o governo pretende reverter parcialmente a desonera\u00e7\u00e3o sobre o diesel que vigoraria at\u00e9 o fim do ano. Dos R$ 0,35 de Programa de Integra\u00e7\u00e3o Social (PIS) e Contribui\u00e7\u00e3o para o Financiamento da Seguridade Social (Cofins) atualmente zerados, R$ 0,11 ser\u00e3o reonerados em setembro, depois da noventena, prazo de 90 dias determinado pela Constitui\u00e7\u00e3o para o aumento de contribui\u00e7\u00f5es federais.<\/p>\n<p>O post <a rel=\"nofollow noopener\" href=\"https:\/\/wscom.com.br\/programa-de-incentivo-a-compra-de-carros-sera-estendido-pelo-governo-federal\/\" target=\"_blank\">Programa de incentivo \u00e0 compra de carros ser\u00e1 estendido pelo Governo Federal<\/a> apareceu primeiro em <a rel=\"nofollow noopener\" href=\"https:\/\/wscom.com.br\/\" target=\"_blank\">WSCOM<\/a>.<\/p>\n","protected":false},"excerpt":{"rendered":"<p>Com os recursos perto de se esgotarem, o programa de incentivo \u00e0 compra de ve\u00edculos ser\u00e1 prorrogado, com a extens\u00e3o do desconto a empresas compradoras, afirmou nesta quarta-feira (28) o Minist\u00e9rio da Fazenda. A pasta confirmou informa\u00e7\u00e3o passada pelo ministro Fernando Haddad \u00e0\u00a0jornalista Miriam Leit\u00e3o. Embora o programa s\u00f3 v\u00e1 ao ar na noite desta [\u2026]<\/p>\n<p>O post <a rel=\"nofollow\" href=\"https:\/\/wscom.com.br\/programa-de-incentivo-a-compra-de-carros-sera-estendido-pelo-governo-federal\/\">Programa de incentivo \u00e0 compra de carros ser\u00e1 estendido pelo Governo Federal<\/a> apareceu primeiro em <a rel=\"nofollow\" href=\"https:\/\/wscom.com.br\/\">WSCOM<\/a>.<\/p>\n","protected":false},"author":49,"featured_media":0,"comment_status":"closed","ping_status":"closed","sticky":false,"template":"","format":"standard","meta":{"advgb_blocks_editor_width":"","advgb_blocks_columns_visual_guide":"","footnotes":""},"categories":[5493,5494,69,34,187,5495],"tags":[35],"class_list":["post-23101","post","type-post","status-publish","format-standard","hentry","category-comercio-de-carros","category-desconto-a-empresas","category-economia","category-g1","category-governo-federal","category-ministro-fernando-haddad","tag-g1"],"author_meta":{"display_name":"Cristiane Cavalcante","author_link":"https:\/\/sindaopcpb.org.br\/author\/cristiane-cavalcante\/"},"featured_img":null,"coauthors":[],"tax_additional":{"categories":{"linked":["<a href=\"https:\/\/sindaopcpb.org.br\/comercio-de-carros\/\" class=\"advgb-post-tax-term\">com\u00e9rcio de carros<\/a>","<a href=\"https:\/\/sindaopcpb.org.br\/desconto-a-empresas\/\" class=\"advgb-post-tax-term\">desconto a empresas<\/a>","<a href=\"https:\/\/sindaopcpb.org.br\/economia\/\" class=\"advgb-post-tax-term\">Economia<\/a>","<a href=\"https:\/\/sindaopcpb.org.br\/g1\/\" class=\"advgb-post-tax-term\">G1<\/a>","<a href=\"https:\/\/sindaopcpb.org.br\/governo-federal\/\" class=\"advgb-post-tax-term\">Governo Federal<\/a>","<a href=\"https:\/\/sindaopcpb.org.br\/ministro-fernando-haddad\/\" class=\"advgb-post-tax-term\">Ministro Fernando Haddad<\/a>"],"unlinked":["<span class=\"advgb-post-tax-term\">com\u00e9rcio de carros<\/span>","<span class=\"advgb-post-tax-term\">desconto a empresas<\/span>","<span class=\"advgb-post-tax-term\">Economia<\/span>","<span class=\"advgb-post-tax-term\">G1<\/span>","<span class=\"advgb-post-tax-term\">Governo Federal<\/span>","<span class=\"advgb-post-tax-term\">Ministro Fernando Haddad<\/span>"]},"tags":{"linked":["<a href=\"https:\/\/sindaopcpb.org.br\/ministro-fernando-haddad\/\" class=\"advgb-post-tax-term\">g1<\/a>"],"unlinked":["<span class=\"advgb-post-tax-term\">g1<\/span>"]}},"comment_count":"0","relative_dates":{"created":"Publicado 3 anos atr\u00e1s","modified":"Atualizado 3 anos atr\u00e1s"},"absolute_dates":{"created":"Publicado em 28 de junho de 2023","modified":"Atualizado em 28 de junho de 2023"},"absolute_dates_time":{"created":"Publicado em 28 de junho de 2023 18:27","modified":"Atualizado em 28 de junho de 2023 18:27"},"featured_img_caption":"","series_order":"","_links":{"self":[{"href":"https:\/\/sindaopcpb.org.br\/index.php\/wp-json\/wp\/v2\/posts\/23101","targetHints":{"allow":["GET"]}}],"collection":[{"href":"https:\/\/sindaopcpb.org.br\/index.php\/wp-json\/wp\/v2\/posts"}],"about":[{"href":"https:\/\/sindaopcpb.org.br\/index.php\/wp-json\/wp\/v2\/types\/post"}],"author":[{"embeddable":true,"href":"https:\/\/sindaopcpb.org.br\/index.php\/wp-json\/wp\/v2\/users\/49"}],"replies":[{"embeddable":true,"href":"https:\/\/sindaopcpb.org.br\/index.php\/wp-json\/wp\/v2\/comments?post=23101"}],"version-history":[{"count":1,"href":"https:\/\/sindaopcpb.org.br\/index.php\/wp-json\/wp\/v2\/posts\/23101\/revisions"}],"predecessor-version":[{"id":23102,"href":"https:\/\/sindaopcpb.org.br\/index.php\/wp-json\/wp\/v2\/posts\/23101\/revisions\/23102"}],"wp:attachment":[{"href":"https:\/\/sindaopcpb.org.br\/index.php\/wp-json\/wp\/v2\/media?parent=23101"}],"wp:term":[{"taxonomy":"category","embeddable":true,"href":"https:\/\/sindaopcpb.org.br\/index.php\/wp-json\/wp\/v2\/categories?post=23101"},{"taxonomy":"post_tag","embeddable":true,"href":"https:\/\/sindaopcpb.org.br\/index.php\/wp-json\/wp\/v2\/tags?post=23101"}],"curies":[{"name":"wp","href":"https:\/\/api.w.org\/{rel}","templated":true}]}}