{"id":23093,"date":"2023-06-28T16:38:59","date_gmt":"2023-06-28T19:38:59","guid":{"rendered":"https:\/\/wpa.wscom.com.br\/?p=908844"},"modified":"2023-06-28T16:38:59","modified_gmt":"2023-06-28T19:38:59","slug":"na-paraiba-danilo-cabral-fala-em-restabelecer-alianca-de-estados-com-a-sudene-com-novas-diretrizes-de-investimento","status":"publish","type":"post","link":"https:\/\/sindaopcpb.org.br\/index.php\/2023\/06\/28\/na-paraiba-danilo-cabral-fala-em-restabelecer-alianca-de-estados-com-a-sudene-com-novas-diretrizes-de-investimento\/","title":{"rendered":"Na Para\u00edba, Danilo Cabral fala em restabelecer alian\u00e7a de estados com a Sudene com novas diretrizes de investimento"},"content":{"rendered":"<div class=\"vJOb1e aIfcHf qlOiDc\">\n<div class=\"iRPxbe\">\n<div class=\"GI74Re nDgy9d\">\n<p>O novo superintendente da Sudene, Danilo Cabral, falou nesta quarta-feira (28), durante a primeira agenda institucional com o governador da Para\u00edba e presidente do Cons\u00f3rcio Nordeste, Jo\u00e3o Azevedo (PSB), sobre as primeiras a\u00e7\u00f5es que a Superintend\u00eancia do Desenvolvimento do Nordeste ir\u00e1 executar na regi\u00e3o durante o Governo Lula. Ele enfatizou que o \u00f3rg\u00e3o ir\u00e1 restabelecer a alian\u00e7a com os estados e com novas diretrizes de investimento e disse que fez quest\u00e3o de fazer o primeiro contato a Para\u00edba.<\/p>\n<p>&#8220;A primeira a\u00e7\u00e3o que n\u00f3s estamos aqui simbolicamente fazendo \u00e9 restabelecer um ambiente de di\u00e1logo federativo entre a Sudene com o Nordeste. Est\u00e1 \u00e9 a primeira agenda institucional enquanto superintendente da Sudene e n\u00f3s fizemos quest\u00e3o de vir aqui \u00e0 Para\u00edba, al\u00e9m do respeito e carinho que temos pelo estado, mas institucionalmente para dialogar tamb\u00e9m com o governador Jo\u00e3o Azevedo que \u00e9 o coordenador do cons\u00f3rcio Nordeste&#8221;, disse o superintendente.<\/p>\n<p>Segundo Danilo Cabral, o Cons\u00f3rcio Nordeste \u00e9 uma importante iniciativa de governan\u00e7a brasileira, mas que deseja trazer de volta o debate sobre as melhorias nas vidas dos nordestinos para a Sudene.<\/p>\n<p>\u201cN\u00f3s entendemos a import\u00e2ncia do Cons\u00f3rcio Nordeste, essa tem uma inova\u00e7\u00e3o da governan\u00e7a brasileira, um espa\u00e7o que foi constitu\u00eddo. E que serviu para discuss\u00e3o, delibera\u00e7\u00e3o e encaminhamento de muitas propostas que hoje a materializaram cidadania da vida de muitos nordestinos, mas \u00e9 muito importante que a gente traga este debate de volta para porque a Sudene enquanto institui\u00e7\u00e3o federativa ela que cabe articular, dialogar, mobilizar recursos inclusive para materializar essas a\u00e7\u00f5es&#8221;, declarou.<\/p>\n<p>Durante a ocasi\u00e3o, o superintendente Danilo Cabral abordou a consulta p\u00fablica do Plano Regional de Desenvolvimento de Nordeste (PRDNE), principal instrumento de planejamento das pol\u00edticas p\u00fablicas da regi\u00e3o. Ele destacou a import\u00e2ncia estrat\u00e9gica do plano regional.<\/p>\n<p>&#8220;O conte\u00fado do PRDNE subsidia a elabora\u00e7\u00e3o do Plano Plurianual 2024-2027 e, para al\u00e9m disso, precisa ser analisado pelo Congresso Nacional. \u00c9 ele que orienta as pol\u00edticas p\u00fablicas para nossa \u00e1rea de atua\u00e7\u00e3o, com o objetivo de aperfei\u00e7oar a aplica\u00e7\u00e3o de recursos or\u00e7ament\u00e1rios, visando a redu\u00e7\u00e3o das desigualdades regionais&#8221;, afirmou Danilo Cabral.<\/p>\n<p>Conforme o cronograma estabelecido pela Sudene, os Planos Regionais precisam ser apresentados at\u00e9 o fim da primeira quinzena de julho.<\/p>\n<p>&nbsp;<\/p>\n<\/div>\n<\/div>\n<\/div>\n<p>O post <a rel=\"nofollow noopener\" href=\"https:\/\/wscom.com.br\/na-paraiba-danilo-cabral-fala-em-restabelecer-alianca-de-estados-com-a-sudene-com-novas-diretrizes-de-investimento\/\" target=\"_blank\">Na Para\u00edba, Danilo Cabral fala em restabelecer alian\u00e7a de estados com a Sudene com novas diretrizes de investimento<\/a> apareceu primeiro em <a rel=\"nofollow noopener\" href=\"https:\/\/wscom.com.br\/\" target=\"_blank\">WSCOM<\/a>.<\/p>\n","protected":false},"excerpt":{"rendered":"<p>O novo superintendente da Sudene, Danilo Cabral, falou nesta quarta-feira (28), durante a primeira agenda institucional com o governador da Para\u00edba e presidente do Cons\u00f3rcio Nordeste, Jo\u00e3o Azevedo (PSB), sobre as primeiras a\u00e7\u00f5es que a Superintend\u00eancia do Desenvolvimento do Nordeste ir\u00e1 executar na regi\u00e3o durante o Governo Lula. Ele enfatizou que o \u00f3rg\u00e3o ir\u00e1 restabelecer [\u2026]<\/p>\n<p>O post <a rel=\"nofollow\" href=\"https:\/\/wscom.com.br\/na-paraiba-danilo-cabral-fala-em-restabelecer-alianca-de-estados-com-a-sudene-com-novas-diretrizes-de-investimento\/\">Na Para\u00edba, Danilo Cabral fala em restabelecer alian\u00e7a de estados com a Sudene com novas diretrizes de investimento<\/a> apareceu primeiro em <a rel=\"nofollow\" href=\"https:\/\/wscom.com.br\/\">WSCOM<\/a>.<\/p>\n","protected":false},"author":49,"featured_media":0,"comment_status":"closed","ping_status":"closed","sticky":false,"template":"","format":"standard","meta":{"advgb_blocks_editor_width":"","advgb_blocks_columns_visual_guide":"","footnotes":""},"categories":[5454,5490,34,440,54,47,3501,5491],"tags":[35],"class_list":["post-23093","post","type-post","status-publish","format-standard","hentry","category-danilo-cabral","category-estados-do-nordeste","category-g1","category-joao-azevedo","category-paraiba","category-politica","category-sudene","category-sudeste","tag-g1"],"author_meta":{"display_name":"Cristiane Cavalcante","author_link":"https:\/\/sindaopcpb.org.br\/author\/cristiane-cavalcante\/"},"featured_img":null,"coauthors":[],"tax_additional":{"categories":{"linked":["<a href=\"https:\/\/sindaopcpb.org.br\/danilo-cabral\/\" class=\"advgb-post-tax-term\">danilo cabral<\/a>","<a href=\"https:\/\/sindaopcpb.org.br\/estados-do-nordeste\/\" class=\"advgb-post-tax-term\">estados do nordeste<\/a>","<a href=\"https:\/\/sindaopcpb.org.br\/g1\/\" class=\"advgb-post-tax-term\">G1<\/a>","<a href=\"https:\/\/sindaopcpb.org.br\/joao-azevedo\/\" class=\"advgb-post-tax-term\">jo\u00e3o azevedo<\/a>","<a href=\"https:\/\/sindaopcpb.org.br\/paraiba\/\" class=\"advgb-post-tax-term\">Para\u00edba<\/a>","<a href=\"https:\/\/sindaopcpb.org.br\/politica\/\" class=\"advgb-post-tax-term\">POLITICA<\/a>","<a href=\"https:\/\/sindaopcpb.org.br\/sudene\/\" class=\"advgb-post-tax-term\">Sudene<\/a>","<a href=\"https:\/\/sindaopcpb.org.br\/sudeste\/\" class=\"advgb-post-tax-term\">sudeste<\/a>"],"unlinked":["<span class=\"advgb-post-tax-term\">danilo cabral<\/span>","<span class=\"advgb-post-tax-term\">estados do nordeste<\/span>","<span class=\"advgb-post-tax-term\">G1<\/span>","<span class=\"advgb-post-tax-term\">jo\u00e3o azevedo<\/span>","<span class=\"advgb-post-tax-term\">Para\u00edba<\/span>","<span class=\"advgb-post-tax-term\">POLITICA<\/span>","<span class=\"advgb-post-tax-term\">Sudene<\/span>","<span class=\"advgb-post-tax-term\">sudeste<\/span>"]},"tags":{"linked":["<a href=\"https:\/\/sindaopcpb.org.br\/sudeste\/\" class=\"advgb-post-tax-term\">g1<\/a>"],"unlinked":["<span class=\"advgb-post-tax-term\">g1<\/span>"]}},"comment_count":"0","relative_dates":{"created":"Publicado 3 anos atr\u00e1s","modified":"Atualizado 3 anos atr\u00e1s"},"absolute_dates":{"created":"Publicado em 28 de junho de 2023","modified":"Atualizado em 28 de junho de 2023"},"absolute_dates_time":{"created":"Publicado em 28 de junho de 2023 16:38","modified":"Atualizado em 28 de junho de 2023 16:38"},"featured_img_caption":"","series_order":"","_links":{"self":[{"href":"https:\/\/sindaopcpb.org.br\/index.php\/wp-json\/wp\/v2\/posts\/23093","targetHints":{"allow":["GET"]}}],"collection":[{"href":"https:\/\/sindaopcpb.org.br\/index.php\/wp-json\/wp\/v2\/posts"}],"about":[{"href":"https:\/\/sindaopcpb.org.br\/index.php\/wp-json\/wp\/v2\/types\/post"}],"author":[{"embeddable":true,"href":"https:\/\/sindaopcpb.org.br\/index.php\/wp-json\/wp\/v2\/users\/49"}],"replies":[{"embeddable":true,"href":"https:\/\/sindaopcpb.org.br\/index.php\/wp-json\/wp\/v2\/comments?post=23093"}],"version-history":[{"count":1,"href":"https:\/\/sindaopcpb.org.br\/index.php\/wp-json\/wp\/v2\/posts\/23093\/revisions"}],"predecessor-version":[{"id":23094,"href":"https:\/\/sindaopcpb.org.br\/index.php\/wp-json\/wp\/v2\/posts\/23093\/revisions\/23094"}],"wp:attachment":[{"href":"https:\/\/sindaopcpb.org.br\/index.php\/wp-json\/wp\/v2\/media?parent=23093"}],"wp:term":[{"taxonomy":"category","embeddable":true,"href":"https:\/\/sindaopcpb.org.br\/index.php\/wp-json\/wp\/v2\/categories?post=23093"},{"taxonomy":"post_tag","embeddable":true,"href":"https:\/\/sindaopcpb.org.br\/index.php\/wp-json\/wp\/v2\/tags?post=23093"}],"curies":[{"name":"wp","href":"https:\/\/api.w.org\/{rel}","templated":true}]}}