{"id":23078,"date":"2023-06-28T15:36:46","date_gmt":"2023-06-28T18:36:46","guid":{"rendered":"https:\/\/www.infomoney.com.br\/?p=2173351"},"modified":"2023-06-28T15:36:46","modified_gmt":"2023-06-28T18:36:46","slug":"projeto-prorroga-por-quatro-anos-desoneracao-da-folha-de-pagamentos-da-cofins-importacao","status":"publish","type":"post","link":"https:\/\/sindaopcpb.org.br\/index.php\/2023\/06\/28\/projeto-prorroga-por-quatro-anos-desoneracao-da-folha-de-pagamentos-da-cofins-importacao\/","title":{"rendered":"Projeto prorroga por quatro anos desonera\u00e7\u00e3o da folha de pagamentos da Cofins-Importa\u00e7\u00e3o"},"content":{"rendered":"<p><img loading=\"lazy\" width=\"300\" height=\"200\" src=\"https:\/\/www.infomoney.com.br\/wp-content\/uploads\/2021\/08\/PlenarioCamara.jpg?fit=300%2C200&amp;quality=70&amp;strip=all\" class=\"attachment-medium size-medium wp-post-image\" alt=\"\" decoding=\"async\" style=\"float:right; margin:0 0 10px 10px;\" srcset=\"https:\/\/www.infomoney.com.br\/wp-content\/uploads\/2021\/08\/PlenarioCamara.jpg?w=1000&amp;quality=70&amp;strip=all 1000w, https:\/\/www.infomoney.com.br\/wp-content\/uploads\/2021\/08\/PlenarioCamara.jpg?w=300&amp;quality=70&amp;strip=all 300w, https:\/\/www.infomoney.com.br\/wp-content\/uploads\/2021\/08\/PlenarioCamara.jpg?w=768&amp;quality=70&amp;strip=all 768w, https:\/\/www.infomoney.com.br\/wp-content\/uploads\/2021\/08\/PlenarioCamara.jpg?w=150&amp;quality=70&amp;strip=all 150w\" sizes=\"auto, (max-width: 300px) 100vw, 300px\" data-attachment-id=\"1679967\" data-permalink=\"https:\/\/www.infomoney.com.br\/politica\/camara-pode-votar-projeto-de-reforma-do-imposto-de-renda-nesta-quinta-feira-veja-as-mudancas\/attachment\/plenariocamara\/\" data-orig-file=\"https:\/\/www.infomoney.com.br\/wp-content\/uploads\/2021\/08\/PlenarioCamara.jpg?fit=1000%2C667&amp;quality=70&amp;strip=all\" data-orig-size=\"1000,667\" data-comments-opened=\"1\" data-image-meta=\"{&quot;aperture&quot;:&quot;0&quot;,&quot;credit&quot;:&quot;&quot;,&quot;camera&quot;:&quot;&quot;,&quot;caption&quot;:&quot;&quot;,&quot;created_timestamp&quot;:&quot;0&quot;,&quot;copyright&quot;:&quot;&quot;,&quot;focal_length&quot;:&quot;0&quot;,&quot;iso&quot;:&quot;0&quot;,&quot;shutter_speed&quot;:&quot;0&quot;,&quot;title&quot;:&quot;&quot;,&quot;orientation&quot;:&quot;0&quot;}\" data-image-title=\"Plen\u00e1rio da C\u00e2mara dos Deputados\" data-image-description=\"\" data-image-caption=\"&lt;p&gt;O plen\u00e1rio da C\u00e2mara dos Deputados (Foto: Cleia Viana\/C\u00e2mara dos Deputados)&lt;\/p&gt;\n\" data-medium-file=\"https:\/\/www.infomoney.com.br\/wp-content\/uploads\/2021\/08\/PlenarioCamara.jpg?fit=300%2C200&amp;quality=70&amp;strip=all\" data-large-file=\"https:\/\/www.infomoney.com.br\/wp-content\/uploads\/2021\/08\/PlenarioCamara.jpg?fit=1000%2C667&amp;quality=70&amp;strip=all\" title=\"\"><\/p>\n<p>O Projeto de Lei 1016\/23 prorroga at\u00e9 31 de dezembro de 2027 o adicional de um ponto percentual \u00e0 al\u00edquota da Cofins devida pelo Importador de Bens Estrangeiros ou Servi\u00e7os do Exterior. O texto busca manter at\u00e9 a data definida no projeto a atual pol\u00edtica de desonera\u00e7\u00e3o da folha de pagamentos, estendendo por mais quatro anos a sistem\u00e1tica de arrecada\u00e7\u00e3o.<\/p>\n<p>A desonera\u00e7\u00e3o consiste na op\u00e7\u00e3o de substituir a incid\u00eancia da contribui\u00e7\u00e3o previdenci\u00e1ria patronal sobre a folha de sal\u00e1rios pela incid\u00eancia sobre a receita bruta e atinge 17 segmentos, cuja vig\u00eancia acaba no final deste ano. A desonera\u00e7\u00e3o da folha permite \u00e0s empresas dos setores beneficiados pagarem al\u00edquotas de 1% a 4,5% sobre a receita bruta, em vez de 20% sobre a folha de sal\u00e1rios. A ideia \u00e9 que esse mecanismo possibilite maior contrata\u00e7\u00e3o de pessoas.<\/p>\n<p>O autor da proposta, deputado Ricardo Ayres (Republicanos-TO), explica que a extin\u00e7\u00e3o da desonera\u00e7\u00e3o da folha representaria um obst\u00e1culo \u00e0 manuten\u00e7\u00e3o e gera\u00e7\u00e3o de empregos no futuro pr\u00f3ximo, pois agravaria os custos de contra\u00e7\u00e3o de m\u00e3o de obra para os importantes setores da ind\u00fastria, dos servi\u00e7os, dos transportes e da constru\u00e7\u00e3o. Segundo ele, esses setores podem optar pelo recolhimento da contribui\u00e7\u00e3o previdenci\u00e1ria sobre a receita bruta, ao inv\u00e9s da incid\u00eancia da contribui\u00e7\u00e3o previdenci\u00e1ria patronal sobre a folha de pagamento.<\/p>\n<p>\u201cNa medida em que a desonera\u00e7\u00e3o implica uma contribui\u00e7\u00e3o substitutiva sobre a receita bruta, faz-se necess\u00e1rio, por via de consequ\u00eancia, prorrogar o adicional de um ponto percentual \u00e0 al\u00edquota da Cofins-Importa\u00e7\u00e3o para manter equilibrados os n\u00edveis de tributa\u00e7\u00e3o entre opera\u00e7\u00f5es internas e importa\u00e7\u00f5es, mitigando-se, assim, poss\u00edveis distor\u00e7\u00f5es concorrenciais\u201d, explica Ayres.<\/p>\n<h2><strong>Tramita\u00e7\u00e3o<\/strong><\/h2>\n<p>A proposta, que tramita em car\u00e1ter conclusivo, ser\u00e1 analisada pelas comiss\u00f5es de Desenvolvimento Econ\u00f4mico; de Finan\u00e7as e Tributa\u00e7\u00e3o; e de Constitui\u00e7\u00e3o e Justi\u00e7a e de Cidadania.<\/p>\n<p>The post <a rel=\"nofollow noopener\" href=\"https:\/\/www.infomoney.com.br\/politica\/projeto-prorroga-por-quatro-anos-desoneracao-da-folha-de-pagamentos-da-cofins-importacao\/\" target=\"_blank\">Projeto prorroga por quatro anos desonera\u00e7\u00e3o da folha de pagamentos da Cofins-Importa\u00e7\u00e3o<\/a> appeared first on <a rel=\"nofollow noopener\" href=\"https:\/\/www.infomoney.com.br\/\" target=\"_blank\">InfoMoney<\/a>.<\/p>\n","protected":false},"excerpt":{"rendered":"<p><img loading=\"lazy\" decoding=\"async\" width=\"300\" height=\"200\" src=\"https:\/\/www.infomoney.com.br\/wp-content\/uploads\/2021\/08\/PlenarioCamara.jpg?fit=300%2C200&amp;quality=70&amp;strip=all\" class=\"attachment-medium size-medium wp-post-image\" alt=\"\" data-attachment-id=\"1679967\" data-permalink=\"https:\/\/www.infomoney.com.br\/politica\/camara-pode-votar-projeto-de-reforma-do-imposto-de-renda-nesta-quinta-feira-veja-as-mudancas\/attachment\/plenariocamara\/\" data-orig-file=\"https:\/\/www.infomoney.com.br\/wp-content\/uploads\/2021\/08\/PlenarioCamara.jpg?fit=1000%2C667&amp;quality=70&amp;strip=all\" data-orig-size=\"1000,667\" data-comments-opened=\"1\" data-image-meta='{\"aperture\":\"0\",\"credit\":\"\",\"camera\":\"\",\"caption\":\"\",\"created_timestamp\":\"0\",\"copyright\":\"\",\"focal_length\":\"0\",\"iso\":\"0\",\"shutter_speed\":\"0\",\"title\":\"\",\"orientation\":\"0\"}' data-image-title=\"Plen\u00e1rio da C\u00e2mara dos Deputados\" data-image-description=\"\" data-image-caption=\"&lt;p&gt;O plen\u00e1rio da C\u00e2mara dos Deputados (Foto: Cleia Viana\/C\u00e2mara dos Deputados)&lt;\/p&gt;\n\" data-medium-file=\"https:\/\/www.infomoney.com.br\/wp-content\/uploads\/2021\/08\/PlenarioCamara.jpg?fit=300%2C200&amp;quality=70&amp;strip=all\" data-large-file=\"https:\/\/www.infomoney.com.br\/wp-content\/uploads\/2021\/08\/PlenarioCamara.jpg?fit=1000%2C667&amp;quality=70&amp;strip=all\">Proposta ser\u00e1 analisada pelas comiss\u00f5es de Desenvolvimento Econ\u00f4mico; de Finan\u00e7as e Tributa\u00e7\u00e3o; e de Constitui\u00e7\u00e3o e Justi\u00e7a e de Cidadania<\/p>\n<p>The post <a rel=\"nofollow\" href=\"https:\/\/www.infomoney.com.br\/politica\/projeto-prorroga-por-quatro-anos-desoneracao-da-folha-de-pagamentos-da-cofins-importacao\/\">Projeto prorroga por quatro anos desonera\u00e7\u00e3o da folha de pagamentos da Cofins-Importa\u00e7\u00e3o<\/a> appeared first on <a rel=\"nofollow\" href=\"https:\/\/www.infomoney.com.br\/\">InfoMoney<\/a>.<\/p>\n","protected":false},"author":47,"featured_media":0,"comment_status":"closed","ping_status":"closed","sticky":false,"template":"","format":"standard","meta":{"advgb_blocks_editor_width":"","advgb_blocks_columns_visual_guide":"","footnotes":""},"categories":[276,359,34,513,47,786],"tags":[35],"class_list":["post-23078","post","type-post","status-publish","format-standard","hentry","category-camara-dos-deputados","category-congresso-nacional","category-g1","category-poder-legislativo","category-politica","category-tributos","tag-g1"],"author_meta":{"display_name":"luispereira","author_link":"https:\/\/sindaopcpb.org.br\/author\/luispereira\/"},"featured_img":null,"coauthors":[],"tax_additional":{"categories":{"linked":["<a href=\"https:\/\/sindaopcpb.org.br\/camara-dos-deputados\/\" class=\"advgb-post-tax-term\">C\u00e2mara dos Deputados<\/a>","<a href=\"https:\/\/sindaopcpb.org.br\/congresso-nacional\/\" class=\"advgb-post-tax-term\">Congresso Nacional<\/a>","<a href=\"https:\/\/sindaopcpb.org.br\/g1\/\" class=\"advgb-post-tax-term\">G1<\/a>","<a href=\"https:\/\/sindaopcpb.org.br\/poder-legislativo\/\" class=\"advgb-post-tax-term\">Poder Legislativo<\/a>","<a href=\"https:\/\/sindaopcpb.org.br\/politica\/\" class=\"advgb-post-tax-term\">POLITICA<\/a>","<a href=\"https:\/\/sindaopcpb.org.br\/tributos\/\" class=\"advgb-post-tax-term\">Tributos<\/a>"],"unlinked":["<span class=\"advgb-post-tax-term\">C\u00e2mara dos Deputados<\/span>","<span class=\"advgb-post-tax-term\">Congresso Nacional<\/span>","<span class=\"advgb-post-tax-term\">G1<\/span>","<span class=\"advgb-post-tax-term\">Poder Legislativo<\/span>","<span class=\"advgb-post-tax-term\">POLITICA<\/span>","<span class=\"advgb-post-tax-term\">Tributos<\/span>"]},"tags":{"linked":["<a href=\"https:\/\/sindaopcpb.org.br\/tributos\/\" class=\"advgb-post-tax-term\">g1<\/a>"],"unlinked":["<span class=\"advgb-post-tax-term\">g1<\/span>"]}},"comment_count":"0","relative_dates":{"created":"Publicado 3 anos atr\u00e1s","modified":"Atualizado 3 anos atr\u00e1s"},"absolute_dates":{"created":"Publicado em 28 de junho de 2023","modified":"Atualizado em 28 de junho de 2023"},"absolute_dates_time":{"created":"Publicado em 28 de junho de 2023 15:36","modified":"Atualizado em 28 de junho de 2023 15:36"},"featured_img_caption":"","series_order":"","_links":{"self":[{"href":"https:\/\/sindaopcpb.org.br\/index.php\/wp-json\/wp\/v2\/posts\/23078","targetHints":{"allow":["GET"]}}],"collection":[{"href":"https:\/\/sindaopcpb.org.br\/index.php\/wp-json\/wp\/v2\/posts"}],"about":[{"href":"https:\/\/sindaopcpb.org.br\/index.php\/wp-json\/wp\/v2\/types\/post"}],"author":[{"embeddable":true,"href":"https:\/\/sindaopcpb.org.br\/index.php\/wp-json\/wp\/v2\/users\/47"}],"replies":[{"embeddable":true,"href":"https:\/\/sindaopcpb.org.br\/index.php\/wp-json\/wp\/v2\/comments?post=23078"}],"version-history":[{"count":1,"href":"https:\/\/sindaopcpb.org.br\/index.php\/wp-json\/wp\/v2\/posts\/23078\/revisions"}],"predecessor-version":[{"id":23079,"href":"https:\/\/sindaopcpb.org.br\/index.php\/wp-json\/wp\/v2\/posts\/23078\/revisions\/23079"}],"wp:attachment":[{"href":"https:\/\/sindaopcpb.org.br\/index.php\/wp-json\/wp\/v2\/media?parent=23078"}],"wp:term":[{"taxonomy":"category","embeddable":true,"href":"https:\/\/sindaopcpb.org.br\/index.php\/wp-json\/wp\/v2\/categories?post=23078"},{"taxonomy":"post_tag","embeddable":true,"href":"https:\/\/sindaopcpb.org.br\/index.php\/wp-json\/wp\/v2\/tags?post=23078"}],"curies":[{"name":"wp","href":"https:\/\/api.w.org\/{rel}","templated":true}]}}