{"id":23069,"date":"2023-06-28T15:11:02","date_gmt":"2023-06-28T18:11:02","guid":{"rendered":"https:\/\/wpa.wscom.com.br\/?p=908861"},"modified":"2023-06-28T15:11:02","modified_gmt":"2023-06-28T18:11:02","slug":"lula-lancara-novo-pac-com-grandes-investimentos-em-obras-hidricas-diz-superintendente-da-sudene-conclusao-da-transposicao-e-meta","status":"publish","type":"post","link":"https:\/\/sindaopcpb.org.br\/index.php\/2023\/06\/28\/lula-lancara-novo-pac-com-grandes-investimentos-em-obras-hidricas-diz-superintendente-da-sudene-conclusao-da-transposicao-e-meta\/","title":{"rendered":"Lula lan\u00e7ar\u00e1 \u2018novo PAC\u2019 com \u2018grandes investimentos\u2019 em obras h\u00eddricas, diz superintendente da Sudene; conclus\u00e3o da Transposi\u00e7\u00e3o \u00e9 meta"},"content":{"rendered":"<p>&nbsp;<\/p>\n<p><span style=\"font-weight: 400;\">O superintendente da Sudene, Danilo Cabral, revelou nesta quarta-feira (28), durante agenda em Jo\u00e3o Pessoa, que o presidente Lula lan\u00e7ar\u00e1 nos pr\u00f3ximos 15 dias uma nova vers\u00e3o do PAC (Programa de Acelera\u00e7\u00e3o do Crescimento) que ter\u00e1 fortes investimentos em infraestrutura h\u00eddrica. A perspectiva \u00e9 que sejam liberados recursos para a finaliza\u00e7\u00e3o do<\/span><span style=\"font-weight: 400;\">\u00a0<\/span><b>Projeto<\/b><span style=\"font-weight: 400;\"> de Integra\u00e7\u00e3o do Rio <\/span><b>S\u00e3o Francisco<\/b><span style=\"font-weight: 400;\">, que tamb\u00e9m abrange a Para\u00edba.\u00a0<\/span><\/p>\n<p><span style=\"font-weight: 400;\">\u201cN\u00f3s vamos ter nos pr\u00f3ximos dias o an\u00fancio feito pelo pr\u00f3prio presidente Lula daquilo que ser\u00e3o as prioridades do ponto de vista de investimento, de obras de infraestrutura no nosso pa\u00eds. Ser\u00e1 uma nova modelagem, digamos assim, de uma nova vers\u00e3o do PAC, e certamente a gente vai ver contemplada um grande investimento em infraestrutura h\u00eddrica no pa\u00eds\u201d, destacou.\u00a0<\/span><\/p>\n<p><iframe loading=\"lazy\" title=\"Lula lan\u00e7ar\u00e1 &#039;novo PAC&#039; com &#039;grandes investimentos&#039; em obras h\u00eddricas\" width=\"600\" height=\"338\" src=\"https:\/\/www.youtube.com\/embed\/3l0i5WQcNSM?feature=oembed\" frameborder=\"0\" allow=\"accelerometer; autoplay; clipboard-write; encrypted-media; gyroscope; picture-in-picture; web-share\" allowfullscreen><\/iframe><\/p>\n<p>&nbsp;<\/p>\n<p><span style=\"font-weight: 400;\">Ele ainda revelou que o presidente dever\u00e1 vir \u00e0 regi\u00e3o dar sequ\u00eancia \u00e0s a\u00e7\u00f5es: \u201c a expectativa nossa inclusive \u00e9 que o presidente Lula venha \u00e0 regi\u00e3o muito em breve para dar sequ\u00eancia a essas a\u00e7\u00f5es. Isso foi nos informado ontem tamb\u00e9m\u201d.<\/span><\/p>\n<p><span style=\"font-weight: 400;\">Cabral destacou ainda que as \u00e1guas da Transposi\u00e7\u00e3o j\u00e1 est\u00e3o ajudando a desenvolver o Nordeste e que toda infraestrutura que j\u00e1 est\u00e1 \u00e0 disposi\u00e7\u00e3o de quase 12 milh\u00f5es de nordestinos, sobretudo no semi\u00e1rido\u00a0 para o desenvolvimento econ\u00f4mico. Ele ressaltou a import\u00e2ncia da finaliza\u00e7\u00e3o da obra:<\/span><\/p>\n<p><span style=\"font-weight: 400;\">\u201cEu acho que n\u00f3s precisamos concluir esse processo. O Programa de Integra\u00e7\u00e3o do S\u00e3o Francisco j\u00e1 est\u00e1 em processo quase final, faltando quest\u00f5es\u00a0 na pr\u00f3pria gest\u00e3o do sistema, essa \u00e9 uma pauta que est\u00e1 presente na preocupa\u00e7\u00e3o do governo do presidente Lula, at\u00e9 porque foi o presidente Lula quem tirou essa obra do papel. Eu estive ontem conversando com o ministro da Integra\u00e7\u00e3o, Waldez G\u00f3es, que est\u00e1 comprometido em fazer a discuss\u00e3o desse tema tamb\u00e9m\u201d.<\/span><\/p>\n<p>O post <a rel=\"nofollow noopener\" href=\"https:\/\/wscom.com.br\/lula-lancara-novo-pac-com-grandes-investimentos-em-obras-hidrivas-diz-danilo-cabral-conclusao-da-transposicao-e-meta\/\" target=\"_blank\">Lula lan\u00e7ar\u00e1 &#8216;novo PAC&#8217; com &#8216;grandes investimentos&#8217; em obras h\u00eddricas, diz superintendente da Sudene; conclus\u00e3o da Transposi\u00e7\u00e3o \u00e9 meta<\/a> apareceu primeiro em <a rel=\"nofollow noopener\" href=\"https:\/\/wscom.com.br\/\" target=\"_blank\">WSCOM<\/a>.<\/p>\n","protected":false},"excerpt":{"rendered":"<p>\u00a0 O superintendente da Sudene, Danilo Cabral, revelou nesta quarta-feira (28), durante agenda em Jo\u00e3o Pessoa, que o presidente Lula lan\u00e7ar\u00e1 nos pr\u00f3ximos 15 dias uma nova vers\u00e3o do PAC (Programa de Acelera\u00e7\u00e3o do Crescimento) que ter\u00e1 fortes investimentos em infraestrutura h\u00eddrica. A perspectiva \u00e9 que sejam liberados recursos para a finaliza\u00e7\u00e3o do\u00a0Projeto de Integra\u00e7\u00e3o [\u2026]<\/p>\n<p>O post <a rel=\"nofollow\" href=\"https:\/\/wscom.com.br\/lula-lancara-novo-pac-com-grandes-investimentos-em-obras-hidrivas-diz-danilo-cabral-conclusao-da-transposicao-e-meta\/\">Lula lan\u00e7ar\u00e1 \u2018novo PAC\u2019 com \u2018grandes investimentos\u2019 em obras h\u00eddricas, diz superintendente da Sudene; conclus\u00e3o da Transposi\u00e7\u00e3o \u00e9 meta<\/a> apareceu primeiro em <a rel=\"nofollow\" href=\"https:\/\/wscom.com.br\/\">WSCOM<\/a>.<\/p>\n","protected":false},"author":50,"featured_media":0,"comment_status":"closed","ping_status":"closed","sticky":false,"template":"","format":"standard","meta":{"advgb_blocks_editor_width":"","advgb_blocks_columns_visual_guide":"","footnotes":""},"categories":[5481,34,110,934,47,533],"tags":[35],"class_list":["post-23069","post","type-post","status-publish","format-standard","hentry","category-francisco","category-g1","category-lula","category-obras","category-politica","category-sao","tag-g1"],"author_meta":{"display_name":"Wallyson","author_link":"https:\/\/sindaopcpb.org.br\/author\/wallyson\/"},"featured_img":null,"coauthors":[],"tax_additional":{"categories":{"linked":["<a href=\"https:\/\/sindaopcpb.org.br\/francisco\/\" class=\"advgb-post-tax-term\">Francisco<\/a>","<a href=\"https:\/\/sindaopcpb.org.br\/g1\/\" class=\"advgb-post-tax-term\">G1<\/a>","<a href=\"https:\/\/sindaopcpb.org.br\/lula\/\" class=\"advgb-post-tax-term\">Lula<\/a>","<a href=\"https:\/\/sindaopcpb.org.br\/obras\/\" class=\"advgb-post-tax-term\">Obras<\/a>","<a href=\"https:\/\/sindaopcpb.org.br\/politica\/\" class=\"advgb-post-tax-term\">POLITICA<\/a>","<a href=\"https:\/\/sindaopcpb.org.br\/sao\/\" class=\"advgb-post-tax-term\">s\u00e3o<\/a>"],"unlinked":["<span class=\"advgb-post-tax-term\">Francisco<\/span>","<span class=\"advgb-post-tax-term\">G1<\/span>","<span class=\"advgb-post-tax-term\">Lula<\/span>","<span class=\"advgb-post-tax-term\">Obras<\/span>","<span class=\"advgb-post-tax-term\">POLITICA<\/span>","<span class=\"advgb-post-tax-term\">s\u00e3o<\/span>"]},"tags":{"linked":["<a href=\"https:\/\/sindaopcpb.org.br\/sao\/\" class=\"advgb-post-tax-term\">g1<\/a>"],"unlinked":["<span class=\"advgb-post-tax-term\">g1<\/span>"]}},"comment_count":"0","relative_dates":{"created":"Publicado 3 anos atr\u00e1s","modified":"Atualizado 3 anos atr\u00e1s"},"absolute_dates":{"created":"Publicado em 28 de junho de 2023","modified":"Atualizado em 28 de junho de 2023"},"absolute_dates_time":{"created":"Publicado em 28 de junho de 2023 15:11","modified":"Atualizado em 28 de junho de 2023 15:11"},"featured_img_caption":"","series_order":"","_links":{"self":[{"href":"https:\/\/sindaopcpb.org.br\/index.php\/wp-json\/wp\/v2\/posts\/23069","targetHints":{"allow":["GET"]}}],"collection":[{"href":"https:\/\/sindaopcpb.org.br\/index.php\/wp-json\/wp\/v2\/posts"}],"about":[{"href":"https:\/\/sindaopcpb.org.br\/index.php\/wp-json\/wp\/v2\/types\/post"}],"author":[{"embeddable":true,"href":"https:\/\/sindaopcpb.org.br\/index.php\/wp-json\/wp\/v2\/users\/50"}],"replies":[{"embeddable":true,"href":"https:\/\/sindaopcpb.org.br\/index.php\/wp-json\/wp\/v2\/comments?post=23069"}],"version-history":[{"count":1,"href":"https:\/\/sindaopcpb.org.br\/index.php\/wp-json\/wp\/v2\/posts\/23069\/revisions"}],"predecessor-version":[{"id":23070,"href":"https:\/\/sindaopcpb.org.br\/index.php\/wp-json\/wp\/v2\/posts\/23069\/revisions\/23070"}],"wp:attachment":[{"href":"https:\/\/sindaopcpb.org.br\/index.php\/wp-json\/wp\/v2\/media?parent=23069"}],"wp:term":[{"taxonomy":"category","embeddable":true,"href":"https:\/\/sindaopcpb.org.br\/index.php\/wp-json\/wp\/v2\/categories?post=23069"},{"taxonomy":"post_tag","embeddable":true,"href":"https:\/\/sindaopcpb.org.br\/index.php\/wp-json\/wp\/v2\/tags?post=23069"}],"curies":[{"name":"wp","href":"https:\/\/api.w.org\/{rel}","templated":true}]}}