{"id":23054,"date":"2023-06-28T14:44:02","date_gmt":"2023-06-28T17:44:02","guid":{"rendered":"https:\/\/g1.globo.com\/pb\/paraiba\/especial-publicitario\/sintur\/noticia\/2023\/06\/28\/desrespeito-as-faixas-exclusivas-prejudica-trabalhador-que-anda-de-onibus.ghtml"},"modified":"2023-06-28T14:44:02","modified_gmt":"2023-06-28T17:44:02","slug":"desrespeito-as-faixas-exclusivas-prejudica-trabalhador-que-anda-de-onibus","status":"publish","type":"post","link":"https:\/\/sindaopcpb.org.br\/index.php\/2023\/06\/28\/desrespeito-as-faixas-exclusivas-prejudica-trabalhador-que-anda-de-onibus\/","title":{"rendered":"Desrespeito \u00e0s faixas exclusivas prejudica trabalhador que anda de \u00f4nibus"},"content":{"rendered":"   <img src=\"https:\/\/s2.glbimg.com\/yq-c5pqPr1uojBwJEPBsQY8IC_8=\/i.s3.glbimg.com\/v1\/AUTH_59edd422c0c84a879bd37670ae4f538a\/internal_photos\/bs\/2023\/B\/l\/snL4LhQlO9AsemBfCpDw\/peca1-1-.jpg\" \/><br \/>     O resultado do desrespeito de motoristas e motociclistas \u00e0s faixas exclusivas poderiam provocar mais acidentes, diz Sintur-JP. O resultado do desrespeito de motoristas e motociclistas \u00e0s faixas exclusivas poderiam provocar mais acidentes. \nDivulga\u00e7\u00e3o\/Sintur-JP\nRecentemente, tramitou na C\u00e2mara Municipal de Jo\u00e3o Pessoa (CMJP) um Projeto de Indica\u00e7\u00e3o ao Executivo Municipal que permitiria a libera\u00e7\u00e3o de faixas exclusivas de \u00f4nibus para motocicletas. \nDe acordo com o projeto, o objetivo da medida seria \u201cpermitir a fluidez do tr\u00e2nsito, em especial nos hor\u00e1rios de maior fluxo, bem como diminuir o n\u00famero de acidentes para a categoria dos motociclistas\".\nEntretanto, o Sintur-JP, que representa as empresas de \u00f4nibus coletivo na capital, v\u00ea a proposta com bastante cautela, ressaltando que o desrespeito \u00e0s faixas exclusivas de \u00f4nibus prejudica quem utiliza o transporte p\u00fablico.\nAinda de acordo com o sindicato, as pessoas que andam de \u00f4nibus precisam ter a mobilidade garantida. O resultado do desrespeito de motoristas e motociclistas \u00e0s faixas exclusivas poderiam provocar mais acidentes.\n\u201cO direito constitucional ao transporte coletivo deve ser perseguido e defendido pelo poder p\u00fablico. O trabalhador que precisa do \u00f4nibus para se deslocar diariamente precisa ter prefer\u00eancia nas vias e no tr\u00e2nsito. Negar-lhes o b\u00e1sico seria um grande desrespeito, al\u00e9m de p\u00f4r em risco a seguran\u00e7a dos demais atores, como pedestres e ciclistas\u201d, pontuou Isaac J\u00fanior, Diretor Institucional do Sintur\/JP.\n\u00d4nibus do transporte p\u00fablico de Jo\u00e3o Pessoa recebe passageiros na Lagoa, no Centro.\nDivulga\u00e7\u00e3o\/Sintur-JP\nEm Jo\u00e3o Pessoa, al\u00e9m dos \u00f4nibus de transporte coletivo, \u00e9 permitido trafegar pelas faixas t\u00e1xis e transporte escolar com passageiros, viaturas de seguran\u00e7a e de salvamento, como SAMU.\nNa capital, h\u00e1 seis corredores com faixas exclusivas para \u00f4nibus, totalizando 22,2 km de faixas distribu\u00eddas da seguinte maneira: Centro (entre Terminal de Integra\u00e7\u00e3o do Varadouro e General Os\u00f3rio), avenidas Epit\u00e1cio Pessoa, Vasco da Gama, Josefa Taveira, Dom Pedro II e Nossa Senhora de F\u00e1tima.  ","protected":false},"excerpt":{"rendered":"<p>        O resultado do desrespeito de motoristas e motociclistas \u00e0s faixas exclusivas poderiam provocar mais acidentes, diz Sintur-JP. O resultado do desrespeito de motoristas e motociclistas \u00e0s faixas exclusivas poderiam provocar mais acidentes.<br \/>\nDivu&#8230;<\/p>\n","protected":false},"author":2,"featured_media":0,"comment_status":"closed","ping_status":"closed","sticky":false,"template":"","format":"standard","meta":{"advgb_blocks_editor_width":"","advgb_blocks_columns_visual_guide":"","footnotes":""},"categories":[34],"tags":[35],"class_list":["post-23054","post","type-post","status-publish","format-standard","hentry","category-g1","tag-g1"],"author_meta":{"display_name":"g1 &gt; Para\u00edba","author_link":"https:\/\/sindaopcpb.org.br\/author\/g1-paraiba\/"},"featured_img":null,"coauthors":[],"tax_additional":{"categories":{"linked":["<a href=\"https:\/\/sindaopcpb.org.br\/g1\/\" class=\"advgb-post-tax-term\">G1<\/a>"],"unlinked":["<span class=\"advgb-post-tax-term\">G1<\/span>"]},"tags":{"linked":["<a href=\"https:\/\/sindaopcpb.org.br\/g1\/\" class=\"advgb-post-tax-term\">g1<\/a>"],"unlinked":["<span class=\"advgb-post-tax-term\">g1<\/span>"]}},"comment_count":"0","relative_dates":{"created":"Publicado 3 anos atr\u00e1s","modified":"Atualizado 3 anos atr\u00e1s"},"absolute_dates":{"created":"Publicado em 28 de junho de 2023","modified":"Atualizado em 28 de junho de 2023"},"absolute_dates_time":{"created":"Publicado em 28 de junho de 2023 14:44","modified":"Atualizado em 28 de junho de 2023 14:44"},"featured_img_caption":"","series_order":"","_links":{"self":[{"href":"https:\/\/sindaopcpb.org.br\/index.php\/wp-json\/wp\/v2\/posts\/23054","targetHints":{"allow":["GET"]}}],"collection":[{"href":"https:\/\/sindaopcpb.org.br\/index.php\/wp-json\/wp\/v2\/posts"}],"about":[{"href":"https:\/\/sindaopcpb.org.br\/index.php\/wp-json\/wp\/v2\/types\/post"}],"author":[{"embeddable":true,"href":"https:\/\/sindaopcpb.org.br\/index.php\/wp-json\/wp\/v2\/users\/2"}],"replies":[{"embeddable":true,"href":"https:\/\/sindaopcpb.org.br\/index.php\/wp-json\/wp\/v2\/comments?post=23054"}],"version-history":[{"count":1,"href":"https:\/\/sindaopcpb.org.br\/index.php\/wp-json\/wp\/v2\/posts\/23054\/revisions"}],"predecessor-version":[{"id":23055,"href":"https:\/\/sindaopcpb.org.br\/index.php\/wp-json\/wp\/v2\/posts\/23054\/revisions\/23055"}],"wp:attachment":[{"href":"https:\/\/sindaopcpb.org.br\/index.php\/wp-json\/wp\/v2\/media?parent=23054"}],"wp:term":[{"taxonomy":"category","embeddable":true,"href":"https:\/\/sindaopcpb.org.br\/index.php\/wp-json\/wp\/v2\/categories?post=23054"},{"taxonomy":"post_tag","embeddable":true,"href":"https:\/\/sindaopcpb.org.br\/index.php\/wp-json\/wp\/v2\/tags?post=23054"}],"curies":[{"name":"wp","href":"https:\/\/api.w.org\/{rel}","templated":true}]}}