{"id":23052,"date":"2023-06-28T14:54:12","date_gmt":"2023-06-28T17:54:12","guid":{"rendered":"https:\/\/g1.globo.com\/pb\/paraiba\/noticia\/2023\/06\/28\/justica-proibe-sudema-de-aplicar-sancoes-ambientais-em-licenciamentos-da-prefeitura-de-santa-rita.ghtml"},"modified":"2023-06-28T14:54:12","modified_gmt":"2023-06-28T17:54:12","slug":"justica-proibe-sudema-de-aplicar-sancoes-ambientais-em-licenciamentos-da-prefeitura-de-santa-rita","status":"publish","type":"post","link":"https:\/\/sindaopcpb.org.br\/index.php\/2023\/06\/28\/justica-proibe-sudema-de-aplicar-sancoes-ambientais-em-licenciamentos-da-prefeitura-de-santa-rita\/","title":{"rendered":"Justi\u00e7a pro\u00edbe Sudema de aplicar san\u00e7\u00f5es ambientais em  licenciamentos da Prefeitura de Santa Rita"},"content":{"rendered":"   <img src=\"https:\/\/s2.glbimg.com\/Hvif_nH8R6LGYFk2WDq_wamnZMo=\/i.s3.glbimg.com\/v1\/AUTH_59edd422c0c84a879bd37670ae4f538a\/internal_photos\/bs\/2018\/0\/E\/okepr6St2EIp7wa4SIew\/sudema-kleide-teixeira.jpg\" \/><br \/>     De acordo com a decis\u00e3o, o \u00f3rg\u00e3o atua de forma abusiva e prejudica \u00f3rg\u00e3os municipais e empreendedores.  Superintend\u00eancia de Administra\u00e7\u00e3o do Meio Ambiente da Para\u00edba (Sudema) \nKleide Teixeira\/Jornal da Para\u00edba\nA Justi\u00e7a determinou que a Superintend\u00eancia de Administra\u00e7\u00e3o do Meio Ambiente da Para\u00edba (Sudema) n\u00e3o deve aplicar san\u00e7\u00f5es administrativas ambientais nas atividades alvo de pedidos de licenciamento ou de autoriza\u00e7\u00e3o ambiental do Munic\u00edpio de Santa Rita, atrav\u00e9s da Secretaria Municipal de Meio Ambiente (Semma). A ju\u00edza Ana Fl\u00e1via de Carvalho Dias, da 5\u00aa Vara da Comarca de Santa Rita, concedeu a tutela antecipada nesta ter\u00e7a-feira (27). \nA Secretaria Municipal de Meio Ambiente (Semma) foi criada em 2017, em Santa Rita, e \u00e9 respons\u00e1vel pela fiscaliza\u00e7\u00e3o, imposi\u00e7\u00e3o de san\u00e7\u00f5es administrativas e realiza\u00e7\u00e3o de licenciamento ambiental das atividades localizadas no munic\u00edpio.\nA Prefeitura de Santa Rita, ao solicitar o pedido \u00e0 Justi\u00e7a, afirmou que a Sudema interfere em processos de licenciamento ambiental que deveriam ser de compet\u00eancia municipal e desconsidera licen\u00e7as emitidas pela secretaria municipal. O Munic\u00edpio tamb\u00e9m defende que a Sudema atua de forma \u201cautorit\u00e1ria, inconstitucional e ilegal\u201d, alegando que a Semma n\u00e3o tem compet\u00eancia para conceder licen\u00e7as ambientais. \nNa decis\u00e3o, a ju\u00edza relembra entendimento do Supremo Tribunal Federal que garante a atua\u00e7\u00e3o dos munic\u00edpios na \u00e1rea ambiental. A magistrada tamb\u00e9m compartilha o mesmo argumento da Prefeitura de Santa Rita ao defender que a Sudema interfere em licen\u00e7as ambientais de responsabilidade do munic\u00edpio, prejudicando empreendedores e consultores ambientais, gerando inseguran\u00e7a jur\u00eddica e comprometendo a credibilidade dos \u00f3rg\u00e3os municipais. \n\u201cConfigurando um n\u00edtido caso de abuso de autoridade que prejudica n\u00e3o apenas o \u00f3rg\u00e3o municipal, como principalmente, os empreendedores que se v\u00eaem coagidos a obter uma licen\u00e7a ambiental estadual, quando na verdade eles j\u00e1 possuem a licen\u00e7a ambiental municipal necess\u00e1ria\u201d, afirmou a magistrada.\nNota da Sudema \nEm nota, a Sudema argumenta que \u00e9 responsabilidade do Conselho de Prote\u00e7\u00e3o do Meio Ambiente (Copam) definir tipos de licen\u00e7as que devem ser concedidas pelos munic\u00edpios. De acordo com o \u00f3rg\u00e3o estadual,  a autarquia \u201capenas notifica os empreendimentos para que regularizem sua situa\u00e7\u00e3o junto ao \u00f3rg\u00e3o competente nos casos em que tal compet\u00eancia municipal \u00e9 extrapolada\u201d.\nA Sudema tamb\u00e9m afirma que n\u00e3o foi ouvida no processo e que vai recorrer da decis\u00e3o. \nV\u00eddeos mais assistidos do g1 Para\u00edba  ","protected":false},"excerpt":{"rendered":"<p>        De acordo com a decis\u00e3o, o \u00f3rg\u00e3o atua de forma abusiva e prejudica \u00f3rg\u00e3os municipais e empreendedores.  Superintend\u00eancia de Administra\u00e7\u00e3o do Meio Ambiente da Para\u00edba (Sudema)<br \/>\nKleide Teixeira\/Jornal da Para\u00edba<br \/>\nA Justi\u00e7a determinou que a Superin&#8230;<\/p>\n","protected":false},"author":2,"featured_media":0,"comment_status":"closed","ping_status":"closed","sticky":false,"template":"","format":"standard","meta":{"advgb_blocks_editor_width":"","advgb_blocks_columns_visual_guide":"","footnotes":""},"categories":[34],"tags":[35],"class_list":["post-23052","post","type-post","status-publish","format-standard","hentry","category-g1","tag-g1"],"author_meta":{"display_name":"g1 &gt; Para\u00edba","author_link":"https:\/\/sindaopcpb.org.br\/author\/g1-paraiba\/"},"featured_img":null,"coauthors":[],"tax_additional":{"categories":{"linked":["<a href=\"https:\/\/sindaopcpb.org.br\/g1\/\" class=\"advgb-post-tax-term\">G1<\/a>"],"unlinked":["<span class=\"advgb-post-tax-term\">G1<\/span>"]},"tags":{"linked":["<a href=\"https:\/\/sindaopcpb.org.br\/g1\/\" class=\"advgb-post-tax-term\">g1<\/a>"],"unlinked":["<span class=\"advgb-post-tax-term\">g1<\/span>"]}},"comment_count":"0","relative_dates":{"created":"Publicado 3 anos atr\u00e1s","modified":"Atualizado 3 anos atr\u00e1s"},"absolute_dates":{"created":"Publicado em 28 de junho de 2023","modified":"Atualizado em 28 de junho de 2023"},"absolute_dates_time":{"created":"Publicado em 28 de junho de 2023 14:54","modified":"Atualizado em 28 de junho de 2023 14:54"},"featured_img_caption":"","series_order":"","_links":{"self":[{"href":"https:\/\/sindaopcpb.org.br\/index.php\/wp-json\/wp\/v2\/posts\/23052","targetHints":{"allow":["GET"]}}],"collection":[{"href":"https:\/\/sindaopcpb.org.br\/index.php\/wp-json\/wp\/v2\/posts"}],"about":[{"href":"https:\/\/sindaopcpb.org.br\/index.php\/wp-json\/wp\/v2\/types\/post"}],"author":[{"embeddable":true,"href":"https:\/\/sindaopcpb.org.br\/index.php\/wp-json\/wp\/v2\/users\/2"}],"replies":[{"embeddable":true,"href":"https:\/\/sindaopcpb.org.br\/index.php\/wp-json\/wp\/v2\/comments?post=23052"}],"version-history":[{"count":1,"href":"https:\/\/sindaopcpb.org.br\/index.php\/wp-json\/wp\/v2\/posts\/23052\/revisions"}],"predecessor-version":[{"id":23053,"href":"https:\/\/sindaopcpb.org.br\/index.php\/wp-json\/wp\/v2\/posts\/23052\/revisions\/23053"}],"wp:attachment":[{"href":"https:\/\/sindaopcpb.org.br\/index.php\/wp-json\/wp\/v2\/media?parent=23052"}],"wp:term":[{"taxonomy":"category","embeddable":true,"href":"https:\/\/sindaopcpb.org.br\/index.php\/wp-json\/wp\/v2\/categories?post=23052"},{"taxonomy":"post_tag","embeddable":true,"href":"https:\/\/sindaopcpb.org.br\/index.php\/wp-json\/wp\/v2\/tags?post=23052"}],"curies":[{"name":"wp","href":"https:\/\/api.w.org\/{rel}","templated":true}]}}