{"id":22761,"date":"2023-06-28T10:32:46","date_gmt":"2023-06-28T13:32:46","guid":{"rendered":"https:\/\/wpa.wscom.com.br\/?p=908786"},"modified":"2023-06-28T10:32:46","modified_gmt":"2023-06-28T13:32:46","slug":"inelegibilidade-de-bolsonaro-e-caminho-sem-volta-diz-governador-joao-azevedo","status":"publish","type":"post","link":"https:\/\/sindaopcpb.org.br\/index.php\/2023\/06\/28\/inelegibilidade-de-bolsonaro-e-caminho-sem-volta-diz-governador-joao-azevedo\/","title":{"rendered":"Inelegibilidade de Bolsonaro \u00e9 caminho \u2018sem volta\u2019, diz governador Jo\u00e3o Azev\u00eado"},"content":{"rendered":"<p>O governador Jo\u00e3o Azev\u00eado (PSB) opiniou nesta quarta-feir a(28) sobre o o julgamento, no Tribunal Superior Eleitoral (TSE), da a\u00e7\u00e3o que pode tornar o ex-presidente Jair Bolsonaro ineleg\u00edvel.<\/p>\n<p>\u201cEu acho que n\u00f3s somos frutos das nossas decis\u00f5es e das nossas posturas. O que o Tribunal est\u00e1 fazendo hoje \u00e9 um julgamento em cima daquilo e do comportamento que o presidente teve ao longo do seu mandato. Se chegar \u00e0 conclus\u00e3o que efetivamente os atos cometidos foram atos que justifiquem torn\u00e1-lo ineleg\u00edvel, isso vai acontecer naturalmente. Esse \u00e9 um processo natural\u201d, destacou.<\/p>\n<p>Ele ainda opinou sobre o m\u00e9rito do caso: \u201cAs consequ\u00eancias da inelegibilidade, na minha leitura eu acho que ser\u00e1 um caminho sem volta\u201d.<\/p>\n<div style=\"width: 352px;\" class=\"wp-video\"><!--[if lt IE 9]><script>document.createElement('video');<\/script><![endif]--><br \/>\n<video class=\"wp-video-shortcode\" id=\"video-908786-1\" width=\"352\" height=\"640\" preload=\"metadata\" controls=\"controls\"><source type=\"video\/mp4\" src=\"https:\/\/wpa.wscom.com.br\/wp-content\/uploads\/2023\/06\/Joao-Bolso.mp4?_=1\" \/><a href=\"https:\/\/wpa.wscom.com.br\/wp-content\/uploads\/2023\/06\/Joao-Bolso.mp4\" rel=\"nofollow noopener\" target=\"_blank\">https:\/\/wpa.wscom.com.br\/wp-content\/uploads\/2023\/06\/Joao-Bolso.mp4<\/a><\/video><\/div>\n<p>O post <a rel=\"nofollow noopener\" href=\"https:\/\/wscom.com.br\/inelegibilidade-de-bolsonaro-e-caminho-sem-volta\/\" target=\"_blank\">Inelegibilidade de Bolsonaro \u00e9 caminho &#8216;sem volta&#8217;, diz governador Jo\u00e3o Azev\u00eado<\/a> apareceu primeiro em <a rel=\"nofollow noopener\" href=\"https:\/\/wscom.com.br\/\" target=\"_blank\">WSCOM<\/a>.<\/p>\n","protected":false},"excerpt":{"rendered":"<p>O governador Jo\u00e3o Azev\u00eado (PSB) opiniou nesta quarta-feir a(28) sobre o o julgamento, no Tribunal Superior Eleitoral (TSE), da a\u00e7\u00e3o que pode tornar o ex-presidente Jair Bolsonaro ineleg\u00edvel. \u201cEu acho que n\u00f3s somos frutos das nossas decis\u00f5es e das nossas posturas. O que o Tribunal est\u00e1 fazendo hoje \u00e9 um julgamento em cima daquilo e [\u2026]<\/p>\n<p>O post <a rel=\"nofollow\" href=\"https:\/\/wscom.com.br\/inelegibilidade-de-bolsonaro-e-caminho-sem-volta\/\">Inelegibilidade de Bolsonaro \u00e9 caminho \u2018sem volta\u2019, diz governador Jo\u00e3o Azev\u00eado<\/a> apareceu primeiro em <a rel=\"nofollow\" href=\"https:\/\/wscom.com.br\/\">WSCOM<\/a>.<\/p>\n","protected":false},"author":50,"featured_media":0,"comment_status":"closed","ping_status":"closed","sticky":false,"template":"","format":"standard","meta":{"advgb_blocks_editor_width":"","advgb_blocks_columns_visual_guide":"","footnotes":""},"categories":[509,34,4232,47],"tags":[35],"class_list":["post-22761","post","type-post","status-publish","format-standard","hentry","category-bolsonaro","category-g1","category-inelegibilidade","category-politica","tag-g1"],"author_meta":{"display_name":"Wallyson","author_link":"https:\/\/sindaopcpb.org.br\/author\/wallyson\/"},"featured_img":null,"coauthors":[],"tax_additional":{"categories":{"linked":["<a href=\"https:\/\/sindaopcpb.org.br\/bolsonaro\/\" class=\"advgb-post-tax-term\">bolsonaro<\/a>","<a href=\"https:\/\/sindaopcpb.org.br\/g1\/\" class=\"advgb-post-tax-term\">G1<\/a>","<a href=\"https:\/\/sindaopcpb.org.br\/inelegibilidade\/\" class=\"advgb-post-tax-term\">inelegibilidade<\/a>","<a href=\"https:\/\/sindaopcpb.org.br\/politica\/\" class=\"advgb-post-tax-term\">POLITICA<\/a>"],"unlinked":["<span class=\"advgb-post-tax-term\">bolsonaro<\/span>","<span class=\"advgb-post-tax-term\">G1<\/span>","<span class=\"advgb-post-tax-term\">inelegibilidade<\/span>","<span class=\"advgb-post-tax-term\">POLITICA<\/span>"]},"tags":{"linked":["<a href=\"https:\/\/sindaopcpb.org.br\/politica\/\" class=\"advgb-post-tax-term\">g1<\/a>"],"unlinked":["<span class=\"advgb-post-tax-term\">g1<\/span>"]}},"comment_count":"0","relative_dates":{"created":"Publicado 3 anos atr\u00e1s","modified":"Atualizado 3 anos atr\u00e1s"},"absolute_dates":{"created":"Publicado em 28 de junho de 2023","modified":"Atualizado em 28 de junho de 2023"},"absolute_dates_time":{"created":"Publicado em 28 de junho de 2023 10:32","modified":"Atualizado em 28 de junho de 2023 10:32"},"featured_img_caption":"","series_order":"","_links":{"self":[{"href":"https:\/\/sindaopcpb.org.br\/index.php\/wp-json\/wp\/v2\/posts\/22761","targetHints":{"allow":["GET"]}}],"collection":[{"href":"https:\/\/sindaopcpb.org.br\/index.php\/wp-json\/wp\/v2\/posts"}],"about":[{"href":"https:\/\/sindaopcpb.org.br\/index.php\/wp-json\/wp\/v2\/types\/post"}],"author":[{"embeddable":true,"href":"https:\/\/sindaopcpb.org.br\/index.php\/wp-json\/wp\/v2\/users\/50"}],"replies":[{"embeddable":true,"href":"https:\/\/sindaopcpb.org.br\/index.php\/wp-json\/wp\/v2\/comments?post=22761"}],"version-history":[{"count":3,"href":"https:\/\/sindaopcpb.org.br\/index.php\/wp-json\/wp\/v2\/posts\/22761\/revisions"}],"predecessor-version":[{"id":23075,"href":"https:\/\/sindaopcpb.org.br\/index.php\/wp-json\/wp\/v2\/posts\/22761\/revisions\/23075"}],"wp:attachment":[{"href":"https:\/\/sindaopcpb.org.br\/index.php\/wp-json\/wp\/v2\/media?parent=22761"}],"wp:term":[{"taxonomy":"category","embeddable":true,"href":"https:\/\/sindaopcpb.org.br\/index.php\/wp-json\/wp\/v2\/categories?post=22761"},{"taxonomy":"post_tag","embeddable":true,"href":"https:\/\/sindaopcpb.org.br\/index.php\/wp-json\/wp\/v2\/tags?post=22761"}],"curies":[{"name":"wp","href":"https:\/\/api.w.org\/{rel}","templated":true}]}}