{"id":22759,"date":"2023-06-28T09:50:00","date_gmt":"2023-06-28T12:50:00","guid":{"rendered":"https:\/\/www.infomoney.com.br\/?p=2172476"},"modified":"2023-06-28T09:50:00","modified_gmt":"2023-06-28T12:50:00","slug":"padilha-no-senado-discutimos-as-sabatinas-do-bc-na-camara-arcabouco-fiscal-e-tributaria","status":"publish","type":"post","link":"https:\/\/sindaopcpb.org.br\/index.php\/2023\/06\/28\/padilha-no-senado-discutimos-as-sabatinas-do-bc-na-camara-arcabouco-fiscal-e-tributaria\/","title":{"rendered":"Padilha: No Senado, discutimos as sabatinas do BC; na C\u00e2mara, arcabou\u00e7o fiscal e tribut\u00e1ria"},"content":{"rendered":"<p><img loading=\"lazy\" width=\"300\" height=\"225\" src=\"https:\/\/www.infomoney.com.br\/wp-content\/uploads\/2023\/03\/a81t3504.jpg?fit=300%2C225&amp;quality=70&amp;strip=all\" class=\"attachment-medium size-medium wp-post-image\" alt=\"\" decoding=\"async\" style=\"float:right; margin:0 0 10px 10px;\" srcset=\"https:\/\/www.infomoney.com.br\/wp-content\/uploads\/2023\/03\/a81t3504.jpg?w=1024&amp;quality=70&amp;strip=all 1024w, https:\/\/www.infomoney.com.br\/wp-content\/uploads\/2023\/03\/a81t3504.jpg?w=300&amp;quality=70&amp;strip=all 300w, https:\/\/www.infomoney.com.br\/wp-content\/uploads\/2023\/03\/a81t3504.jpg?w=768&amp;quality=70&amp;strip=all 768w, https:\/\/www.infomoney.com.br\/wp-content\/uploads\/2023\/03\/a81t3504.jpg?w=150&amp;quality=70&amp;strip=all 150w\" sizes=\"auto, (max-width: 300px) 100vw, 300px\" data-attachment-id=\"2096229\" data-permalink=\"https:\/\/www.infomoney.com.br\/a81t3504\/\" data-orig-file=\"https:\/\/www.infomoney.com.br\/wp-content\/uploads\/2023\/03\/a81t3504.jpg?fit=1024%2C768&amp;quality=70&amp;strip=all\" data-orig-size=\"1024,768\" data-comments-opened=\"0\" data-image-meta=\"{&quot;aperture&quot;:&quot;4&quot;,&quot;credit&quot;:&quot;Antonio Cruz\\\/ Ag\\u00eancia Brasil&quot;,&quot;camera&quot;:&quot;Canon EOS-1D X&quot;,&quot;caption&quot;:&quot;Bras\\u00edlia (DF) 29\\\/03\\\/2023  ministro de Rela\\u00e7\\u00f5es Institucionais, Alexandre Padilha, fala com a imprensa no Pal\\u00e1cio da Alvorada. Foto: Antonio Cruz\\\/ Ag\\u00eancia Brasil&quot;,&quot;created_timestamp&quot;:&quot;1680088190&quot;,&quot;copyright&quot;:&quot;Ag\\u00eancia Brasil\\\/EBC&quot;,&quot;focal_length&quot;:&quot;130&quot;,&quot;iso&quot;:&quot;800&quot;,&quot;shutter_speed&quot;:&quot;0.00125&quot;,&quot;title&quot;:&quot;&quot;,&quot;orientation&quot;:&quot;0&quot;}\" data-image-title=\"Alexandre Padilha\" data-image-description=\"\" data-image-caption=\"&lt;p&gt;Ministro de Rela\u00e7\u00f5es Institucionais, Alexandre Padilha (Antonio Cruz\/ Ag\u00eancia Brasil)&lt;\/p&gt;\n\" data-medium-file=\"https:\/\/www.infomoney.com.br\/wp-content\/uploads\/2023\/03\/a81t3504.jpg?fit=300%2C225&amp;quality=70&amp;strip=all\" data-large-file=\"https:\/\/www.infomoney.com.br\/wp-content\/uploads\/2023\/03\/a81t3504.jpg?fit=1024%2C768&amp;quality=70&amp;strip=all\" title=\"\"><\/p>\n<p>O ministro das Rela\u00e7\u00f5es Institucionais, Alexandre Padilha, se reuniu com o ministro da Fazenda, Fernando Haddad, e o l\u00edder do governo na C\u00e2mara, Jos\u00e9 Guimar\u00e3es (PT-CE), para discutir a agenda econ\u00f4mica no Congresso na pr\u00f3xima semana, j\u00e1 que Haddad lidera o debate t\u00e9cnico de mat\u00e9rias como o arcabou\u00e7o fiscal e reforma tribut\u00e1ria, que ser\u00e3o votadas na C\u00e2mara. Para o Senado, tamb\u00e9m pesam as sabatinas com os indicados para as diretorias do Banco Central (BC), Gabriel Gal\u00edpolo (Pol\u00edtica Monet\u00e1ria) e Ailton Aquino (Fiscaliza\u00e7\u00e3o).<\/p>\n<p>A avalia\u00e7\u00e3o de Padilha \u00e9 de que h\u00e1 um ambiente positivo em rela\u00e7\u00e3o aos indicados para o BC e que ser\u00e3o sabatinados na Comiss\u00e3o de Assuntos Econ\u00f4micos (CAE), mas a C\u00e2mara tem uma agenda mais pesada de vota\u00e7\u00f5es. A come\u00e7ar pelo projeto de lei que restabelece o voto de qualidade do Conselho Administrativo de Recursos Fiscais (Carf) e est\u00e1 trancando a pauta da Casa. Padilha diz que o relator, Beto Pereira (PSDB-MS), sinalizou que entrega o parecer na segunda-feira, o que possibilitar\u00e1 avan\u00e7ar com o marco fiscal e a reforma tribut\u00e1ria.<\/p>\n<p>A prioridade de vota\u00e7\u00e3o ser\u00e1 do novo arcabou\u00e7o fiscal. Padilha elogiou o \u00f3timo trabalho feito pelas duas Casas, mas avaliou que o texto aprovado no Senado consegue conciliar responsabilidade fiscal e social, e que o desafio \u00e9 mostrar isso aos l\u00edderes da C\u00e2mara.<\/p>\n<p>Como o <i>Broadcast<\/i> j\u00e1 mostrou, h\u00e1 uma tend\u00eancia da C\u00e2mara em reverter as altera\u00e7\u00f5es feitas pelo Senado. Entre as mudan\u00e7as, est\u00e3o a amplia\u00e7\u00e3o no rol de exce\u00e7\u00f5es ao limite de gastos &#8211; com a inclus\u00e3o do Fundeb, Fundo Constitucional do Distrito Federal e recursos de ci\u00eancia, tecnologia e inova\u00e7\u00e3o &#8211; e uma emenda que autoriza a previs\u00e3o de despesas condicionadas no Or\u00e7amento de 2024, que s\u00f3 seriam executadas com a aprova\u00e7\u00e3o de cr\u00e9dito extraordin\u00e1rio pelo Legislativo.<\/p>\n<p>O secret\u00e1rio do Tesouro Nacional, Rog\u00e9rio Ceron, j\u00e1 disse que a Fazenda \u00e9 favor\u00e1vel \u00e0 inclus\u00e3o do Fundo do DF no limite de gastos. J\u00e1 a emenda para despesas condicionadas atende a uma demanda do Minist\u00e9rio do Planejamento.<\/p>\n<p>Padilha defendeu a manuten\u00e7\u00e3o dessa mudan\u00e7a. &#8220;Teremos tempo para conversar com os l\u00edderes da base para poder discutir um pouco melhor a regra do IPCA. O texto do Senado sobre o IPCA permite apresentar um or\u00e7amento mais realista&#8221;, disse, reiterando que o protagonismo do Congresso na autoriza\u00e7\u00e3o para libera\u00e7\u00e3o desses recursos foi preservado.<\/p>\n<p>Ainda de acordo com o cronograma de Padilha, com o avan\u00e7o dessas pautas, a reforma tribut\u00e1ria pode ser votada at\u00e9 a segunda semana de julho. O ministro ressaltou que o governo tamb\u00e9m quer concluir a recria\u00e7\u00e3o dos programas da \u00e1rea social, com a retomada do Programa de Aquisi\u00e7\u00e3o de Alimentos (PAA), que deve ser analisado nas duas Casas.<\/p>\n<p><b>Conselh\u00e3o<\/b><\/p>\n<p>O ministro das Rela\u00e7\u00f5es Institucionais, Alexandre Padilha, disse que refor\u00e7ou o convite para o ministro da Fazenda, Fernando Haddad, participar da reuni\u00e3o da C\u00e2mara T\u00e9cnica Econ\u00f4mica do Conselh\u00e3o, na pr\u00f3xima segunda-feira pela manh\u00e3.<\/p>\n<p>&#8220;Vamos reunir o conjunto de empres\u00e1rios, pessoas que acompanham a economia, trabalhadores, para discutir a atual situa\u00e7\u00e3o da economia brasileira. Haddad far\u00e1 uma apresenta\u00e7\u00e3o desse balan\u00e7o, do esfor\u00e7o do governo e Congresso em terem criado as condi\u00e7\u00f5es de recupera\u00e7\u00e3o econ\u00f4mica do Brasil, para o Pa\u00eds ter uma trajet\u00f3ria descendente dos juros&#8221;, afirmou.<\/p>\n<p>The post <a rel=\"nofollow noopener\" href=\"https:\/\/www.infomoney.com.br\/politica\/padilha-no-senado-discutimos-as-sabatinas-do-bc-na-camara-arcabouco-fiscal-e-tributaria\/\" target=\"_blank\">Padilha: No Senado, discutimos as sabatinas do BC; na C\u00e2mara, arcabou\u00e7o fiscal e tribut\u00e1ria<\/a> appeared first on <a rel=\"nofollow noopener\" href=\"https:\/\/www.infomoney.com.br\/\" target=\"_blank\">InfoMoney<\/a>.<\/p>\n","protected":false},"excerpt":{"rendered":"<p><img loading=\"lazy\" decoding=\"async\" width=\"300\" height=\"225\" src=\"https:\/\/www.infomoney.com.br\/wp-content\/uploads\/2023\/03\/a81t3504.jpg?fit=300%2C225&amp;quality=70&amp;strip=all\" class=\"attachment-medium size-medium wp-post-image\" alt=\"\" data-attachment-id=\"2096229\" data-permalink=\"https:\/\/www.infomoney.com.br\/a81t3504\/\" data-orig-file=\"https:\/\/www.infomoney.com.br\/wp-content\/uploads\/2023\/03\/a81t3504.jpg?fit=1024%2C768&amp;quality=70&amp;strip=all\" data-orig-size=\"1024,768\" data-comments-opened=\"0\" data-image-meta='{\"aperture\":\"4\",\"credit\":\"Antonio Cruz\\\/ Ag\\u00eancia Brasil\",\"camera\":\"Canon EOS-1D X\",\"caption\":\"Bras\\u00edlia (DF) 29\\\/03\\\/2023  ministro de Rela\\u00e7\\u00f5es Institucionais, Alexandre Padilha, fala com a imprensa no Pal\\u00e1cio da Alvorada. Foto: Antonio Cruz\\\/ Ag\\u00eancia Brasil\",\"created_timestamp\":\"1680088190\",\"copyright\":\"Ag\\u00eancia Brasil\\\/EBC\",\"focal_length\":\"130\",\"iso\":\"800\",\"shutter_speed\":\"0.00125\",\"title\":\"\",\"orientation\":\"0\"}' data-image-title=\"Alexandre Padilha\" data-image-description=\"\" data-image-caption=\"&lt;p&gt;Ministro de Rela\u00e7\u00f5es Institucionais, Alexandre Padilha (Antonio Cruz\/ Ag\u00eancia Brasil)&lt;\/p&gt;\n\" data-medium-file=\"https:\/\/www.infomoney.com.br\/wp-content\/uploads\/2023\/03\/a81t3504.jpg?fit=300%2C225&amp;quality=70&amp;strip=all\" data-large-file=\"https:\/\/www.infomoney.com.br\/wp-content\/uploads\/2023\/03\/a81t3504.jpg?fit=1024%2C768&amp;quality=70&amp;strip=all\">De acordo com o cronograma de Padilha, com o avan\u00e7o dessas pautas, a reforma tribut\u00e1ria pode ser votada at\u00e9 a segunda semana de julho<\/p>\n<p>The post <a rel=\"nofollow\" href=\"https:\/\/www.infomoney.com.br\/politica\/padilha-no-senado-discutimos-as-sabatinas-do-bc-na-camara-arcabouco-fiscal-e-tributaria\/\">Padilha: No Senado, discutimos as sabatinas do BC; na C\u00e2mara, arcabou\u00e7o fiscal e tribut\u00e1ria<\/a> appeared first on <a rel=\"nofollow\" href=\"https:\/\/www.infomoney.com.br\/\">InfoMoney<\/a>.<\/p>\n","protected":false},"author":43,"featured_media":0,"comment_status":"closed","ping_status":"closed","sticky":false,"template":"","format":"standard","meta":{"advgb_blocks_editor_width":"","advgb_blocks_columns_visual_guide":"","footnotes":""},"categories":[468,108,279,276,359,69,34,693,260,47,403],"tags":[35],"class_list":["post-22759","post","type-post","status-publish","format-standard","hentry","category-alexandre-padilha","category-arcabouco-fiscal","category-banco-central","category-camara-dos-deputados","category-congresso-nacional","category-economia","category-g1","category-gabriel-galipolo","category-governo","category-politica","category-senado","tag-g1"],"author_meta":{"display_name":"Estad\u00e3o Conte\u00fado","author_link":"https:\/\/sindaopcpb.org.br\/author\/estadao-conteudo\/"},"featured_img":null,"coauthors":[],"tax_additional":{"categories":{"linked":["<a href=\"https:\/\/sindaopcpb.org.br\/alexandre-padilha\/\" class=\"advgb-post-tax-term\">Alexandre Padilha<\/a>","<a href=\"https:\/\/sindaopcpb.org.br\/arcabouco-fiscal\/\" class=\"advgb-post-tax-term\">Arcabou\u00e7o Fiscal<\/a>","<a href=\"https:\/\/sindaopcpb.org.br\/banco-central\/\" class=\"advgb-post-tax-term\">Banco Central<\/a>","<a href=\"https:\/\/sindaopcpb.org.br\/camara-dos-deputados\/\" class=\"advgb-post-tax-term\">C\u00e2mara dos Deputados<\/a>","<a href=\"https:\/\/sindaopcpb.org.br\/congresso-nacional\/\" class=\"advgb-post-tax-term\">Congresso Nacional<\/a>","<a href=\"https:\/\/sindaopcpb.org.br\/economia\/\" class=\"advgb-post-tax-term\">Economia<\/a>","<a href=\"https:\/\/sindaopcpb.org.br\/g1\/\" class=\"advgb-post-tax-term\">G1<\/a>","<a href=\"https:\/\/sindaopcpb.org.br\/gabriel-galipolo\/\" class=\"advgb-post-tax-term\">Gabriel Gal\u00edpolo<\/a>","<a href=\"https:\/\/sindaopcpb.org.br\/governo\/\" class=\"advgb-post-tax-term\">Governo<\/a>","<a href=\"https:\/\/sindaopcpb.org.br\/politica\/\" class=\"advgb-post-tax-term\">POLITICA<\/a>","<a href=\"https:\/\/sindaopcpb.org.br\/senado\/\" class=\"advgb-post-tax-term\">Senado<\/a>"],"unlinked":["<span class=\"advgb-post-tax-term\">Alexandre Padilha<\/span>","<span class=\"advgb-post-tax-term\">Arcabou\u00e7o Fiscal<\/span>","<span class=\"advgb-post-tax-term\">Banco Central<\/span>","<span class=\"advgb-post-tax-term\">C\u00e2mara dos Deputados<\/span>","<span class=\"advgb-post-tax-term\">Congresso Nacional<\/span>","<span class=\"advgb-post-tax-term\">Economia<\/span>","<span class=\"advgb-post-tax-term\">G1<\/span>","<span class=\"advgb-post-tax-term\">Gabriel Gal\u00edpolo<\/span>","<span class=\"advgb-post-tax-term\">Governo<\/span>","<span class=\"advgb-post-tax-term\">POLITICA<\/span>","<span class=\"advgb-post-tax-term\">Senado<\/span>"]},"tags":{"linked":["<a href=\"https:\/\/sindaopcpb.org.br\/senado\/\" class=\"advgb-post-tax-term\">g1<\/a>"],"unlinked":["<span class=\"advgb-post-tax-term\">g1<\/span>"]}},"comment_count":"0","relative_dates":{"created":"Publicado 3 anos atr\u00e1s","modified":"Atualizado 3 anos atr\u00e1s"},"absolute_dates":{"created":"Publicado em 28 de junho de 2023","modified":"Atualizado em 28 de junho de 2023"},"absolute_dates_time":{"created":"Publicado em 28 de junho de 2023 09:50","modified":"Atualizado em 28 de junho de 2023 09:50"},"featured_img_caption":"","series_order":"","_links":{"self":[{"href":"https:\/\/sindaopcpb.org.br\/index.php\/wp-json\/wp\/v2\/posts\/22759","targetHints":{"allow":["GET"]}}],"collection":[{"href":"https:\/\/sindaopcpb.org.br\/index.php\/wp-json\/wp\/v2\/posts"}],"about":[{"href":"https:\/\/sindaopcpb.org.br\/index.php\/wp-json\/wp\/v2\/types\/post"}],"author":[{"embeddable":true,"href":"https:\/\/sindaopcpb.org.br\/index.php\/wp-json\/wp\/v2\/users\/43"}],"replies":[{"embeddable":true,"href":"https:\/\/sindaopcpb.org.br\/index.php\/wp-json\/wp\/v2\/comments?post=22759"}],"version-history":[{"count":1,"href":"https:\/\/sindaopcpb.org.br\/index.php\/wp-json\/wp\/v2\/posts\/22759\/revisions"}],"predecessor-version":[{"id":22760,"href":"https:\/\/sindaopcpb.org.br\/index.php\/wp-json\/wp\/v2\/posts\/22759\/revisions\/22760"}],"wp:attachment":[{"href":"https:\/\/sindaopcpb.org.br\/index.php\/wp-json\/wp\/v2\/media?parent=22759"}],"wp:term":[{"taxonomy":"category","embeddable":true,"href":"https:\/\/sindaopcpb.org.br\/index.php\/wp-json\/wp\/v2\/categories?post=22759"},{"taxonomy":"post_tag","embeddable":true,"href":"https:\/\/sindaopcpb.org.br\/index.php\/wp-json\/wp\/v2\/tags?post=22759"}],"curies":[{"name":"wp","href":"https:\/\/api.w.org\/{rel}","templated":true}]}}