{"id":22757,"date":"2023-06-28T09:53:00","date_gmt":"2023-06-28T12:53:00","guid":{"rendered":"https:\/\/www.infomoney.com.br\/?p=2172518"},"modified":"2023-06-28T09:53:00","modified_gmt":"2023-06-28T12:53:00","slug":"tebet-ata-do-banco-central-me-agradou-enquanto-comunicado-me-assustou","status":"publish","type":"post","link":"https:\/\/sindaopcpb.org.br\/index.php\/2023\/06\/28\/tebet-ata-do-banco-central-me-agradou-enquanto-comunicado-me-assustou\/","title":{"rendered":"Tebet: Ata do Banco Central me agradou, enquanto comunicado me assustou"},"content":{"rendered":"<p><img loading=\"lazy\" width=\"300\" height=\"200\" src=\"https:\/\/www.infomoney.com.br\/wp-content\/uploads\/2023\/04\/52621591439_4403bdf32b_c.jpg?fit=300%2C200&amp;quality=70&amp;strip=all\" class=\"attachment-medium size-medium wp-post-image\" alt=\"\" decoding=\"async\" style=\"float:right; margin:0 0 10px 10px;\" srcset=\"https:\/\/www.infomoney.com.br\/wp-content\/uploads\/2023\/04\/52621591439_4403bdf32b_c.jpg?w=799&amp;quality=70&amp;strip=all 799w, https:\/\/www.infomoney.com.br\/wp-content\/uploads\/2023\/04\/52621591439_4403bdf32b_c.jpg?w=300&amp;quality=70&amp;strip=all 300w, https:\/\/www.infomoney.com.br\/wp-content\/uploads\/2023\/04\/52621591439_4403bdf32b_c.jpg?w=768&amp;quality=70&amp;strip=all 768w, https:\/\/www.infomoney.com.br\/wp-content\/uploads\/2023\/04\/52621591439_4403bdf32b_c.jpg?w=150&amp;quality=70&amp;strip=all 150w\" sizes=\"auto, (max-width: 300px) 100vw, 300px\" data-attachment-id=\"2109715\" data-permalink=\"https:\/\/www.infomoney.com.br\/politica\/simone-tebet-projeto-de-lei-diretrizes-orcamentarias-deficit-zero-2024-ao-vivo\/attachment\/52621591439_4403bdf32b_c\/\" data-orig-file=\"https:\/\/www.infomoney.com.br\/wp-content\/uploads\/2023\/04\/52621591439_4403bdf32b_c.jpg?fit=799%2C533&amp;quality=70&amp;strip=all\" data-orig-size=\"799,533\" data-comments-opened=\"0\" data-image-meta=\"{&quot;aperture&quot;:&quot;0&quot;,&quot;credit&quot;:&quot;&quot;,&quot;camera&quot;:&quot;&quot;,&quot;caption&quot;:&quot;&quot;,&quot;created_timestamp&quot;:&quot;0&quot;,&quot;copyright&quot;:&quot;&quot;,&quot;focal_length&quot;:&quot;0&quot;,&quot;iso&quot;:&quot;0&quot;,&quot;shutter_speed&quot;:&quot;0&quot;,&quot;title&quot;:&quot;&quot;,&quot;orientation&quot;:&quot;0&quot;}\" data-image-title=\"Simone Tebet\" data-image-description=\"\" data-image-caption=\"&lt;p&gt;A ministra do Planejamento e Or\u00e7amento, Simone Tebet (MDB), durante entrevista coletiva (FOTO: EDU ANDRADE\/Ascom\/MF)&lt;\/p&gt;\n\" data-medium-file=\"https:\/\/www.infomoney.com.br\/wp-content\/uploads\/2023\/04\/52621591439_4403bdf32b_c.jpg?fit=300%2C200&amp;quality=70&amp;strip=all\" data-large-file=\"https:\/\/www.infomoney.com.br\/wp-content\/uploads\/2023\/04\/52621591439_4403bdf32b_c.jpg?fit=799%2C533&amp;quality=70&amp;strip=all\" title=\"\"><\/p>\n<p>A ministra do Planejamento, Simone Tebet, voltou a diferenciar nesta ter\u00e7a-feira, 27, as mensagens que, em sua avalia\u00e7\u00e3o, o comunicado e a ata do Comit\u00ea de Pol\u00edtica Monet\u00e1ria (Copom) transmitiram ao mercado nos \u00faltimos dias. Para a ministra, a diferen\u00e7a de tom entre os dois documentos provocou um &#8220;ru\u00eddo e um estresse desnecess\u00e1rio&#8221; ao Pa\u00eds. Tebet lembrou novamente que votou pela autonomia do Banco Central e que teria &#8220;liberdade&#8221; de fazer tal avalia\u00e7\u00e3o.<\/p>\n<p>&#8220;Eu lamento o estresse que o Banco Central esteja provocando no Brasil. \u00c9 um \u00f3rg\u00e3o t\u00e9cnico, sou a favor da autonomia, votei pela autonomia, votei no Roberto Campos Neto, presidente do BC, ent\u00e3o tenho liberdade de dizer que est\u00e1 causando ru\u00eddo e estresse desnecess\u00e1rio&#8221;, disse a ministra ao ser questionada pela imprensa durante evento do PPA Participativo em Bras\u00edlia. Tebet afirmou que o comunicado da \u00faltima quarta-feira, 21, foi &#8220;muito duro com o Pa\u00eds&#8221; e mostrou &#8220;miopia&#8221; do BC, enquanto a ata apresenta a &#8220;realidade&#8221; do Brasil e das realiza\u00e7\u00f5es do governo.<\/p>\n<p>Na manh\u00e3 desta ter\u00e7a-feira, o Banco Central divulgou a ata da mais recente reuni\u00e3o de pol\u00edtica monet\u00e1ria. O documento deixou a porta aberta para um corte de juros em agosto, apenas seis dias depois de o comunicado da reuni\u00e3o n\u00e3o ter sinalizado, na vis\u00e3o de analistas, um afrouxamento monet\u00e1rio no curto prazo.<\/p>\n<p>Segundo a ministra, enquanto a ata lhe &#8220;agradou&#8221;, o comunicado divulgado na semana passada a &#8220;assustou&#8221;. Em sua avalia\u00e7\u00e3o, o comunicado deu a entender que o BC s\u00f3 discutiria a possibilidade de queda na taxa de juros a partir do ano que vem, considerando uma hip\u00f3tese de que a infla\u00e7\u00e3o tende a dar &#8220;ligeira acelerada&#8221; no segundo semestre. Para Tebet, n\u00e3o \u00e9 poss\u00edvel comparar a atual realidade brasileira, com juro real que &#8220;passa de 9%&#8221;, com o cen\u00e1rio do ano passado, quando o BC aumentou a Selic a 13,75%.<\/p>\n<p>&#8220;N\u00e3o \u00e9 poss\u00edvel que dentro de realidades t\u00e3o distintas continuar\u00edamos a discutir taxas de juros a partir do ano que vem numa hip\u00f3tese de que infla\u00e7\u00e3o tende a dar uma ligeira acelerada no segundo semestre. A realidade do ano passado \u00e9 diferente porque tamb\u00e9m tinha uma crise institucional&#8221;, afirmou a ministra, para quem n\u00e3o seria poss\u00edvel entender a &#8220;esquizofrenia&#8221; do comunicado.<\/p>\n<p>Ela ainda ressaltou a diverg\u00eancia interna do comit\u00ea revelada pela ata divulgada nesta ter\u00e7a. &#8220;A ata mostrou inclusive que j\u00e1 h\u00e1 diverg\u00eancia interna no Banco Central e no sentido de j\u00e1 ter uma grande parte de diretores entendendo que os juros podem come\u00e7ar a cair no segundo semestre, que \u00e9 o que n\u00f3s realmente acreditamos e esperamos&#8221;, disse.<\/p>\n<p>The post <a rel=\"nofollow noopener\" href=\"https:\/\/www.infomoney.com.br\/politica\/tebet-ata-do-banco-central-me-agradou-enquanto-comunicado-me-assustou\/\" target=\"_blank\">Tebet: Ata do Banco Central me agradou, enquanto comunicado me assustou<\/a> appeared first on <a rel=\"nofollow noopener\" href=\"https:\/\/www.infomoney.com.br\/\" target=\"_blank\">InfoMoney<\/a>.<\/p>\n","protected":false},"excerpt":{"rendered":"<p><img loading=\"lazy\" decoding=\"async\" width=\"300\" height=\"200\" src=\"https:\/\/www.infomoney.com.br\/wp-content\/uploads\/2023\/04\/52621591439_4403bdf32b_c.jpg?fit=300%2C200&amp;quality=70&amp;strip=all\" class=\"attachment-medium size-medium wp-post-image\" alt=\"\" data-attachment-id=\"2109715\" data-permalink=\"https:\/\/www.infomoney.com.br\/politica\/simone-tebet-projeto-de-lei-diretrizes-orcamentarias-deficit-zero-2024-ao-vivo\/attachment\/52621591439_4403bdf32b_c\/\" data-orig-file=\"https:\/\/www.infomoney.com.br\/wp-content\/uploads\/2023\/04\/52621591439_4403bdf32b_c.jpg?fit=799%2C533&amp;quality=70&amp;strip=all\" data-orig-size=\"799,533\" data-comments-opened=\"0\" data-image-meta='{\"aperture\":\"0\",\"credit\":\"\",\"camera\":\"\",\"caption\":\"\",\"created_timestamp\":\"0\",\"copyright\":\"\",\"focal_length\":\"0\",\"iso\":\"0\",\"shutter_speed\":\"0\",\"title\":\"\",\"orientation\":\"0\"}' data-image-title=\"Simone Tebet\" data-image-description=\"\" data-image-caption=\"&lt;p&gt;A ministra do Planejamento e Or\u00e7amento, Simone Tebet (MDB), durante entrevista coletiva (FOTO: EDU ANDRADE\/Ascom\/MF)&lt;\/p&gt;\n\" data-medium-file=\"https:\/\/www.infomoney.com.br\/wp-content\/uploads\/2023\/04\/52621591439_4403bdf32b_c.jpg?fit=300%2C200&amp;quality=70&amp;strip=all\" data-large-file=\"https:\/\/www.infomoney.com.br\/wp-content\/uploads\/2023\/04\/52621591439_4403bdf32b_c.jpg?fit=799%2C533&amp;quality=70&amp;strip=all\">Para ministra, diferen\u00e7a de tom entre os dois documentos provocou um &#8220;ru\u00eddo e um estresse desnecess\u00e1rio&#8221; ao Pa\u00eds<\/p>\n<p>The post <a rel=\"nofollow\" href=\"https:\/\/www.infomoney.com.br\/politica\/tebet-ata-do-banco-central-me-agradou-enquanto-comunicado-me-assustou\/\">Tebet: Ata do Banco Central me agradou, enquanto comunicado me assustou<\/a> appeared first on <a rel=\"nofollow\" href=\"https:\/\/www.infomoney.com.br\/\">InfoMoney<\/a>.<\/p>\n","protected":false},"author":43,"featured_media":0,"comment_status":"closed","ping_status":"closed","sticky":false,"template":"","format":"standard","meta":{"advgb_blocks_editor_width":"","advgb_blocks_columns_visual_guide":"","footnotes":""},"categories":[279,1626,69,34,260,47,1110,360,282],"tags":[35],"class_list":["post-22757","post","type-post","status-publish","format-standard","hentry","category-banco-central","category-copom","category-economia","category-g1","category-governo","category-politica","category-selic","category-simone-tebet","category-taxa-de-juros","tag-g1"],"author_meta":{"display_name":"Estad\u00e3o Conte\u00fado","author_link":"https:\/\/sindaopcpb.org.br\/author\/estadao-conteudo\/"},"featured_img":null,"coauthors":[],"tax_additional":{"categories":{"linked":["<a href=\"https:\/\/sindaopcpb.org.br\/banco-central\/\" class=\"advgb-post-tax-term\">Banco Central<\/a>","<a href=\"https:\/\/sindaopcpb.org.br\/copom\/\" class=\"advgb-post-tax-term\">Copom<\/a>","<a href=\"https:\/\/sindaopcpb.org.br\/economia\/\" class=\"advgb-post-tax-term\">Economia<\/a>","<a href=\"https:\/\/sindaopcpb.org.br\/g1\/\" class=\"advgb-post-tax-term\">G1<\/a>","<a href=\"https:\/\/sindaopcpb.org.br\/governo\/\" class=\"advgb-post-tax-term\">Governo<\/a>","<a href=\"https:\/\/sindaopcpb.org.br\/politica\/\" class=\"advgb-post-tax-term\">POLITICA<\/a>","<a href=\"https:\/\/sindaopcpb.org.br\/selic\/\" class=\"advgb-post-tax-term\">Selic<\/a>","<a href=\"https:\/\/sindaopcpb.org.br\/simone-tebet\/\" class=\"advgb-post-tax-term\">Simone Tebet<\/a>","<a href=\"https:\/\/sindaopcpb.org.br\/taxa-de-juros\/\" class=\"advgb-post-tax-term\">Taxa de Juros<\/a>"],"unlinked":["<span class=\"advgb-post-tax-term\">Banco Central<\/span>","<span class=\"advgb-post-tax-term\">Copom<\/span>","<span class=\"advgb-post-tax-term\">Economia<\/span>","<span class=\"advgb-post-tax-term\">G1<\/span>","<span class=\"advgb-post-tax-term\">Governo<\/span>","<span class=\"advgb-post-tax-term\">POLITICA<\/span>","<span class=\"advgb-post-tax-term\">Selic<\/span>","<span class=\"advgb-post-tax-term\">Simone Tebet<\/span>","<span class=\"advgb-post-tax-term\">Taxa de Juros<\/span>"]},"tags":{"linked":["<a href=\"https:\/\/sindaopcpb.org.br\/taxa-de-juros\/\" class=\"advgb-post-tax-term\">g1<\/a>"],"unlinked":["<span class=\"advgb-post-tax-term\">g1<\/span>"]}},"comment_count":"0","relative_dates":{"created":"Publicado 3 anos atr\u00e1s","modified":"Atualizado 3 anos atr\u00e1s"},"absolute_dates":{"created":"Publicado em 28 de junho de 2023","modified":"Atualizado em 28 de junho de 2023"},"absolute_dates_time":{"created":"Publicado em 28 de junho de 2023 09:53","modified":"Atualizado em 28 de junho de 2023 09:53"},"featured_img_caption":"","series_order":"","_links":{"self":[{"href":"https:\/\/sindaopcpb.org.br\/index.php\/wp-json\/wp\/v2\/posts\/22757","targetHints":{"allow":["GET"]}}],"collection":[{"href":"https:\/\/sindaopcpb.org.br\/index.php\/wp-json\/wp\/v2\/posts"}],"about":[{"href":"https:\/\/sindaopcpb.org.br\/index.php\/wp-json\/wp\/v2\/types\/post"}],"author":[{"embeddable":true,"href":"https:\/\/sindaopcpb.org.br\/index.php\/wp-json\/wp\/v2\/users\/43"}],"replies":[{"embeddable":true,"href":"https:\/\/sindaopcpb.org.br\/index.php\/wp-json\/wp\/v2\/comments?post=22757"}],"version-history":[{"count":1,"href":"https:\/\/sindaopcpb.org.br\/index.php\/wp-json\/wp\/v2\/posts\/22757\/revisions"}],"predecessor-version":[{"id":22758,"href":"https:\/\/sindaopcpb.org.br\/index.php\/wp-json\/wp\/v2\/posts\/22757\/revisions\/22758"}],"wp:attachment":[{"href":"https:\/\/sindaopcpb.org.br\/index.php\/wp-json\/wp\/v2\/media?parent=22757"}],"wp:term":[{"taxonomy":"category","embeddable":true,"href":"https:\/\/sindaopcpb.org.br\/index.php\/wp-json\/wp\/v2\/categories?post=22757"},{"taxonomy":"post_tag","embeddable":true,"href":"https:\/\/sindaopcpb.org.br\/index.php\/wp-json\/wp\/v2\/tags?post=22757"}],"curies":[{"name":"wp","href":"https:\/\/api.w.org\/{rel}","templated":true}]}}