{"id":22751,"date":"2023-06-28T08:37:48","date_gmt":"2023-06-28T11:37:48","guid":{"rendered":"https:\/\/g1.globo.com\/pb\/paraiba\/noticia\/2023\/06\/28\/principio-de-incendio-atinge-enfermaria-do-hospital-regional-de-sousa-na-pb.ghtml"},"modified":"2023-06-28T08:37:48","modified_gmt":"2023-06-28T11:37:48","slug":"principio-de-incendio-atinge-enfermaria-do-hospital-regional-de-sousa-na-pb","status":"publish","type":"post","link":"https:\/\/sindaopcpb.org.br\/index.php\/2023\/06\/28\/principio-de-incendio-atinge-enfermaria-do-hospital-regional-de-sousa-na-pb\/","title":{"rendered":"Princ\u00edpio de inc\u00eandio atinge enfermaria do Hospital Regional de Sousa, na PB"},"content":{"rendered":"   <img src=\"https:\/\/s2.glbimg.com\/jCR6G33zak7Q7RdBxcCHTfnHIxk=\/i.s3.glbimg.com\/v1\/AUTH_59edd422c0c84a879bd37670ae4f538a\/internal_photos\/bs\/2022\/C\/g\/o5smK5QF2VFgUUAk8E5Q\/whatsapp-image-2022-08-21-at-19.30.23.jpeg\" \/><br \/>     Acidente provocado por uma falha no sistema de ar condicionado n\u00e3o deixou feridos. Hospital Regional de Sousa, no Sert\u00e3o da Para\u00edba\nTV Para\u00edba\/Reprodu\u00e7\u00e3o\nUma das enfermarias do Hospital Regional de Sousa foi alvo de um princ\u00edpio de inc\u00eandio, na madrugada desta quarta-feira (28), no Sert\u00e3o paraibano. De acordo com uma nota da pr\u00f3pria unidade de sa\u00fade, o inc\u00eandio aconteceu por uma falha no sistema de ar condicionado. \nAp\u00f3s o Corpo de Bombeiros ser acionado pela equipe assistencial da unidade, o inc\u00eandio foi controlado.\nPor quest\u00f5es de seguran\u00e7a, considerando a presen\u00e7a de fuma\u00e7a no ambiente,  pacientes que se encontravam na ala afetada foram transferidos para outras unidades de Sa\u00fade pr\u00f3ximas (UPA de Sousa, o Hospital Regional de Cajazeiras e o Hospital Regional de Patos). \nN\u00e3o houve feridos. A opera\u00e7\u00e3o de transfer\u00eancia foi r\u00e1pida, contando com o apoio de ambul\u00e2ncias e profissionais de sa\u00fade da Secretaria de Estado da Sa\u00fade. \nO hospital ainda esclareceu que conta com um servi\u00e7o de manuten\u00e7\u00e3o preventiva do sistema de ar condicionado e todos os equipamentos est\u00e3o com a manuten\u00e7\u00e3o em dia. O Corpo de Bombeiros vai investigar o que ocasionou o princ\u00edpio de inc\u00eandio.\nV\u00eddeos mais assistidos da Para\u00edba  ","protected":false},"excerpt":{"rendered":"<p>        Acidente provocado por uma falha no sistema de ar condicionado n\u00e3o deixou feridos. Hospital Regional de Sousa, no Sert\u00e3o da Para\u00edba<br \/>\nTV Para\u00edba\/Reprodu\u00e7\u00e3o<br \/>\nUma das enfermarias do Hospital Regional de Sousa foi alvo de um princ\u00edpio de inc\u00eandio, na&#8230;<\/p>\n","protected":false},"author":2,"featured_media":0,"comment_status":"closed","ping_status":"closed","sticky":false,"template":"","format":"standard","meta":{"advgb_blocks_editor_width":"","advgb_blocks_columns_visual_guide":"","footnotes":""},"categories":[34],"tags":[35],"class_list":["post-22751","post","type-post","status-publish","format-standard","hentry","category-g1","tag-g1"],"author_meta":{"display_name":"g1 &gt; Para\u00edba","author_link":"https:\/\/sindaopcpb.org.br\/author\/g1-paraiba\/"},"featured_img":null,"coauthors":[],"tax_additional":{"categories":{"linked":["<a href=\"https:\/\/sindaopcpb.org.br\/g1\/\" class=\"advgb-post-tax-term\">G1<\/a>"],"unlinked":["<span class=\"advgb-post-tax-term\">G1<\/span>"]},"tags":{"linked":["<a href=\"https:\/\/sindaopcpb.org.br\/g1\/\" class=\"advgb-post-tax-term\">g1<\/a>"],"unlinked":["<span class=\"advgb-post-tax-term\">g1<\/span>"]}},"comment_count":"0","relative_dates":{"created":"Publicado 3 anos atr\u00e1s","modified":"Atualizado 3 anos atr\u00e1s"},"absolute_dates":{"created":"Publicado em 28 de junho de 2023","modified":"Atualizado em 28 de junho de 2023"},"absolute_dates_time":{"created":"Publicado em 28 de junho de 2023 08:37","modified":"Atualizado em 28 de junho de 2023 08:37"},"featured_img_caption":"","series_order":"","_links":{"self":[{"href":"https:\/\/sindaopcpb.org.br\/index.php\/wp-json\/wp\/v2\/posts\/22751","targetHints":{"allow":["GET"]}}],"collection":[{"href":"https:\/\/sindaopcpb.org.br\/index.php\/wp-json\/wp\/v2\/posts"}],"about":[{"href":"https:\/\/sindaopcpb.org.br\/index.php\/wp-json\/wp\/v2\/types\/post"}],"author":[{"embeddable":true,"href":"https:\/\/sindaopcpb.org.br\/index.php\/wp-json\/wp\/v2\/users\/2"}],"replies":[{"embeddable":true,"href":"https:\/\/sindaopcpb.org.br\/index.php\/wp-json\/wp\/v2\/comments?post=22751"}],"version-history":[{"count":1,"href":"https:\/\/sindaopcpb.org.br\/index.php\/wp-json\/wp\/v2\/posts\/22751\/revisions"}],"predecessor-version":[{"id":22752,"href":"https:\/\/sindaopcpb.org.br\/index.php\/wp-json\/wp\/v2\/posts\/22751\/revisions\/22752"}],"wp:attachment":[{"href":"https:\/\/sindaopcpb.org.br\/index.php\/wp-json\/wp\/v2\/media?parent=22751"}],"wp:term":[{"taxonomy":"category","embeddable":true,"href":"https:\/\/sindaopcpb.org.br\/index.php\/wp-json\/wp\/v2\/categories?post=22751"},{"taxonomy":"post_tag","embeddable":true,"href":"https:\/\/sindaopcpb.org.br\/index.php\/wp-json\/wp\/v2\/tags?post=22751"}],"curies":[{"name":"wp","href":"https:\/\/api.w.org\/{rel}","templated":true}]}}