{"id":22749,"date":"2023-06-28T08:45:30","date_gmt":"2023-06-28T11:45:30","guid":{"rendered":"https:\/\/g1.globo.com\/pb\/paraiba\/noticia\/2023\/06\/28\/suspeitos-de-torturarem-e-matarem-irmaos-em-2021-em-cabedelo-sao-presos-em-operacao-policial.ghtml"},"modified":"2023-06-28T08:45:30","modified_gmt":"2023-06-28T11:45:30","slug":"suspeitos-de-torturarem-e-matarem-irmaos-em-2021-em-cabedelo-sao-presos-em-operacao-policial","status":"publish","type":"post","link":"https:\/\/sindaopcpb.org.br\/index.php\/2023\/06\/28\/suspeitos-de-torturarem-e-matarem-irmaos-em-2021-em-cabedelo-sao-presos-em-operacao-policial\/","title":{"rendered":"Suspeitos de torturarem e matarem irm\u00e3os em 2021, em Cabedelo, s\u00e3o presos em opera\u00e7\u00e3o policial"},"content":{"rendered":"   <img src=\"https:\/\/s2.glbimg.com\/d3qFxlQ1CJBz5rapivnAF2ev9WU=\/i.s3.glbimg.com\/v1\/AUTH_59edd422c0c84a879bd37670ae4f538a\/internal_photos\/bs\/2023\/p\/E\/rC5VPoQdKnpAuoOVKpDw\/whatsapp-image-2023-02-08-at-06.58.58.jpeg\" \/><br \/>     Caso aconteceu no inic\u00edo de 2021, quando os jovens passaram o ano novo em Cabedelo, na Para\u00edba. Central de Pol\u00edcia de Jo\u00e3o Pessoa\nDivulga\u00e7\u00e3o\/Assessoria de Comunica\u00e7\u00e3o da Pol\u00edcia Civil da Para\u00edba\nSuspeitos de matarem dois irm\u00e3os no in\u00edcio de 2021, em Cabedelo, na Para\u00edba, foram presos em uma opera\u00e7\u00e3o policial da Pol\u00edcia C\u00edvil e Militar junto com o Corpo de Bombeiros, deflagrada na manh\u00e3 desta quarta-feira (28).\nA chamada Opera\u00e7\u00e3o Prod\u00edtio, termo em latim para traidor, investiga a morte de dois irm\u00e3os que na \u00e9poca eram menores de 16 anos. De acordo com a investiga\u00e7\u00e3o, eles foram sequestrados da casa de uma outra irm\u00e3, torturados e mortos por serem de uma fac\u00e7\u00e3o rival a de onde eles decidiram passar o ano novo.\nSileide Azevedo, superintendente da Pol\u00edcia Civil, relatou que os policiais ainda est\u00e3o cumprindo mais mandados de pris\u00e3o e apreens\u00e3o, mas teve \u00eaxito em prender seis suspeitos maiores de idade, apreens\u00e3o de uma menor, duas armas de fogo, R$ 15 mil em dinheiro e uma pequena quantidade de drogas.\nUm dos suspeitos, tido como um dos mandantes do crime, j\u00e1 est\u00e1 preso e a menor de idade j\u00e1 foi encaminhada para o Centro de Adolescentes. \nV\u00eddeos mais assistidos do g1 Para\u00edba  ","protected":false},"excerpt":{"rendered":"<p>        Caso aconteceu no inic\u00edo de 2021, quando os jovens passaram o ano novo em Cabedelo, na Para\u00edba. Central de Pol\u00edcia de Jo\u00e3o Pessoa<br \/>\nDivulga\u00e7\u00e3o\/Assessoria de Comunica\u00e7\u00e3o da Pol\u00edcia Civil da Para\u00edba<br \/>\nSuspeitos de matarem dois irm\u00e3os no in\u00edcio de 202&#8230;<\/p>\n","protected":false},"author":2,"featured_media":0,"comment_status":"closed","ping_status":"closed","sticky":false,"template":"","format":"standard","meta":{"advgb_blocks_editor_width":"","advgb_blocks_columns_visual_guide":"","footnotes":""},"categories":[34],"tags":[35],"class_list":["post-22749","post","type-post","status-publish","format-standard","hentry","category-g1","tag-g1"],"author_meta":{"display_name":"g1 &gt; Para\u00edba","author_link":"https:\/\/sindaopcpb.org.br\/author\/g1-paraiba\/"},"featured_img":null,"coauthors":[],"tax_additional":{"categories":{"linked":["<a href=\"https:\/\/sindaopcpb.org.br\/g1\/\" class=\"advgb-post-tax-term\">G1<\/a>"],"unlinked":["<span class=\"advgb-post-tax-term\">G1<\/span>"]},"tags":{"linked":["<a href=\"https:\/\/sindaopcpb.org.br\/g1\/\" class=\"advgb-post-tax-term\">g1<\/a>"],"unlinked":["<span class=\"advgb-post-tax-term\">g1<\/span>"]}},"comment_count":"0","relative_dates":{"created":"Publicado 3 anos atr\u00e1s","modified":"Atualizado 3 anos atr\u00e1s"},"absolute_dates":{"created":"Publicado em 28 de junho de 2023","modified":"Atualizado em 28 de junho de 2023"},"absolute_dates_time":{"created":"Publicado em 28 de junho de 2023 08:45","modified":"Atualizado em 28 de junho de 2023 08:45"},"featured_img_caption":"","series_order":"","_links":{"self":[{"href":"https:\/\/sindaopcpb.org.br\/index.php\/wp-json\/wp\/v2\/posts\/22749","targetHints":{"allow":["GET"]}}],"collection":[{"href":"https:\/\/sindaopcpb.org.br\/index.php\/wp-json\/wp\/v2\/posts"}],"about":[{"href":"https:\/\/sindaopcpb.org.br\/index.php\/wp-json\/wp\/v2\/types\/post"}],"author":[{"embeddable":true,"href":"https:\/\/sindaopcpb.org.br\/index.php\/wp-json\/wp\/v2\/users\/2"}],"replies":[{"embeddable":true,"href":"https:\/\/sindaopcpb.org.br\/index.php\/wp-json\/wp\/v2\/comments?post=22749"}],"version-history":[{"count":1,"href":"https:\/\/sindaopcpb.org.br\/index.php\/wp-json\/wp\/v2\/posts\/22749\/revisions"}],"predecessor-version":[{"id":22750,"href":"https:\/\/sindaopcpb.org.br\/index.php\/wp-json\/wp\/v2\/posts\/22749\/revisions\/22750"}],"wp:attachment":[{"href":"https:\/\/sindaopcpb.org.br\/index.php\/wp-json\/wp\/v2\/media?parent=22749"}],"wp:term":[{"taxonomy":"category","embeddable":true,"href":"https:\/\/sindaopcpb.org.br\/index.php\/wp-json\/wp\/v2\/categories?post=22749"},{"taxonomy":"post_tag","embeddable":true,"href":"https:\/\/sindaopcpb.org.br\/index.php\/wp-json\/wp\/v2\/tags?post=22749"}],"curies":[{"name":"wp","href":"https:\/\/api.w.org\/{rel}","templated":true}]}}