{"id":22747,"date":"2023-06-28T09:00:17","date_gmt":"2023-06-28T12:00:17","guid":{"rendered":"https:\/\/g1.globo.com\/pb\/paraiba\/noticia\/2023\/06\/28\/paraiba-decreta-emergencia-em-saude-publica-por-aumento-de-casos-de-sindrome-respiratoria-aguda-grave.ghtml"},"modified":"2023-06-28T09:00:17","modified_gmt":"2023-06-28T12:00:17","slug":"paraiba-decreta-emergencia-em-saude-publica-por-aumento-de-casos-de-sindrome-respiratoria-aguda-grave","status":"publish","type":"post","link":"https:\/\/sindaopcpb.org.br\/index.php\/2023\/06\/28\/paraiba-decreta-emergencia-em-saude-publica-por-aumento-de-casos-de-sindrome-respiratoria-aguda-grave\/","title":{"rendered":"Para\u00edba decreta emerg\u00eancia em sa\u00fade p\u00fablica por aumento de casos de s\u00edndrome respirat\u00f3ria aguda grave"},"content":{"rendered":"   <img src=\"https:\/\/s2.glbimg.com\/Rrx1qeo-P-IOggpYWfAMDMt0P6c=\/i.s3.glbimg.com\/v1\/AUTH_59edd422c0c84a879bd37670ae4f538a\/internal_photos\/bs\/2022\/p\/h\/4n0ZhxTNmI7wE9WBog1w\/frame-00-02-37.210.jpg\" \/><br \/>     S\u00edndrome de origem viral tem avan\u00e7ado sobretudo no p\u00fablico infantil, superlotando emerg\u00eancias dos hospitais. Aumento de casos de s\u00edndrome respirat\u00f3ria aguda grave no p\u00fablico infantil motivou decreto de situa\u00e7\u00e3o de emerg\u00eancia\nReprodu\u00e7\u00e3o\/TV Globo\nO governo da Para\u00edba decretou situa\u00e7\u00e3o de emerg\u00eancia em sa\u00fade p\u00fablica por causa do aumento no n\u00famero de casos de S\u00edndrome Respirat\u00f3ria Aguda Grave (SRAG), de origem viral. O decreto foi publicado no Di\u00e1rio Oficial do Estado (DOE-PB) desta quarta-feira (28) e leva em considera\u00e7\u00e3o uma portaria da Secretaria de Estado da Sa\u00fade acerca do avan\u00e7o da SRAG sobretudo no p\u00fablico infantil, superlotando as emerg\u00eancias dos hospitais.\nEntenda o que \u00e9 a s\u00edndrome respirat\u00f3ria aguda grave\nA situa\u00e7\u00e3o de emerg\u00eancia em sa\u00fade p\u00fablica no \u00e2mbito do Estado da Para\u00edba \u00e9 v\u00e1lida por um per\u00edodo de 90 dias, prorrog\u00e1veis, em raz\u00e3o do aumento de casos de SRAG. Com isso, est\u00e1 autorizada a ado\u00e7\u00e3o de todas as medidas administrativas necess\u00e1rias ao atendimento da situa\u00e7\u00e3o emergencial.\nAs a\u00e7\u00f5es e servi\u00e7os p\u00fablicos de sa\u00fade voltados \u00e0 conten\u00e7\u00e3o da emerg\u00eancia devem ser articulados pela Secretaria de Estado da Sa\u00fade, a qual cabe instituir diretrizes gerais para a execu\u00e7\u00e3o das medidas necess\u00e1rias, podendo, para tanto, expedir normas complementares. \nPara atender ao p\u00fablico infantil, a Para\u00edba tem 270 leitos de enfermaria e 51 de UTI distribu\u00eddos em todo estado. De acordo com o complexo estadual de regula\u00e7\u00e3o, a ocupa\u00e7\u00e3o \u00e9 de 63% nas UTIs pedi\u00e1tricas e 59% nas enfermarias. Dados do Centro de Opera\u00e7\u00f5es em Emerg\u00eancia de Sa\u00fade P\u00fablica \u2014 Doen\u00e7as Respirat\u00f3rias na \u00e1rea de Pediatria (COE-Pediatria) confirmam que 12 crian\u00e7as foram internadas com sintomas respirat\u00f3rios nos leitos de refer\u00eancia nas \u00faltimas 24h, na Para\u00edba.\nV\u00eddeos mais assistidos da Para\u00edba  ","protected":false},"excerpt":{"rendered":"<p>        S\u00edndrome de origem viral tem avan\u00e7ado sobretudo no p\u00fablico infantil, superlotando emerg\u00eancias dos hospitais. Aumento de casos de s\u00edndrome respirat\u00f3ria aguda grave no p\u00fablico infantil motivou decreto de situa\u00e7\u00e3o de emerg\u00eancia<br \/>\nReprodu\u00e7\u00e3o\/TV Globo&#8230;<\/p>\n","protected":false},"author":2,"featured_media":0,"comment_status":"closed","ping_status":"closed","sticky":false,"template":"","format":"standard","meta":{"advgb_blocks_editor_width":"","advgb_blocks_columns_visual_guide":"","footnotes":""},"categories":[34],"tags":[35],"class_list":["post-22747","post","type-post","status-publish","format-standard","hentry","category-g1","tag-g1"],"author_meta":{"display_name":"g1 &gt; Para\u00edba","author_link":"https:\/\/sindaopcpb.org.br\/author\/g1-paraiba\/"},"featured_img":null,"coauthors":[],"tax_additional":{"categories":{"linked":["<a href=\"https:\/\/sindaopcpb.org.br\/g1\/\" class=\"advgb-post-tax-term\">G1<\/a>"],"unlinked":["<span class=\"advgb-post-tax-term\">G1<\/span>"]},"tags":{"linked":["<a href=\"https:\/\/sindaopcpb.org.br\/g1\/\" class=\"advgb-post-tax-term\">g1<\/a>"],"unlinked":["<span class=\"advgb-post-tax-term\">g1<\/span>"]}},"comment_count":"0","relative_dates":{"created":"Publicado 3 anos atr\u00e1s","modified":"Atualizado 3 anos atr\u00e1s"},"absolute_dates":{"created":"Publicado em 28 de junho de 2023","modified":"Atualizado em 28 de junho de 2023"},"absolute_dates_time":{"created":"Publicado em 28 de junho de 2023 09:00","modified":"Atualizado em 28 de junho de 2023 09:00"},"featured_img_caption":"","series_order":"","_links":{"self":[{"href":"https:\/\/sindaopcpb.org.br\/index.php\/wp-json\/wp\/v2\/posts\/22747","targetHints":{"allow":["GET"]}}],"collection":[{"href":"https:\/\/sindaopcpb.org.br\/index.php\/wp-json\/wp\/v2\/posts"}],"about":[{"href":"https:\/\/sindaopcpb.org.br\/index.php\/wp-json\/wp\/v2\/types\/post"}],"author":[{"embeddable":true,"href":"https:\/\/sindaopcpb.org.br\/index.php\/wp-json\/wp\/v2\/users\/2"}],"replies":[{"embeddable":true,"href":"https:\/\/sindaopcpb.org.br\/index.php\/wp-json\/wp\/v2\/comments?post=22747"}],"version-history":[{"count":1,"href":"https:\/\/sindaopcpb.org.br\/index.php\/wp-json\/wp\/v2\/posts\/22747\/revisions"}],"predecessor-version":[{"id":22748,"href":"https:\/\/sindaopcpb.org.br\/index.php\/wp-json\/wp\/v2\/posts\/22747\/revisions\/22748"}],"wp:attachment":[{"href":"https:\/\/sindaopcpb.org.br\/index.php\/wp-json\/wp\/v2\/media?parent=22747"}],"wp:term":[{"taxonomy":"category","embeddable":true,"href":"https:\/\/sindaopcpb.org.br\/index.php\/wp-json\/wp\/v2\/categories?post=22747"},{"taxonomy":"post_tag","embeddable":true,"href":"https:\/\/sindaopcpb.org.br\/index.php\/wp-json\/wp\/v2\/tags?post=22747"}],"curies":[{"name":"wp","href":"https:\/\/api.w.org\/{rel}","templated":true}]}}