{"id":22744,"date":"2023-06-28T08:50:46","date_gmt":"2023-06-28T11:50:46","guid":{"rendered":"https:\/\/wpa.wscom.com.br\/?p=908766"},"modified":"2023-06-28T08:50:46","modified_gmt":"2023-06-28T11:50:46","slug":"paraiba-declara-situacao-de-emergencia-devido-ao-aumento-de-casos-de-sindrome-respiratoria-aguda-grave","status":"publish","type":"post","link":"https:\/\/sindaopcpb.org.br\/index.php\/2023\/06\/28\/paraiba-declara-situacao-de-emergencia-devido-ao-aumento-de-casos-de-sindrome-respiratoria-aguda-grave\/","title":{"rendered":"Para\u00edba declara situa\u00e7\u00e3o de emerg\u00eancia devido ao aumento de casos de S\u00edndrome Respirat\u00f3ria Aguda Grave"},"content":{"rendered":"<p>O Governo da Para\u00edba decretou situa\u00e7\u00e3o de emerg\u00eancia em sa\u00fade p\u00fablica em resposta ao crescente n\u00famero de casos de S\u00edndrome Respirat\u00f3ria Aguda Grave (SRAG). A medida ter\u00e1 uma dura\u00e7\u00e3o inicial de 90 dias, podendo ser prorrogada, e visa combater o avan\u00e7o da doen\u00e7a no estado.<\/p>\n<p>A decis\u00e3o do governo se baseia em uma portaria emitida pela Secretaria de Estado da Sa\u00fade (SES) em 18 de maio de 2023. Essa portaria estabeleceu o Centro de Opera\u00e7\u00f5es em Emerg\u00eancia de Sa\u00fade P\u00fablica &#8211; Doen\u00e7as Respirat\u00f3rias na \u00e1rea de Pediatria (COE-Pediatria) e evidenciou o aumento significativo de casos de SRAG em crian\u00e7as, o que tem causado superlota\u00e7\u00e3o nas emerg\u00eancias hospitalares.<\/p>\n<p>Com a declara\u00e7\u00e3o de situa\u00e7\u00e3o de emerg\u00eancia, o governo fica autorizado a adotar todas as medidas administrativas necess\u00e1rias para lidar com a situa\u00e7\u00e3o emergencial, respeitando a legisla\u00e7\u00e3o vigente. As a\u00e7\u00f5es e servi\u00e7os de sa\u00fade destinados a conter a emerg\u00eancia ser\u00e3o coordenados pela Secretaria de Estado da Sa\u00fade, que estabelecer\u00e1 diretrizes gerais para a implementa\u00e7\u00e3o das medidas necess\u00e1rias. O COE-Pediatria tamb\u00e9m poder\u00e1 emitir normas complementares para orientar as a\u00e7\u00f5es.<\/p>\n<p>No que se refere ao atendimento \u00e0 popula\u00e7\u00e3o infantil, a Para\u00edba disp\u00f5e de 270 leitos de enfermaria e 51 leitos de UTI pedi\u00e1trica em todo o estado. De acordo com o complexo estadual de regula\u00e7\u00e3o, a taxa de ocupa\u00e7\u00e3o atual \u00e9 de 63% nas UTIs pedi\u00e1tricas e 59% nas enfermarias. O Centro de Opera\u00e7\u00f5es em Emerg\u00eancia de Sa\u00fade P\u00fablica &#8211; Doen\u00e7as Respirat\u00f3rias na \u00e1rea de Pediatria (COE-Pediatria) registrou a interna\u00e7\u00e3o de 12 crian\u00e7as com sintomas respirat\u00f3rios nos leitos de refer\u00eancia nas \u00faltimas 24 horas.<\/p>\n<p>O post <a rel=\"nofollow noopener\" href=\"https:\/\/wscom.com.br\/paraiba-declara-situacao-de-emergencia-devido-ao\/\" target=\"_blank\">Para\u00edba declara situa\u00e7\u00e3o de emerg\u00eancia devido ao aumento de casos de S\u00edndrome Respirat\u00f3ria Aguda Grave<\/a> apareceu primeiro em <a rel=\"nofollow noopener\" href=\"https:\/\/wscom.com.br\/\" target=\"_blank\">WSCOM<\/a>.<\/p>\n","protected":false},"excerpt":{"rendered":"<p>O Governo da Para\u00edba decretou situa\u00e7\u00e3o de emerg\u00eancia em sa\u00fade p\u00fablica em resposta ao crescente n\u00famero de casos de S\u00edndrome Respirat\u00f3ria Aguda Grave (SRAG). A medida ter\u00e1 uma dura\u00e7\u00e3o inicial de 90 dias, podendo ser prorrogada, e visa combater o avan\u00e7o da doen\u00e7a no estado. A decis\u00e3o do governo se baseia em uma portaria emitida [\u2026]<\/p>\n<p>O post <a rel=\"nofollow\" href=\"https:\/\/wscom.com.br\/paraiba-declara-situacao-de-emergencia-devido-ao\/\">Para\u00edba declara situa\u00e7\u00e3o de emerg\u00eancia devido ao aumento de casos de S\u00edndrome Respirat\u00f3ria Aguda Grave<\/a> apareceu primeiro em <a rel=\"nofollow\" href=\"https:\/\/wscom.com.br\/\">WSCOM<\/a>.<\/p>\n","protected":false},"author":50,"featured_media":0,"comment_status":"closed","ping_status":"closed","sticky":false,"template":"","format":"standard","meta":{"advgb_blocks_editor_width":"","advgb_blocks_columns_visual_guide":"","footnotes":""},"categories":[34,54,5462,2453],"tags":[35],"class_list":["post-22744","post","type-post","status-publish","format-standard","hentry","category-g1","category-paraiba","category-respeiratoria","category-sindrome","tag-g1"],"author_meta":{"display_name":"Wallyson","author_link":"https:\/\/sindaopcpb.org.br\/author\/wallyson\/"},"featured_img":null,"coauthors":[],"tax_additional":{"categories":{"linked":["<a href=\"https:\/\/sindaopcpb.org.br\/g1\/\" class=\"advgb-post-tax-term\">G1<\/a>","<a href=\"https:\/\/sindaopcpb.org.br\/paraiba\/\" class=\"advgb-post-tax-term\">Para\u00edba<\/a>","<a href=\"https:\/\/sindaopcpb.org.br\/respeiratoria\/\" class=\"advgb-post-tax-term\">respeiratoria<\/a>","<a href=\"https:\/\/sindaopcpb.org.br\/sindrome\/\" class=\"advgb-post-tax-term\">s\u00edndrome<\/a>"],"unlinked":["<span class=\"advgb-post-tax-term\">G1<\/span>","<span class=\"advgb-post-tax-term\">Para\u00edba<\/span>","<span class=\"advgb-post-tax-term\">respeiratoria<\/span>","<span class=\"advgb-post-tax-term\">s\u00edndrome<\/span>"]},"tags":{"linked":["<a href=\"https:\/\/sindaopcpb.org.br\/sindrome\/\" class=\"advgb-post-tax-term\">g1<\/a>"],"unlinked":["<span class=\"advgb-post-tax-term\">g1<\/span>"]}},"comment_count":"0","relative_dates":{"created":"Publicado 3 anos atr\u00e1s","modified":"Atualizado 3 anos atr\u00e1s"},"absolute_dates":{"created":"Publicado em 28 de junho de 2023","modified":"Atualizado em 28 de junho de 2023"},"absolute_dates_time":{"created":"Publicado em 28 de junho de 2023 08:50","modified":"Atualizado em 28 de junho de 2023 08:50"},"featured_img_caption":"","series_order":"","_links":{"self":[{"href":"https:\/\/sindaopcpb.org.br\/index.php\/wp-json\/wp\/v2\/posts\/22744","targetHints":{"allow":["GET"]}}],"collection":[{"href":"https:\/\/sindaopcpb.org.br\/index.php\/wp-json\/wp\/v2\/posts"}],"about":[{"href":"https:\/\/sindaopcpb.org.br\/index.php\/wp-json\/wp\/v2\/types\/post"}],"author":[{"embeddable":true,"href":"https:\/\/sindaopcpb.org.br\/index.php\/wp-json\/wp\/v2\/users\/50"}],"replies":[{"embeddable":true,"href":"https:\/\/sindaopcpb.org.br\/index.php\/wp-json\/wp\/v2\/comments?post=22744"}],"version-history":[{"count":1,"href":"https:\/\/sindaopcpb.org.br\/index.php\/wp-json\/wp\/v2\/posts\/22744\/revisions"}],"predecessor-version":[{"id":22745,"href":"https:\/\/sindaopcpb.org.br\/index.php\/wp-json\/wp\/v2\/posts\/22744\/revisions\/22745"}],"wp:attachment":[{"href":"https:\/\/sindaopcpb.org.br\/index.php\/wp-json\/wp\/v2\/media?parent=22744"}],"wp:term":[{"taxonomy":"category","embeddable":true,"href":"https:\/\/sindaopcpb.org.br\/index.php\/wp-json\/wp\/v2\/categories?post=22744"},{"taxonomy":"post_tag","embeddable":true,"href":"https:\/\/sindaopcpb.org.br\/index.php\/wp-json\/wp\/v2\/tags?post=22744"}],"curies":[{"name":"wp","href":"https:\/\/api.w.org\/{rel}","templated":true}]}}