{"id":22721,"date":"2023-06-27T22:35:16","date_gmt":"2023-06-28T01:35:16","guid":{"rendered":"https:\/\/wpa.wscom.com.br\/?p=908695"},"modified":"2023-06-27T22:35:16","modified_gmt":"2023-06-28T01:35:16","slug":"relator-no-tse-benedito-goncalves-vota-para-tornar-bolsonaro-inelegivel","status":"publish","type":"post","link":"https:\/\/sindaopcpb.org.br\/index.php\/2023\/06\/27\/relator-no-tse-benedito-goncalves-vota-para-tornar-bolsonaro-inelegivel\/","title":{"rendered":"Relator no TSE, Benedito Gon\u00e7alves vota para tornar Bolsonaro ineleg\u00edvel"},"content":{"rendered":"<p>O Tribunal Superior Eleitoral (TSE) votou nesta ter\u00e7a-feira (27) para tornar ineleg\u00edvel Jair Bolsonaro e votou para absolver o candidato a vice-presidente na chapa, Walter Braga Netto. O julgamento ser\u00e1 retomado na quinta-feira (29). O ex-ocupante do Planalto foi acusado de fake news sobre o sistema eleitoral brasileiro no ano passado, quando ele teve uma reuni\u00e3o com embaixadores em Bras\u00edlia (DF) no Pal\u00e1cio do Alvorada, casa oficial do presidente da Rep\u00fablica. O ex-ocupante do Planalto ficou ineleg\u00edvel por oito anos.<\/p>\n<p>O ministro do TSE Benedito Gon\u00e7alves,\u00a0relator\u00a0da a\u00e7\u00e3o, rejeitou o pedido feito pela defesa de Bolsonaro para excluir do processo a minuta do golpe, em que aliados do ex-ocupante do Planalto fizeram uma esp\u00e9cie de planejamento para n\u00e3o deixar outra candidatura presidencial assumir o governo depois da elei\u00e7\u00e3o do ano passado.<\/p>\n<p>O juiz do Tribunal tamb\u00e9m apontou\u00a0&#8220;falsa assimetria&#8221;\u00a0feita pelos advogados de Bolsonaro ao fazer compara\u00e7\u00e3o entre a reuni\u00e3o do ex-chefe do Executivo federal com embaixadores e um encontro do ex-presidente do TSE Edson Fachin com representantes diplom\u00e1ticos.<\/p>\n<p>O post <a rel=\"nofollow noopener\" href=\"https:\/\/wscom.com.br\/relator-no-tse-benedito-goncalves-vota-para-tornar-bolsonaro-inelegivel\/\" target=\"_blank\">Relator no TSE, Benedito Gon\u00e7alves vota para tornar Bolsonaro ineleg\u00edvel<\/a> apareceu primeiro em <a rel=\"nofollow noopener\" href=\"https:\/\/wscom.com.br\/\" target=\"_blank\">WSCOM<\/a>.<\/p>\n","protected":false},"excerpt":{"rendered":"<p>O Tribunal Superior Eleitoral (TSE) votou nesta ter\u00e7a-feira (27) para tornar ineleg\u00edvel Jair Bolsonaro e votou para absolver o candidato a vice-presidente na chapa, Walter Braga Netto. O julgamento ser\u00e1 retomado na quinta-feira (29). O ex-ocupante do Planalto foi acusado de fake news sobre o sistema eleitoral brasileiro no ano passado, quando ele teve uma [\u2026]<\/p>\n<p>O post <a rel=\"nofollow\" href=\"https:\/\/wscom.com.br\/relator-no-tse-benedito-goncalves-vota-para-tornar-bolsonaro-inelegivel\/\">Relator no TSE, Benedito Gon\u00e7alves vota para tornar Bolsonaro ineleg\u00edvel<\/a> apareceu primeiro em <a rel=\"nofollow\" href=\"https:\/\/wscom.com.br\/\">WSCOM<\/a>.<\/p>\n","protected":false},"author":48,"featured_media":0,"comment_status":"closed","ping_status":"closed","sticky":false,"template":"","format":"standard","meta":{"advgb_blocks_editor_width":"","advgb_blocks_columns_visual_guide":"","footnotes":""},"categories":[115,34],"tags":[35],"class_list":["post-22721","post","type-post","status-publish","format-standard","hentry","category-brasil","category-g1","tag-g1"],"author_meta":{"display_name":"Walter Santos","author_link":"https:\/\/sindaopcpb.org.br\/author\/walter-santos\/"},"featured_img":null,"coauthors":[],"tax_additional":{"categories":{"linked":["<a href=\"https:\/\/sindaopcpb.org.br\/brasil\/\" class=\"advgb-post-tax-term\">Brasil<\/a>","<a href=\"https:\/\/sindaopcpb.org.br\/g1\/\" class=\"advgb-post-tax-term\">G1<\/a>"],"unlinked":["<span class=\"advgb-post-tax-term\">Brasil<\/span>","<span class=\"advgb-post-tax-term\">G1<\/span>"]},"tags":{"linked":["<a href=\"https:\/\/sindaopcpb.org.br\/g1\/\" class=\"advgb-post-tax-term\">g1<\/a>"],"unlinked":["<span class=\"advgb-post-tax-term\">g1<\/span>"]}},"comment_count":"0","relative_dates":{"created":"Publicado 3 anos atr\u00e1s","modified":"Atualizado 3 anos atr\u00e1s"},"absolute_dates":{"created":"Publicado em 27 de junho de 2023","modified":"Atualizado em 27 de junho de 2023"},"absolute_dates_time":{"created":"Publicado em 27 de junho de 2023 22:35","modified":"Atualizado em 27 de junho de 2023 22:35"},"featured_img_caption":"","series_order":"","_links":{"self":[{"href":"https:\/\/sindaopcpb.org.br\/index.php\/wp-json\/wp\/v2\/posts\/22721","targetHints":{"allow":["GET"]}}],"collection":[{"href":"https:\/\/sindaopcpb.org.br\/index.php\/wp-json\/wp\/v2\/posts"}],"about":[{"href":"https:\/\/sindaopcpb.org.br\/index.php\/wp-json\/wp\/v2\/types\/post"}],"author":[{"embeddable":true,"href":"https:\/\/sindaopcpb.org.br\/index.php\/wp-json\/wp\/v2\/users\/48"}],"replies":[{"embeddable":true,"href":"https:\/\/sindaopcpb.org.br\/index.php\/wp-json\/wp\/v2\/comments?post=22721"}],"version-history":[{"count":1,"href":"https:\/\/sindaopcpb.org.br\/index.php\/wp-json\/wp\/v2\/posts\/22721\/revisions"}],"predecessor-version":[{"id":22722,"href":"https:\/\/sindaopcpb.org.br\/index.php\/wp-json\/wp\/v2\/posts\/22721\/revisions\/22722"}],"wp:attachment":[{"href":"https:\/\/sindaopcpb.org.br\/index.php\/wp-json\/wp\/v2\/media?parent=22721"}],"wp:term":[{"taxonomy":"category","embeddable":true,"href":"https:\/\/sindaopcpb.org.br\/index.php\/wp-json\/wp\/v2\/categories?post=22721"},{"taxonomy":"post_tag","embeddable":true,"href":"https:\/\/sindaopcpb.org.br\/index.php\/wp-json\/wp\/v2\/tags?post=22721"}],"curies":[{"name":"wp","href":"https:\/\/api.w.org\/{rel}","templated":true}]}}