{"id":22715,"date":"2023-06-27T21:13:42","date_gmt":"2023-06-28T00:13:42","guid":{"rendered":"https:\/\/g1.globo.com\/pb\/paraiba\/noticia\/2023\/06\/27\/suspeito-de-matar-ex-vereador-de-cubati-durante-assalto-e-preso-em-joao-pessoa.ghtml"},"modified":"2023-06-27T21:13:42","modified_gmt":"2023-06-28T00:13:42","slug":"suspeito-de-matar-ex-vereador-de-cubati-durante-assalto-e-preso-em-joao-pessoa","status":"publish","type":"post","link":"https:\/\/sindaopcpb.org.br\/index.php\/2023\/06\/27\/suspeito-de-matar-ex-vereador-de-cubati-durante-assalto-e-preso-em-joao-pessoa\/","title":{"rendered":"Suspeito de matar ex-vereador de Cubati durante assalto \u00e9 preso, em Jo\u00e3o Pessoa"},"content":{"rendered":"   <img src=\"https:\/\/s2.glbimg.com\/h4HzIpBvgjOKnhYyXxnsY2GItpU=\/i.s3.glbimg.com\/v1\/AUTH_59edd422c0c84a879bd37670ae4f538a\/internal_photos\/bs\/2023\/B\/h\/xQOuLpRM2TnYWFNptAKA\/img-20230524-172209-1-.jpg\" \/><br \/>     Caso aconteceu em dezembro de 2022. Lu\u00eds Florentino foi abordado quando estava saindo do pr\u00e9dio onde morava, no bairro do Altiplano, na capital.  Central de Pol\u00edcia de Jo\u00e3o Pessoa\nPl\u00ednio Almeida \/ TV Cabo Branco\nFoi preso na tarde desta ter\u00e7a-feira (27), em Jo\u00e3o Pessoa, um  suspeito da morte do ex-vereador de Cubati, Lu\u00eds Florentino. De acordo com a Pol\u00edcia Civil, a v\u00edtima, que tinha 66 anos, foi assassinada durante um assalto, no bairro do Altiplano, na capital, no dia 2 de dezembro de 2022. \nO suspeito foi encontrado no bairro de Paratibe, em uma a\u00e7\u00e3o da Delegacia de Repress\u00e3o a Entorpecentes (DRE) e Delegacia de Crimes Contra o Patrim\u00f4nio (DCCPAT). As investiga\u00e7\u00f5es apontam que ele foi o autor do disparo que matou o idoso e, ap\u00f3s o crime, teria fugido para Pernambuco e retornado para Jo\u00e3o Pessoa recentemente.  \nAinda conforme informa\u00e7\u00f5es da Pol\u00edcia Civil, o homem \u00e9 suspeito de envolvimento em crimes patrimoniais, bem como de tr\u00e1fico de armas e de drogas.  \nRelembre o caso \nLu\u00eds Florentino foi morto no dia 2 de dezembro de 2022 quando estava saindo de carro do pr\u00e9dio onde morava, no bairro do Altiplano, em Jo\u00e3o Pessoa. Segundo a Pol\u00edcia Civil, tr\u00eas pessoas adultas e uma crian\u00e7a estavam no ve\u00edculo com o idoso. Eles estavam indo para Cabedelo quando o empres\u00e1rio, ap\u00f3s sair do pr\u00e9dio com o carro, desceu do ve\u00edculo para verificar algo dentro do porta-malas.\nFoi quando outro carro, de cor vermelha, chegou no local e dois homens anunciaram o assalto. Depois disso, um dos suspeitos atirou contra o idoso, atingindo a regi\u00e3o do peito. Lu\u00eds foi morto com apenas um disparo. Logo ap\u00f3s, o grupo fugiu com o carro da v\u00edtima para um destino desconhecido.\nV\u00eddeos mais assistidos do g1 Para\u00edba  ","protected":false},"excerpt":{"rendered":"<p>        Caso aconteceu em dezembro de 2022. Lu\u00eds Florentino foi abordado quando estava saindo do pr\u00e9dio onde morava, no bairro do Altiplano, na capital.  Central de Pol\u00edcia de Jo\u00e3o Pessoa<br \/>\nPl\u00ednio Almeida \/ TV Cabo Branco<br \/>\nFoi preso na tarde desta ter\u00e7a-f&#8230;<\/p>\n","protected":false},"author":2,"featured_media":0,"comment_status":"closed","ping_status":"closed","sticky":false,"template":"","format":"standard","meta":{"advgb_blocks_editor_width":"","advgb_blocks_columns_visual_guide":"","footnotes":""},"categories":[34],"tags":[35],"class_list":["post-22715","post","type-post","status-publish","format-standard","hentry","category-g1","tag-g1"],"author_meta":{"display_name":"g1 &gt; Para\u00edba","author_link":"https:\/\/sindaopcpb.org.br\/author\/g1-paraiba\/"},"featured_img":null,"coauthors":[],"tax_additional":{"categories":{"linked":["<a href=\"https:\/\/sindaopcpb.org.br\/g1\/\" class=\"advgb-post-tax-term\">G1<\/a>"],"unlinked":["<span class=\"advgb-post-tax-term\">G1<\/span>"]},"tags":{"linked":["<a href=\"https:\/\/sindaopcpb.org.br\/g1\/\" class=\"advgb-post-tax-term\">g1<\/a>"],"unlinked":["<span class=\"advgb-post-tax-term\">g1<\/span>"]}},"comment_count":"0","relative_dates":{"created":"Publicado 3 anos atr\u00e1s","modified":"Atualizado 3 anos atr\u00e1s"},"absolute_dates":{"created":"Publicado em 27 de junho de 2023","modified":"Atualizado em 27 de junho de 2023"},"absolute_dates_time":{"created":"Publicado em 27 de junho de 2023 21:13","modified":"Atualizado em 27 de junho de 2023 21:13"},"featured_img_caption":"","series_order":"","_links":{"self":[{"href":"https:\/\/sindaopcpb.org.br\/index.php\/wp-json\/wp\/v2\/posts\/22715","targetHints":{"allow":["GET"]}}],"collection":[{"href":"https:\/\/sindaopcpb.org.br\/index.php\/wp-json\/wp\/v2\/posts"}],"about":[{"href":"https:\/\/sindaopcpb.org.br\/index.php\/wp-json\/wp\/v2\/types\/post"}],"author":[{"embeddable":true,"href":"https:\/\/sindaopcpb.org.br\/index.php\/wp-json\/wp\/v2\/users\/2"}],"replies":[{"embeddable":true,"href":"https:\/\/sindaopcpb.org.br\/index.php\/wp-json\/wp\/v2\/comments?post=22715"}],"version-history":[{"count":1,"href":"https:\/\/sindaopcpb.org.br\/index.php\/wp-json\/wp\/v2\/posts\/22715\/revisions"}],"predecessor-version":[{"id":22716,"href":"https:\/\/sindaopcpb.org.br\/index.php\/wp-json\/wp\/v2\/posts\/22715\/revisions\/22716"}],"wp:attachment":[{"href":"https:\/\/sindaopcpb.org.br\/index.php\/wp-json\/wp\/v2\/media?parent=22715"}],"wp:term":[{"taxonomy":"category","embeddable":true,"href":"https:\/\/sindaopcpb.org.br\/index.php\/wp-json\/wp\/v2\/categories?post=22715"},{"taxonomy":"post_tag","embeddable":true,"href":"https:\/\/sindaopcpb.org.br\/index.php\/wp-json\/wp\/v2\/tags?post=22715"}],"curies":[{"name":"wp","href":"https:\/\/api.w.org\/{rel}","templated":true}]}}