{"id":22708,"date":"2023-06-27T19:09:58","date_gmt":"2023-06-27T22:09:58","guid":{"rendered":"https:\/\/wpa.wscom.com.br\/?p=908676"},"modified":"2023-06-27T19:09:58","modified_gmt":"2023-06-27T22:09:58","slug":"governador-joao-azevedo-se-reune-com-o-novo-superintendente-da-sudene-nesta-quarta-feira-em-joao-pessoa","status":"publish","type":"post","link":"https:\/\/sindaopcpb.org.br\/index.php\/2023\/06\/27\/governador-joao-azevedo-se-reune-com-o-novo-superintendente-da-sudene-nesta-quarta-feira-em-joao-pessoa\/","title":{"rendered":"Governador Jo\u00e3o Azev\u00eado se re\u00fane com o novo superintendente da Sudene nesta quarta-feira, em Jo\u00e3o Pessoa"},"content":{"rendered":"<p>O governador da Para\u00edba e presidente do Cons\u00f3rcio Nordeste, Jo\u00e3o Azev\u00eado, se re\u00fane nesta quarta-feira (28), ao meio-dia, com o novo superintendente da Sudene, Danilo Cabral, na sede da Companhia de Desenvolvimento da Para\u00edba (Cinep), em Jo\u00e3o Pessoa.<\/p>\n<p>O encontro tem como objetivo estreitar a atua\u00e7\u00e3o das institui\u00e7\u00f5es pelo desenvolvimento sustent\u00e1vel do Nordeste, bem como discutir oportunidades para a atra\u00e7\u00e3o de investimentos para a regi\u00e3o.<\/p>\n<p>Na ocasi\u00e3o, o superintendente Danilo Cabral abordar\u00e1 a consulta p\u00fablica do Plano Regional de Desenvolvimento de Nordeste (PRDNE), principal instrumento de planejamento das pol\u00edticas p\u00fablicas da regi\u00e3o.<\/p>\n<p>O post <a rel=\"nofollow noopener\" href=\"https:\/\/wscom.com.br\/governador-joao-azevedo-se-reune-com-o-novo-superintendente-da-sudene-nesta-quarta-feira-em-joao-pessoa\/\" target=\"_blank\">Governador Jo\u00e3o Azev\u00eado se re\u00fane com o novo superintendente da Sudene nesta quarta-feira, em Jo\u00e3o Pessoa<\/a> apareceu primeiro em <a rel=\"nofollow noopener\" href=\"https:\/\/wscom.com.br\/\" target=\"_blank\">WSCOM<\/a>.<\/p>\n","protected":false},"excerpt":{"rendered":"<p>O governador da Para\u00edba e presidente do Cons\u00f3rcio Nordeste, Jo\u00e3o Azev\u00eado, se re\u00fane nesta quarta-feira (28), ao meio-dia, com o novo superintendente da Sudene, Danilo Cabral, na sede da Companhia de Desenvolvimento da Para\u00edba (Cinep), em Jo\u00e3o Pessoa. O encontro tem como objetivo estreitar a atua\u00e7\u00e3o das institui\u00e7\u00f5es pelo desenvolvimento sustent\u00e1vel do Nordeste, bem como [\u2026]<\/p>\n<p>O post <a rel=\"nofollow\" href=\"https:\/\/wscom.com.br\/governador-joao-azevedo-se-reune-com-o-novo-superintendente-da-sudene-nesta-quarta-feira-em-joao-pessoa\/\">Governador Jo\u00e3o Azev\u00eado se re\u00fane com o novo superintendente da Sudene nesta quarta-feira, em Jo\u00e3o Pessoa<\/a> apareceu primeiro em <a rel=\"nofollow\" href=\"https:\/\/wscom.com.br\/\">WSCOM<\/a>.<\/p>\n","protected":false},"author":49,"featured_media":0,"comment_status":"closed","ping_status":"closed","sticky":false,"template":"","format":"standard","meta":{"advgb_blocks_editor_width":"","advgb_blocks_columns_visual_guide":"","footnotes":""},"categories":[5453,5454,34,406,47,5455],"tags":[35],"class_list":["post-22708","post","type-post","status-publish","format-standard","hentry","category-atracao-de-investimentos","category-danilo-cabral","category-g1","category-governador-joao-azevedo","category-politica","category-superintendente-da-sudene","tag-g1"],"author_meta":{"display_name":"Cristiane Cavalcante","author_link":"https:\/\/sindaopcpb.org.br\/author\/cristiane-cavalcante\/"},"featured_img":null,"coauthors":[],"tax_additional":{"categories":{"linked":["<a href=\"https:\/\/sindaopcpb.org.br\/atracao-de-investimentos\/\" class=\"advgb-post-tax-term\">atra\u00e7\u00e3o de investimentos<\/a>","<a href=\"https:\/\/sindaopcpb.org.br\/danilo-cabral\/\" class=\"advgb-post-tax-term\">danilo cabral<\/a>","<a href=\"https:\/\/sindaopcpb.org.br\/g1\/\" class=\"advgb-post-tax-term\">G1<\/a>","<a href=\"https:\/\/sindaopcpb.org.br\/governador-joao-azevedo\/\" class=\"advgb-post-tax-term\">governador Jo\u00e3o azev\u00eado<\/a>","<a href=\"https:\/\/sindaopcpb.org.br\/politica\/\" class=\"advgb-post-tax-term\">POLITICA<\/a>","<a href=\"https:\/\/sindaopcpb.org.br\/superintendente-da-sudene\/\" class=\"advgb-post-tax-term\">superintendente da Sudene<\/a>"],"unlinked":["<span class=\"advgb-post-tax-term\">atra\u00e7\u00e3o de investimentos<\/span>","<span class=\"advgb-post-tax-term\">danilo cabral<\/span>","<span class=\"advgb-post-tax-term\">G1<\/span>","<span class=\"advgb-post-tax-term\">governador Jo\u00e3o azev\u00eado<\/span>","<span class=\"advgb-post-tax-term\">POLITICA<\/span>","<span class=\"advgb-post-tax-term\">superintendente da Sudene<\/span>"]},"tags":{"linked":["<a href=\"https:\/\/sindaopcpb.org.br\/superintendente-da-sudene\/\" class=\"advgb-post-tax-term\">g1<\/a>"],"unlinked":["<span class=\"advgb-post-tax-term\">g1<\/span>"]}},"comment_count":"0","relative_dates":{"created":"Publicado 3 anos atr\u00e1s","modified":"Atualizado 3 anos atr\u00e1s"},"absolute_dates":{"created":"Publicado em 27 de junho de 2023","modified":"Atualizado em 27 de junho de 2023"},"absolute_dates_time":{"created":"Publicado em 27 de junho de 2023 19:09","modified":"Atualizado em 27 de junho de 2023 19:09"},"featured_img_caption":"","series_order":"","_links":{"self":[{"href":"https:\/\/sindaopcpb.org.br\/index.php\/wp-json\/wp\/v2\/posts\/22708","targetHints":{"allow":["GET"]}}],"collection":[{"href":"https:\/\/sindaopcpb.org.br\/index.php\/wp-json\/wp\/v2\/posts"}],"about":[{"href":"https:\/\/sindaopcpb.org.br\/index.php\/wp-json\/wp\/v2\/types\/post"}],"author":[{"embeddable":true,"href":"https:\/\/sindaopcpb.org.br\/index.php\/wp-json\/wp\/v2\/users\/49"}],"replies":[{"embeddable":true,"href":"https:\/\/sindaopcpb.org.br\/index.php\/wp-json\/wp\/v2\/comments?post=22708"}],"version-history":[{"count":1,"href":"https:\/\/sindaopcpb.org.br\/index.php\/wp-json\/wp\/v2\/posts\/22708\/revisions"}],"predecessor-version":[{"id":22709,"href":"https:\/\/sindaopcpb.org.br\/index.php\/wp-json\/wp\/v2\/posts\/22708\/revisions\/22709"}],"wp:attachment":[{"href":"https:\/\/sindaopcpb.org.br\/index.php\/wp-json\/wp\/v2\/media?parent=22708"}],"wp:term":[{"taxonomy":"category","embeddable":true,"href":"https:\/\/sindaopcpb.org.br\/index.php\/wp-json\/wp\/v2\/categories?post=22708"},{"taxonomy":"post_tag","embeddable":true,"href":"https:\/\/sindaopcpb.org.br\/index.php\/wp-json\/wp\/v2\/tags?post=22708"}],"curies":[{"name":"wp","href":"https:\/\/api.w.org\/{rel}","templated":true}]}}