{"id":22691,"date":"2023-06-27T17:19:15","date_gmt":"2023-06-27T20:19:15","guid":{"rendered":"https:\/\/wpa.wscom.com.br\/?p=908652"},"modified":"2023-06-27T17:19:15","modified_gmt":"2023-06-27T20:19:15","slug":"abracrim-pb-representa-a-paraiba-no-maior-encontro-de-advocacia-criminal-do-brasil","status":"publish","type":"post","link":"https:\/\/sindaopcpb.org.br\/index.php\/2023\/06\/27\/abracrim-pb-representa-a-paraiba-no-maior-encontro-de-advocacia-criminal-do-brasil\/","title":{"rendered":"Abracrim PB representa a Para\u00edba no maior encontro de advocacia criminal do Brasil"},"content":{"rendered":"<p>Vice-presidente da Abracrim PB (Associa\u00e7\u00e3o Brasileira dos Advogados Criminalistas \u2014 Seccional Para\u00edba), Nat\u00e1lia Alves, s\u00f3cia do escrit\u00f3rio Min\u00e1 &amp; Alves Advocacia, e o presidente da entidade, Rafael Vilhena, representaram o estado no Encontro Brasileiro da Advocacia Criminal (EBAC), o maior evento da \u00e1rea no pa\u00eds. Realizado em Bras\u00edlia\/DF. O EBAC celebrou 30 anos de funda\u00e7\u00e3o da Abracrim.<\/p>\n<p>Com o tema central \u201cA Redemocratiza\u00e7\u00e3o da Justi\u00e7a Penal e o Respeito \u00e0 Advocacia Criminal\u201d, o encontro reuniu renomados criminalistas de todo o pa\u00eds para discutir temas importantes e promover o aprimoramento da Justi\u00e7a Criminal. Nat\u00e1lia Alves ressalta a import\u00e2ncia de representar a Para\u00edba neste evento. \u201cFoi uma honra representar a Abracrim-PB n o EBAC, um encontro que re\u00fane profissionais de destaque em nossa \u00e1rea. Poder discutir temas fundamentais para a defesa das prerrogativas da advocacia criminal \u00e9 uma oportunidade \u00edmpar\u201d, contou a advogada.<\/p>\n<p>Durante o evento, foram abordados assuntos de interesse da comunidade jur\u00eddica e da sociedade como um todo. As discuss\u00f5es envolveram desde a criminalidade no Brasil e garantias processuais penais at\u00e9 a aplica\u00e7\u00e3o da pena e o encarceramento em massa. O objetivo principal foi promover a redemocratiza\u00e7\u00e3o da Justi\u00e7a Penal e destacar a import\u00e2ncia do respeito \u00e0 advocacia criminal. Estiveram presentes nomes como S\u00edlvio Almeida, ministro de Estado dos Direitos Humanos; Sebasti\u00e3o Reis J\u00fanior e Rog\u00e9rio Schietti ministros do Superior Tribunal de Justi\u00e7a (STJ); Simone Schreiber, desembargadora Federal do Tribunal Regional Federal da 2\u00aa Regi\u00e3o, Jayme Weingartner Neto, desembargador do Tribunal de Justi\u00e7a do Rio Grande do Sul e Augusto Botelho, Secret\u00e1rio Nacional de Justi\u00e7a.<\/p>\n<p>Nat\u00e1lia destaca a relev\u00e2ncia das resolu\u00e7\u00f5es do evento. \u201cAs solu\u00e7\u00f5es que surgem em encontros como o EBAC t\u00eam impacto significativo no aprimoramento da Justi\u00e7a Criminal. \u00c9 essencial que advogados criminalistas estejam engajados nesse processo de transforma\u00e7\u00e3o, e a participa\u00e7\u00e3o da Abracrim-PB demonstra nosso compromisso com essa causa\u201d, enfatiza.<\/p>\n<p>A participa\u00e7\u00e3o da advogada Nat\u00e1lia Alves no EBAC representa a atua\u00e7\u00e3o consistente da Abracrim no fortalecimento da advocacia criminal e defesa dos direitos individuais no sistema de Justi\u00e7a brasileiro.<\/p>\n<p><strong>Min\u00e1 e Alves Advocacia &#8211;<\/strong> Com sede em Jo\u00e3o Pessoa e atua\u00e7\u00e3o em todo o Nordeste desde 2014, a Min\u00e1 &amp; Alves \u00e9 fruto da parceria entre os advogados Vladimir Min\u00e1, Cristianne Min\u00e1 e Nat\u00e1lia Alves. O escrit\u00f3rio conta com uma equipe multidisciplinar que se prop\u00f5e a exercer a advocacia com compet\u00eancia, promovendo a resolu\u00e7\u00e3o de conflitos de forma c\u00e9lere e \u00e9tica. A Min\u00e1 e Alves trabalha com atua\u00e7\u00e3o preventiva e contenciosa preventiva, interposi\u00e7\u00e3o de novas a\u00e7\u00f5es e de recursos em todas as inst\u00e2ncias; defesas em geral e elabora\u00e7\u00e3o de pe\u00e7as individualizadas nas \u00e1reas de Direito Empresarial\/Tribut\u00e1rio, Direito Imobili\u00e1rio, Direito Civil, Direito Internacional, Direito Trabalhista, Terceiro Setor, Direito Previdenci\u00e1rio e Direito Criminal. A Min\u00e1 &amp; Alves Advocacia est\u00e1 localizada no Empresarial Massai, na Av. Monteiro da Franca, 1092 \u2014 Sala 05, em Mana\u00edra. O escrit\u00f3rio funciona de segunda a sexta, das 8h \u00e0s 18h. O telefone para contato \u00e9 o (83) 3221-0634 e (83)98854-0856 (WhatsApp). No instagram, @mina_advocacia. O site \u00e9 www.mina.adv.br\/ e o e-mail contato@mina.adv.br.<\/p>\n<p>O post <a rel=\"nofollow noopener\" href=\"https:\/\/wscom.com.br\/abracrim-pb-representa-a-paraiba-no-maior-encontro-de-advocacia-criminal-do-brasil\/\" target=\"_blank\">Abracrim PB representa a Para\u00edba no maior encontro de advocacia criminal do Brasil<\/a> apareceu primeiro em <a rel=\"nofollow noopener\" href=\"https:\/\/wscom.com.br\/\" target=\"_blank\">WSCOM<\/a>.<\/p>\n","protected":false},"excerpt":{"rendered":"<p>Vice-presidente da Abracrim PB (Associa\u00e7\u00e3o Brasileira dos Advogados Criminalistas \u2014 Seccional Para\u00edba), Nat\u00e1lia Alves, s\u00f3cia do escrit\u00f3rio Min\u00e1 &amp; Alves Advocacia, e o presidente da entidade, Rafael Vilhena, representaram o estado no Encontro Brasileiro da Advocacia Criminal (EBAC), o maior evento da \u00e1rea no pa\u00eds. Realizado em Bras\u00edlia\/DF. O EBAC celebrou 30 anos de funda\u00e7\u00e3o [\u2026]<\/p>\n<p>O post <a rel=\"nofollow\" href=\"https:\/\/wscom.com.br\/abracrim-pb-representa-a-paraiba-no-maior-encontro-de-advocacia-criminal-do-brasil\/\">Abracrim PB representa a Para\u00edba no maior encontro de advocacia criminal do Brasil<\/a> apareceu primeiro em <a rel=\"nofollow\" href=\"https:\/\/wscom.com.br\/\">WSCOM<\/a>.<\/p>\n","protected":false},"author":49,"featured_media":0,"comment_status":"closed","ping_status":"closed","sticky":false,"template":"","format":"standard","meta":{"advgb_blocks_editor_width":"","advgb_blocks_columns_visual_guide":"","footnotes":""},"categories":[5442,34,5443,5444,54],"tags":[35],"class_list":["post-22691","post","type-post","status-publish","format-standard","hentry","category-encontro-de-advocacia","category-g1","category-mina-alves-advocacia","category-natalia-alves","category-paraiba","tag-g1"],"author_meta":{"display_name":"Cristiane Cavalcante","author_link":"https:\/\/sindaopcpb.org.br\/author\/cristiane-cavalcante\/"},"featured_img":null,"coauthors":[],"tax_additional":{"categories":{"linked":["<a href=\"https:\/\/sindaopcpb.org.br\/encontro-de-advocacia\/\" class=\"advgb-post-tax-term\">encontro de advocacia<\/a>","<a href=\"https:\/\/sindaopcpb.org.br\/g1\/\" class=\"advgb-post-tax-term\">G1<\/a>","<a href=\"https:\/\/sindaopcpb.org.br\/mina-alves-advocacia\/\" class=\"advgb-post-tax-term\">Min\u00e1 &amp; Alves Advocacia<\/a>","<a href=\"https:\/\/sindaopcpb.org.br\/natalia-alves\/\" class=\"advgb-post-tax-term\">Nat\u00e1lia Alves<\/a>","<a href=\"https:\/\/sindaopcpb.org.br\/paraiba\/\" class=\"advgb-post-tax-term\">Para\u00edba<\/a>"],"unlinked":["<span class=\"advgb-post-tax-term\">encontro de advocacia<\/span>","<span class=\"advgb-post-tax-term\">G1<\/span>","<span class=\"advgb-post-tax-term\">Min\u00e1 &amp; Alves Advocacia<\/span>","<span class=\"advgb-post-tax-term\">Nat\u00e1lia Alves<\/span>","<span class=\"advgb-post-tax-term\">Para\u00edba<\/span>"]},"tags":{"linked":["<a href=\"https:\/\/sindaopcpb.org.br\/paraiba\/\" class=\"advgb-post-tax-term\">g1<\/a>"],"unlinked":["<span class=\"advgb-post-tax-term\">g1<\/span>"]}},"comment_count":"0","relative_dates":{"created":"Publicado 3 anos atr\u00e1s","modified":"Atualizado 3 anos atr\u00e1s"},"absolute_dates":{"created":"Publicado em 27 de junho de 2023","modified":"Atualizado em 27 de junho de 2023"},"absolute_dates_time":{"created":"Publicado em 27 de junho de 2023 17:19","modified":"Atualizado em 27 de junho de 2023 17:19"},"featured_img_caption":"","series_order":"","_links":{"self":[{"href":"https:\/\/sindaopcpb.org.br\/index.php\/wp-json\/wp\/v2\/posts\/22691","targetHints":{"allow":["GET"]}}],"collection":[{"href":"https:\/\/sindaopcpb.org.br\/index.php\/wp-json\/wp\/v2\/posts"}],"about":[{"href":"https:\/\/sindaopcpb.org.br\/index.php\/wp-json\/wp\/v2\/types\/post"}],"author":[{"embeddable":true,"href":"https:\/\/sindaopcpb.org.br\/index.php\/wp-json\/wp\/v2\/users\/49"}],"replies":[{"embeddable":true,"href":"https:\/\/sindaopcpb.org.br\/index.php\/wp-json\/wp\/v2\/comments?post=22691"}],"version-history":[{"count":1,"href":"https:\/\/sindaopcpb.org.br\/index.php\/wp-json\/wp\/v2\/posts\/22691\/revisions"}],"predecessor-version":[{"id":22692,"href":"https:\/\/sindaopcpb.org.br\/index.php\/wp-json\/wp\/v2\/posts\/22691\/revisions\/22692"}],"wp:attachment":[{"href":"https:\/\/sindaopcpb.org.br\/index.php\/wp-json\/wp\/v2\/media?parent=22691"}],"wp:term":[{"taxonomy":"category","embeddable":true,"href":"https:\/\/sindaopcpb.org.br\/index.php\/wp-json\/wp\/v2\/categories?post=22691"},{"taxonomy":"post_tag","embeddable":true,"href":"https:\/\/sindaopcpb.org.br\/index.php\/wp-json\/wp\/v2\/tags?post=22691"}],"curies":[{"name":"wp","href":"https:\/\/api.w.org\/{rel}","templated":true}]}}