{"id":22665,"date":"2023-06-27T14:50:07","date_gmt":"2023-06-27T17:50:07","guid":{"rendered":"https:\/\/wpa.wscom.com.br\/?p=908633"},"modified":"2023-06-27T14:50:07","modified_gmt":"2023-06-27T17:50:07","slug":"destaques-na-europa-paraibanos-otavio-e-matheus-cunha-revivem-as-origens-em-partida-de-futsal-em-joao-pessoa","status":"publish","type":"post","link":"https:\/\/sindaopcpb.org.br\/index.php\/2023\/06\/27\/destaques-na-europa-paraibanos-otavio-e-matheus-cunha-revivem-as-origens-em-partida-de-futsal-em-joao-pessoa\/","title":{"rendered":"Destaques na Europa, paraibanos Ot\u00e1vio e Matheus Cunha revivem as origens em partida de futsal em Jo\u00e3o Pessoa"},"content":{"rendered":"<p>De f\u00e9rias na Para\u00edba, o meio-campista Ot\u00e1vio, do Porto e da Sele\u00e7\u00e3o Portuguesa, e o atacante Matheus Cunha, do Wolverhampton, ambos naturais de Jo\u00e3o Pessoa, tiveram a oportunidade de disputar uma partida informal de futsal e relembrar os tempos em que deram os primeiros passos no esporte nas quadras. O encontro entre os dois aconteceu no Centro de Treinamento do VF4, clube da capital paraibana pertencente ao lateral-direito Victor Ferraz, do N\u00e1utico. A informa\u00e7\u00e3o \u00e9 do ge.<\/p>\n<p>Ot\u00e1vio e Matheus Cunha foram revelados no futsal pelo mesmo time, o Esporte Clube Cabo Branco. No entanto, o futebol de campo os levou por caminhos diferentes. Ot\u00e1vio seguiu para as categorias de base do Santa Cruz e, posteriormente, para o Internacional, despertando interesse internacional e sendo vendido para o Porto. Com destaque no futebol portugu\u00eas, o meio-campista se naturalizou portugu\u00eas e representou a Sele\u00e7\u00e3o Portuguesa na Copa do Mundo de 2022.<\/p>\n<p>Por sua vez, Matheus Cunha deixou as quadras para ingressar nas categorias de base do Coritiba. Seu desempenho not\u00e1vel nas equipes juvenis chamou a aten\u00e7\u00e3o do Sion, da Su\u00ed\u00e7a, onde iniciou sua carreira profissional. No entanto, foi no futebol alem\u00e3o, defendendo o RB Leipzig e posteriormente o Hertha Berlin, que ele ganhou maior destaque, inclusive recebendo oportunidades na Sele\u00e7\u00e3o Brasileira. Nas Olimp\u00edadas de T\u00f3quio, Cunha fez parte do elenco que conquistou a segunda medalha de ouro para o Brasil na modalidade.<\/p>\n<p>O post <a rel=\"nofollow noopener\" href=\"https:\/\/wscom.com.br\/destaques-na-europa-paraibanos-otavio-e-matheus-cunha-revivem-as-origens-em-partida-de-futsal-em-joao-pessoa\/\" target=\"_blank\">Destaques na Europa, paraibanos Ot\u00e1vio e Matheus Cunha revivem as origens em partida de futsal em Jo\u00e3o Pessoa<\/a> apareceu primeiro em <a rel=\"nofollow noopener\" href=\"https:\/\/wscom.com.br\/\" target=\"_blank\">WSCOM<\/a>.<\/p>\n","protected":false},"excerpt":{"rendered":"<p>De f\u00e9rias na Para\u00edba, o meio-campista Ot\u00e1vio, do Porto e da Sele\u00e7\u00e3o Portuguesa, e o atacante Matheus Cunha, do Wolverhampton, ambos naturais de Jo\u00e3o Pessoa, tiveram a oportunidade de disputar uma partida informal de futsal e relembrar os tempos em que deram os primeiros passos no esporte nas quadras. O encontro entre os dois aconteceu [\u2026]<\/p>\n<p>O post <a rel=\"nofollow\" href=\"https:\/\/wscom.com.br\/destaques-na-europa-paraibanos-otavio-e-matheus-cunha-revivem-as-origens-em-partida-de-futsal-em-joao-pessoa\/\">Destaques na Europa, paraibanos Ot\u00e1vio e Matheus Cunha revivem as origens em partida de futsal em Jo\u00e3o Pessoa<\/a> apareceu primeiro em <a rel=\"nofollow\" href=\"https:\/\/wscom.com.br\/\">WSCOM<\/a>.<\/p>\n","protected":false},"author":50,"featured_media":0,"comment_status":"closed","ping_status":"closed","sticky":false,"template":"","format":"standard","meta":{"advgb_blocks_editor_width":"","advgb_blocks_columns_visual_guide":"","footnotes":""},"categories":[4545,79,34,5422,5423],"tags":[35],"class_list":["post-22665","post","type-post","status-publish","format-standard","hentry","category-cunha","category-futebol","category-g1","category-matheus","category-otavio","tag-g1"],"author_meta":{"display_name":"Wallyson","author_link":"https:\/\/sindaopcpb.org.br\/author\/wallyson\/"},"featured_img":null,"coauthors":[],"tax_additional":{"categories":{"linked":["<a href=\"https:\/\/sindaopcpb.org.br\/cunha\/\" class=\"advgb-post-tax-term\">Cunha<\/a>","<a href=\"https:\/\/sindaopcpb.org.br\/futebol\/\" class=\"advgb-post-tax-term\">Futebol<\/a>","<a href=\"https:\/\/sindaopcpb.org.br\/g1\/\" class=\"advgb-post-tax-term\">G1<\/a>","<a href=\"https:\/\/sindaopcpb.org.br\/matheus\/\" class=\"advgb-post-tax-term\">matheus<\/a>","<a href=\"https:\/\/sindaopcpb.org.br\/otavio\/\" class=\"advgb-post-tax-term\">otavio<\/a>"],"unlinked":["<span class=\"advgb-post-tax-term\">Cunha<\/span>","<span class=\"advgb-post-tax-term\">Futebol<\/span>","<span class=\"advgb-post-tax-term\">G1<\/span>","<span class=\"advgb-post-tax-term\">matheus<\/span>","<span class=\"advgb-post-tax-term\">otavio<\/span>"]},"tags":{"linked":["<a href=\"https:\/\/sindaopcpb.org.br\/otavio\/\" class=\"advgb-post-tax-term\">g1<\/a>"],"unlinked":["<span class=\"advgb-post-tax-term\">g1<\/span>"]}},"comment_count":"0","relative_dates":{"created":"Publicado 3 anos atr\u00e1s","modified":"Atualizado 3 anos atr\u00e1s"},"absolute_dates":{"created":"Publicado em 27 de junho de 2023","modified":"Atualizado em 27 de junho de 2023"},"absolute_dates_time":{"created":"Publicado em 27 de junho de 2023 14:50","modified":"Atualizado em 27 de junho de 2023 14:50"},"featured_img_caption":"","series_order":"","_links":{"self":[{"href":"https:\/\/sindaopcpb.org.br\/index.php\/wp-json\/wp\/v2\/posts\/22665","targetHints":{"allow":["GET"]}}],"collection":[{"href":"https:\/\/sindaopcpb.org.br\/index.php\/wp-json\/wp\/v2\/posts"}],"about":[{"href":"https:\/\/sindaopcpb.org.br\/index.php\/wp-json\/wp\/v2\/types\/post"}],"author":[{"embeddable":true,"href":"https:\/\/sindaopcpb.org.br\/index.php\/wp-json\/wp\/v2\/users\/50"}],"replies":[{"embeddable":true,"href":"https:\/\/sindaopcpb.org.br\/index.php\/wp-json\/wp\/v2\/comments?post=22665"}],"version-history":[{"count":1,"href":"https:\/\/sindaopcpb.org.br\/index.php\/wp-json\/wp\/v2\/posts\/22665\/revisions"}],"predecessor-version":[{"id":22666,"href":"https:\/\/sindaopcpb.org.br\/index.php\/wp-json\/wp\/v2\/posts\/22665\/revisions\/22666"}],"wp:attachment":[{"href":"https:\/\/sindaopcpb.org.br\/index.php\/wp-json\/wp\/v2\/media?parent=22665"}],"wp:term":[{"taxonomy":"category","embeddable":true,"href":"https:\/\/sindaopcpb.org.br\/index.php\/wp-json\/wp\/v2\/categories?post=22665"},{"taxonomy":"post_tag","embeddable":true,"href":"https:\/\/sindaopcpb.org.br\/index.php\/wp-json\/wp\/v2\/tags?post=22665"}],"curies":[{"name":"wp","href":"https:\/\/api.w.org\/{rel}","templated":true}]}}