{"id":22663,"date":"2023-06-27T14:58:39","date_gmt":"2023-06-27T17:58:39","guid":{"rendered":"https:\/\/wpa.wscom.com.br\/?p=908638"},"modified":"2023-06-27T14:58:39","modified_gmt":"2023-06-27T17:58:39","slug":"homem-preso-por-arrastar-cachorro-e-solto-apos-audiencia-de-custodia-na-paraiba","status":"publish","type":"post","link":"https:\/\/sindaopcpb.org.br\/index.php\/2023\/06\/27\/homem-preso-por-arrastar-cachorro-e-solto-apos-audiencia-de-custodia-na-paraiba\/","title":{"rendered":"Homem preso por arrastar cachorro \u00e9 solto ap\u00f3s audi\u00eancia de cust\u00f3dia, na Para\u00edba"},"content":{"rendered":"<p>&nbsp;<\/p>\n<p>Ap\u00f3s ser detido na segunda-feira (26) por arrastar um cachorro amarrado a um carro na PB-325, em Catol\u00e9 do Rocha, no Sert\u00e3o da Para\u00edba, um homem foi solto no mesmo dia sem a necessidade de pagamento de fian\u00e7a, ap\u00f3s passar por uma audi\u00eancia de cust\u00f3dia.<\/p>\n<p>O veterin\u00e1rio respons\u00e1vel pelo animal e testemunhas ligadas ao condutor do ve\u00edculo foram ouvidos antes da decis\u00e3o. Ele oteria corroborado a vers\u00e3o apresentada pelo homem, afirmando que o cachorro faleceu no s\u00e1bado (24) e estava sendo transportado para ser sepultado no domingo (25). O condutor alegou que n\u00e3o conseguiu contratar um servi\u00e7o para o vel\u00f3rio do animal e que, devido ao avan\u00e7ado estado de decomposi\u00e7\u00e3o, n\u00e3o foi poss\u00edvel coloc\u00e1-lo no porta-malas do carro.<\/p>\n<p>O propriet\u00e1rio do cachorro foi preso na segunda-feira (26) ap\u00f3s a pol\u00edcia receber um v\u00eddeo gravado por uma testemunha que mostrava o homem arrastando o animal. Ele foi localizado na cidade de Riacho dos Cavalos e encaminhado \u00e0 Delegacia de Catol\u00e9 do Rocha.<\/p>\n<p>No entanto, a Pol\u00edcia Civil concluiu que n\u00e3o houve crime de maus-tratos ao cachorro, pois ele j\u00e1 estaria morto. Exames apresentados pelo veterin\u00e1rio confirmaram o \u00f3bito.<\/p>\n<p>&nbsp;<\/p>\n<p>O post <a rel=\"nofollow noopener\" href=\"https:\/\/wscom.com.br\/homem-preso-por-arrastar-cachorro-e-solto-apos-audiencia-de-custodia-na-paraiba\/\" target=\"_blank\">Homem preso por arrastar cachorro \u00e9 solto ap\u00f3s audi\u00eancia de cust\u00f3dia, na Para\u00edba<\/a> apareceu primeiro em <a rel=\"nofollow noopener\" href=\"https:\/\/wscom.com.br\/\" target=\"_blank\">WSCOM<\/a>.<\/p>\n","protected":false},"excerpt":{"rendered":"<p>\u00a0 Ap\u00f3s ser detido na segunda-feira (26) por arrastar um cachorro amarrado a um carro na PB-325, em Catol\u00e9 do Rocha, no Sert\u00e3o da Para\u00edba, um homem foi solto no mesmo dia sem a necessidade de pagamento de fian\u00e7a, ap\u00f3s passar por uma audi\u00eancia de cust\u00f3dia. O veterin\u00e1rio respons\u00e1vel pelo animal e testemunhas ligadas ao [\u2026]<\/p>\n<p>O post <a rel=\"nofollow\" href=\"https:\/\/wscom.com.br\/homem-preso-por-arrastar-cachorro-e-solto-apos-audiencia-de-custodia-na-paraiba\/\">Homem preso por arrastar cachorro \u00e9 solto ap\u00f3s audi\u00eancia de cust\u00f3dia, na Para\u00edba<\/a> apareceu primeiro em <a rel=\"nofollow\" href=\"https:\/\/wscom.com.br\/\">WSCOM<\/a>.<\/p>\n","protected":false},"author":50,"featured_media":0,"comment_status":"closed","ping_status":"closed","sticky":false,"template":"","format":"standard","meta":{"advgb_blocks_editor_width":"","advgb_blocks_columns_visual_guide":"","footnotes":""},"categories":[5421,419,34,249,66,1273],"tags":[35],"class_list":["post-22663","post","type-post","status-publish","format-standard","hentry","category-arrasta","category-cachorro","category-g1","category-homem","category-policial","category-preso","tag-g1"],"author_meta":{"display_name":"Wallyson","author_link":"https:\/\/sindaopcpb.org.br\/author\/wallyson\/"},"featured_img":null,"coauthors":[],"tax_additional":{"categories":{"linked":["<a href=\"https:\/\/sindaopcpb.org.br\/arrasta\/\" class=\"advgb-post-tax-term\">arrasta<\/a>","<a href=\"https:\/\/sindaopcpb.org.br\/cachorro\/\" class=\"advgb-post-tax-term\">cachorro<\/a>","<a href=\"https:\/\/sindaopcpb.org.br\/g1\/\" class=\"advgb-post-tax-term\">G1<\/a>","<a href=\"https:\/\/sindaopcpb.org.br\/homem\/\" class=\"advgb-post-tax-term\">Homem<\/a>","<a href=\"https:\/\/sindaopcpb.org.br\/policial\/\" class=\"advgb-post-tax-term\">Policial<\/a>","<a href=\"https:\/\/sindaopcpb.org.br\/preso\/\" class=\"advgb-post-tax-term\">preso<\/a>"],"unlinked":["<span class=\"advgb-post-tax-term\">arrasta<\/span>","<span class=\"advgb-post-tax-term\">cachorro<\/span>","<span class=\"advgb-post-tax-term\">G1<\/span>","<span class=\"advgb-post-tax-term\">Homem<\/span>","<span class=\"advgb-post-tax-term\">Policial<\/span>","<span class=\"advgb-post-tax-term\">preso<\/span>"]},"tags":{"linked":["<a href=\"https:\/\/sindaopcpb.org.br\/preso\/\" class=\"advgb-post-tax-term\">g1<\/a>"],"unlinked":["<span class=\"advgb-post-tax-term\">g1<\/span>"]}},"comment_count":"0","relative_dates":{"created":"Publicado 3 anos atr\u00e1s","modified":"Atualizado 3 anos atr\u00e1s"},"absolute_dates":{"created":"Publicado em 27 de junho de 2023","modified":"Atualizado em 27 de junho de 2023"},"absolute_dates_time":{"created":"Publicado em 27 de junho de 2023 14:58","modified":"Atualizado em 27 de junho de 2023 14:58"},"featured_img_caption":"","series_order":"","_links":{"self":[{"href":"https:\/\/sindaopcpb.org.br\/index.php\/wp-json\/wp\/v2\/posts\/22663","targetHints":{"allow":["GET"]}}],"collection":[{"href":"https:\/\/sindaopcpb.org.br\/index.php\/wp-json\/wp\/v2\/posts"}],"about":[{"href":"https:\/\/sindaopcpb.org.br\/index.php\/wp-json\/wp\/v2\/types\/post"}],"author":[{"embeddable":true,"href":"https:\/\/sindaopcpb.org.br\/index.php\/wp-json\/wp\/v2\/users\/50"}],"replies":[{"embeddable":true,"href":"https:\/\/sindaopcpb.org.br\/index.php\/wp-json\/wp\/v2\/comments?post=22663"}],"version-history":[{"count":1,"href":"https:\/\/sindaopcpb.org.br\/index.php\/wp-json\/wp\/v2\/posts\/22663\/revisions"}],"predecessor-version":[{"id":22664,"href":"https:\/\/sindaopcpb.org.br\/index.php\/wp-json\/wp\/v2\/posts\/22663\/revisions\/22664"}],"wp:attachment":[{"href":"https:\/\/sindaopcpb.org.br\/index.php\/wp-json\/wp\/v2\/media?parent=22663"}],"wp:term":[{"taxonomy":"category","embeddable":true,"href":"https:\/\/sindaopcpb.org.br\/index.php\/wp-json\/wp\/v2\/categories?post=22663"},{"taxonomy":"post_tag","embeddable":true,"href":"https:\/\/sindaopcpb.org.br\/index.php\/wp-json\/wp\/v2\/tags?post=22663"}],"curies":[{"name":"wp","href":"https:\/\/api.w.org\/{rel}","templated":true}]}}