{"id":22607,"date":"2023-06-27T09:26:18","date_gmt":"2023-06-27T12:26:18","guid":{"rendered":"https:\/\/wpa.wscom.com.br\/?p=908586"},"modified":"2023-06-27T09:26:18","modified_gmt":"2023-06-27T12:26:18","slug":"fiep-senai-pb-oferta-capacitacao-profissional-para-inscritos-no-cadunico-e-bolsa-familia","status":"publish","type":"post","link":"https:\/\/sindaopcpb.org.br\/index.php\/2023\/06\/27\/fiep-senai-pb-oferta-capacitacao-profissional-para-inscritos-no-cadunico-e-bolsa-familia\/","title":{"rendered":"FIEP\/SENAI PB oferta capacita\u00e7\u00e3o profissional para inscritos no CAd\u00danico e Bolsa Fam\u00edlia"},"content":{"rendered":"<p>&nbsp;<\/p>\n<p>&nbsp;<\/p>\n<p>O governador da Para\u00edba Joa\u0303o Azeve\u0302do, e o ministro do Desenvolvimento e Assiste\u0302ncia Social, Fam\u00edlia e Combate a\u0300 Fome, Wellington Dias assinaram nesta segunda-feira (26), no Espa\u00e7o Cultural Jos\u00e9 Lins do R\u00eago, em Jo\u00e3o Pessoa, Protocolos de Inten\u00e7\u00f5es com a Federa\u00e7\u00e3o das Ind\u00fastrias do Estado da Para\u00edba \u2013 FIEP, a Federa\u00e7\u00e3o do Com\u00e9rcio de Bens e de Servi\u00e7os do Estado da Para\u00edba \u2013 FECOM\u00c9RCIO, e outras entidades empresariais para promo\u00e7\u00f5es dos Pactos Contra a Fome e de Inclus\u00e3o Socioecon\u00f4mica.<\/p>\n<p>A FIEP foi representada na solenidade por Diala Meira, coordenadora do SENAI de Caapor\u00e3. O SENAI Para\u00edba vai oferecer a partir dos pr\u00f3ximos dias cursos de capacita\u00e7\u00e3o nas mais diversas \u00e1reas atendendo as pessoas inscritas no Cad\u00danico, e no Programa Bolsa Fam\u00edlia.<\/p>\n<p>Os pactos Contra a Fome e de Inclus\u00e3o Socioecon\u00f4mica ter\u00e3o o objetivo de promover a\u00e7\u00f5es de combate a\u0300 inseguran\u00e7a alimentar em parceria com o Governo do Estado e promover a inser\u00e7\u00e3o no mercado de trabalho e capacita\u00e7\u00e3o profissional.<\/p>\n<p>A inten\u00e7\u00e3o e\u0301 que, por meio da oferta de oportunidades provenientes dessas parcerias, mais de 710 mil fam\u00edlias atualmente atendidas pelo PBF no estado tenham a alternativa de iniciarem sua trajet\u00f3ria profissional.<\/p>\n<p>O post <a rel=\"nofollow noopener\" href=\"https:\/\/wscom.com.br\/fiep-senai-pb-oferta-capacitacao-profissional-para-inscritos-no-cadunico-e-bolsa-familia\/\" target=\"_blank\">FIEP\/SENAI PB oferta capacita\u00e7\u00e3o profissional para inscritos no CAd\u00danico e Bolsa Fam\u00edlia<\/a> apareceu primeiro em <a rel=\"nofollow noopener\" href=\"https:\/\/wscom.com.br\/\" target=\"_blank\">WSCOM<\/a>.<\/p>\n","protected":false},"excerpt":{"rendered":"<p>\u00a0 \u00a0 O governador da Para\u00edba Joa\u0303o Azeve\u0302do, e o ministro do Desenvolvimento e Assiste\u0302ncia Social, Fam\u00edlia e Combate a\u0300 Fome, Wellington Dias assinaram nesta segunda-feira (26), no Espa\u00e7o Cultural Jos\u00e9 Lins do R\u00eago, em Jo\u00e3o Pessoa, Protocolos de Inten\u00e7\u00f5es com a Federa\u00e7\u00e3o das Ind\u00fastrias do Estado da Para\u00edba \u2013 FIEP, a Federa\u00e7\u00e3o do Com\u00e9rcio [\u2026]<\/p>\n<p>O post <a rel=\"nofollow\" href=\"https:\/\/wscom.com.br\/fiep-senai-pb-oferta-capacitacao-profissional-para-inscritos-no-cadunico-e-bolsa-familia\/\">FIEP\/SENAI PB oferta capacita\u00e7\u00e3o profissional para inscritos no CAd\u00danico e Bolsa Fam\u00edlia<\/a> apareceu primeiro em <a rel=\"nofollow\" href=\"https:\/\/wscom.com.br\/\">WSCOM<\/a>.<\/p>\n","protected":false},"author":42,"featured_media":0,"comment_status":"closed","ping_status":"closed","sticky":false,"template":"","format":"standard","meta":{"advgb_blocks_editor_width":"","advgb_blocks_columns_visual_guide":"","footnotes":""},"categories":[672,226,5409,856,34,54,3848],"tags":[35],"class_list":["post-22607","post","type-post","status-publish","format-standard","hentry","category-bolsa-familia","category-cadunico","category-capacitacao-profissional","category-fiep","category-g1","category-paraiba","category-senai","tag-g1"],"author_meta":{"display_name":"Rafael Andrade","author_link":"https:\/\/sindaopcpb.org.br\/author\/rafael-andrade\/"},"featured_img":null,"coauthors":[],"tax_additional":{"categories":{"linked":["<a href=\"https:\/\/sindaopcpb.org.br\/bolsa-familia\/\" class=\"advgb-post-tax-term\">Bolsa Fam\u00edlia<\/a>","<a href=\"https:\/\/sindaopcpb.org.br\/cadunico\/\" class=\"advgb-post-tax-term\">Cad\u00danico<\/a>","<a href=\"https:\/\/sindaopcpb.org.br\/capacitacao-profissional\/\" class=\"advgb-post-tax-term\">capacita\u00e7\u00e3o profissional<\/a>","<a href=\"https:\/\/sindaopcpb.org.br\/fiep\/\" class=\"advgb-post-tax-term\">fiep<\/a>","<a href=\"https:\/\/sindaopcpb.org.br\/g1\/\" class=\"advgb-post-tax-term\">G1<\/a>","<a href=\"https:\/\/sindaopcpb.org.br\/paraiba\/\" class=\"advgb-post-tax-term\">Para\u00edba<\/a>","<a href=\"https:\/\/sindaopcpb.org.br\/senai\/\" class=\"advgb-post-tax-term\">senai<\/a>"],"unlinked":["<span class=\"advgb-post-tax-term\">Bolsa Fam\u00edlia<\/span>","<span class=\"advgb-post-tax-term\">Cad\u00danico<\/span>","<span class=\"advgb-post-tax-term\">capacita\u00e7\u00e3o profissional<\/span>","<span class=\"advgb-post-tax-term\">fiep<\/span>","<span class=\"advgb-post-tax-term\">G1<\/span>","<span class=\"advgb-post-tax-term\">Para\u00edba<\/span>","<span class=\"advgb-post-tax-term\">senai<\/span>"]},"tags":{"linked":["<a href=\"https:\/\/sindaopcpb.org.br\/senai\/\" class=\"advgb-post-tax-term\">g1<\/a>"],"unlinked":["<span class=\"advgb-post-tax-term\">g1<\/span>"]}},"comment_count":"0","relative_dates":{"created":"Publicado 3 anos atr\u00e1s","modified":"Atualizado 3 anos atr\u00e1s"},"absolute_dates":{"created":"Publicado em 27 de junho de 2023","modified":"Atualizado em 27 de junho de 2023"},"absolute_dates_time":{"created":"Publicado em 27 de junho de 2023 09:26","modified":"Atualizado em 27 de junho de 2023 09:26"},"featured_img_caption":"","series_order":"","_links":{"self":[{"href":"https:\/\/sindaopcpb.org.br\/index.php\/wp-json\/wp\/v2\/posts\/22607","targetHints":{"allow":["GET"]}}],"collection":[{"href":"https:\/\/sindaopcpb.org.br\/index.php\/wp-json\/wp\/v2\/posts"}],"about":[{"href":"https:\/\/sindaopcpb.org.br\/index.php\/wp-json\/wp\/v2\/types\/post"}],"author":[{"embeddable":true,"href":"https:\/\/sindaopcpb.org.br\/index.php\/wp-json\/wp\/v2\/users\/42"}],"replies":[{"embeddable":true,"href":"https:\/\/sindaopcpb.org.br\/index.php\/wp-json\/wp\/v2\/comments?post=22607"}],"version-history":[{"count":1,"href":"https:\/\/sindaopcpb.org.br\/index.php\/wp-json\/wp\/v2\/posts\/22607\/revisions"}],"predecessor-version":[{"id":22608,"href":"https:\/\/sindaopcpb.org.br\/index.php\/wp-json\/wp\/v2\/posts\/22607\/revisions\/22608"}],"wp:attachment":[{"href":"https:\/\/sindaopcpb.org.br\/index.php\/wp-json\/wp\/v2\/media?parent=22607"}],"wp:term":[{"taxonomy":"category","embeddable":true,"href":"https:\/\/sindaopcpb.org.br\/index.php\/wp-json\/wp\/v2\/categories?post=22607"},{"taxonomy":"post_tag","embeddable":true,"href":"https:\/\/sindaopcpb.org.br\/index.php\/wp-json\/wp\/v2\/tags?post=22607"}],"curies":[{"name":"wp","href":"https:\/\/api.w.org\/{rel}","templated":true}]}}