{"id":22600,"date":"2023-06-27T08:16:38","date_gmt":"2023-06-27T11:16:38","guid":{"rendered":"https:\/\/www.infomoney.com.br\/?p=2171148"},"modified":"2023-06-27T08:16:38","modified_gmt":"2023-06-27T11:16:38","slug":"pensao-por-morte-do-inss-maioria-do-stf-mantem-regras-da-reforma-da-previdencia","status":"publish","type":"post","link":"https:\/\/sindaopcpb.org.br\/index.php\/2023\/06\/27\/pensao-por-morte-do-inss-maioria-do-stf-mantem-regras-da-reforma-da-previdencia\/","title":{"rendered":"Pens\u00e3o por morte do INSS: maioria do STF mant\u00e9m regras da Reforma da Previd\u00eancia"},"content":{"rendered":"<p><img loading=\"lazy\" width=\"300\" height=\"179\" src=\"https:\/\/www.infomoney.com.br\/wp-content\/uploads\/2023\/06\/sede-stf.jpg?fit=300%2C179&amp;quality=70&amp;strip=all\" class=\"attachment-medium size-medium wp-post-image\" alt=\"\" decoding=\"async\" style=\"float:right; margin:0 0 10px 10px;\" srcset=\"https:\/\/www.infomoney.com.br\/wp-content\/uploads\/2023\/06\/sede-stf.jpg?w=1170&amp;quality=70&amp;strip=all 1170w, https:\/\/www.infomoney.com.br\/wp-content\/uploads\/2023\/06\/sede-stf.jpg?w=300&amp;quality=70&amp;strip=all 300w, https:\/\/www.infomoney.com.br\/wp-content\/uploads\/2023\/06\/sede-stf.jpg?w=768&amp;quality=70&amp;strip=all 768w, https:\/\/www.infomoney.com.br\/wp-content\/uploads\/2023\/06\/sede-stf.jpg?w=150&amp;quality=70&amp;strip=all 150w\" sizes=\"auto, (max-width: 300px) 100vw, 300px\" data-attachment-id=\"2171305\" data-permalink=\"https:\/\/www.infomoney.com.br\/minhas-financas\/pensao-por-morte-do-inss-maioria-do-stf-mantem-regras-da-reforma-da-previdencia\/attachment\/sede-stf\/\" data-orig-file=\"https:\/\/www.infomoney.com.br\/wp-content\/uploads\/2023\/06\/sede-stf.jpg?fit=1170%2C700&amp;quality=70&amp;strip=all\" data-orig-size=\"1170,700\" data-comments-opened=\"0\" data-image-meta=\"{&quot;aperture&quot;:&quot;14&quot;,&quot;credit&quot;:&quot;Ant\\u00f4nio Cruz\\\/ Ag\\u00eancia Brasil&quot;,&quot;camera&quot;:&quot;Canon EOS 7D Mark II&quot;,&quot;caption&quot;:&quot;Bras\\u00edlia - 22.05.2023 - Foto da Fachada do Supremo Tribunal Federal, em Bras\\u00edlia. Foto: Ant\\u00f4nio Cruz\\\/ Ag\\u00eancia Brasil&quot;,&quot;created_timestamp&quot;:&quot;1684753684&quot;,&quot;copyright&quot;:&quot;Ant\\u00f4nio Cruz&quot;,&quot;focal_length&quot;:&quot;50&quot;,&quot;iso&quot;:&quot;500&quot;,&quot;shutter_speed&quot;:&quot;0.0015625&quot;,&quot;title&quot;:&quot;&quot;,&quot;orientation&quot;:&quot;1&quot;}\" data-image-title=\"Fachada do STF\" data-image-description=\"\" data-image-caption=\"&lt;p&gt;Fachada do Supremo Tribunal Federal, em Bras\u00edlia, em 22 de maio de 2023 (Foto: Ant\u00f4nio Cruz\/ Ag\u00eancia Brasil)&lt;\/p&gt;\n\" data-medium-file=\"https:\/\/www.infomoney.com.br\/wp-content\/uploads\/2023\/06\/sede-stf.jpg?fit=300%2C179&amp;quality=70&amp;strip=all\" data-large-file=\"https:\/\/www.infomoney.com.br\/wp-content\/uploads\/2023\/06\/sede-stf.jpg?fit=1170%2C700&amp;quality=70&amp;strip=all\" title=\"\"><\/p>\n<p>A maioria dos ministros do Supremo Tribunal Federal (STF) julgou constitucional a mudan&ccedil;a que a Reforma da Previd&ecirc;ncia de 2019 promoveu no benef&iacute;cio da pens&atilde;o por morte, paga pelo Instituto Nacional do Seguro Social (INSS).<\/p>\n<p>O julgamento virtual foi finalizado na sexta-feira (23). Por 8 votos a 3, os ministros decidiram pela constitucionalidade do artigo 23 da Emenda Constitucional 103\/2019 (a Reforma da Previd&ecirc;ncia), que definiu o pagamento da pens&atilde;o em 50% do valor da aposentadoria (acrescido de 10% por dependente).<\/p>\n<div class=\"cta-middle\">\n<div class=\"im-cta bg-light bg-opacity-25 border rounded-4 p-3 p-sm-4 p-md-3 p-lg-4 px-xxl-5 my-5\" >\n<div class=\"d-flex flex-column align-items-center align-items-lg-start mb-4 flex-lg-row\">\n<div class=\"rounded-circle mb-2 mb-lg-0 mr-lg-4 me-lg-4 p-3 p-lg-4 bg-red-500\"><svg width=\"40\" height=\"40\" viewBox=\"0 0 40 40\" fill=\"none\" xmlns=\"http:\/\/www.w3.org\/2000\/svg\"><path d=\"M19.958 33.083 8.833 27v-9.042L3.417 15l16.541-9.042L36.583 15v11.875h-1.875v-10.75l-3.583 1.833V27l-11.167 6.083Zm0-11.208L32.625 15 19.958 8.208 7.375 15l12.583 6.875Zm0 9.042 9.25-5.084v-6.75l-9.25 4.959-9.25-5v6.791l9.25 5.084Z\" fill=\"#fff\"\/><\/svg><\/div>\n<div class=\"flex-fill text-center text-lg-left\">\n<div class=\"h6 small text-orange-700 lh-base mb-1\">Masterclass<\/div>\n<div class=\"text-body h4 m-0\">O Poder da Renda Fixa Turbo<\/div>\n<div class=\"text-body small lh-base mt-2\">Aprenda na pr&aacute;tica como aumentar o seu patrim&ocirc;nio com rentabilidade, simplicidade e seguran&ccedil;a (e ainda ganhe 02 presentes do InfoMoney)<\/div>\n<\/div>\n<\/div>\n<div class=\"im-shortcode-forms-v2\" data-component-type=\"multiformBootstrapV2\" data-configuracao='{\"id\":\"2155580\",\"optimize_id\":\"\",\"nome\":false,\"titulo\":\"O Poder da Renda Fixa Turbo\",\"icone\":\"course\",\"chapeu\":\"Masterclass\",\"email\":true,\"telefone\":false,\"cpf\":false,\"campanha\":\"RFT\",\"LancamentoID\":\"112\",\"thankYouUrl\":\"\",\"idJorney\":\"APIEvent-6cf4ee7f-bae4-e0e2-cc3b-033332b04780\",\"idDE\":\"\",\"botaoLabel\":\"Quero participar\",\"contextSegment\":\"CursoLivre\",\"urlOrigem\":\"https:\\\/\\\/www.infomoney.com.br\\\/minhas-financas\\\/pensao-por-morte-do-inss-maioria-do-stf-mantem-regras-da-reforma-da-previdencia\\\/?utm_medium=materia&#038;utm_source=infomoney&#038;utm_campaign=202305_rft_axp_lead&#038;utm_term=minhas-financas&#038;utm_content=\",\"openBlank\":true,\"gaPosition\":\"meio\",\"gaCategory\":\"cta_form\",\"useCaptacaoLead\":true,\"dataUTM\":{\"utmMedium\":\"materia\",\"utmSource\":\"infomoney\",\"utmCampaign\":\"202305_rft_axp_lead\",\"utmTerm\":\"minhas-financas\",\"utmContent\":\"\"}}'><\/div>\n<\/p><\/div>\n<\/div>\n<p>O c&aacute;lculo havia sido contestado pela Confedera&ccedil;&atilde;o Nacional dos Trabalhadores Assalariados e Assalariadas Rurais (Contar), que alegou redu&ccedil;&atilde;o desproporcional no benef&iacute;cio ap&oacute;s a altera&ccedil;&atilde;o, por meio da ADI 7.051.<\/p>\n<p>A maioria dos ministros seguiu voto do relator, Lu&iacute;s Roberto Barroso. A tese vencedora foi: &ldquo;&Eacute; constitucional o art. 23, caput, da Emenda Constitucional n&ordm; 103\/2019, que fixa novos crit&eacute;rios de c&aacute;lculo para a pens&atilde;o por morte no Regime Geral e nos Regimes Pr&oacute;prios de Previd&ecirc;ncia Social&rdquo;.<\/p>\n<p>O entendimento foi seguido pelos ministros Dias Toffoli, Andr&eacute; Mendon&ccedil;a, Gilmar Mendes, Alexandre de Moraes, C&aacute;rmen L&uacute;cia, Luiz Fux e Nunes Marques. Ficaram parcialmente vencidos os votos dos ministros Edson Fachin e Rosa Weber, a presidente da Corte.<\/p>\n<p>Barroso afirmou em que voto n&atilde;o ver &ldquo;ofensa ao princ&iacute;pio da veda&ccedil;&atilde;o ao retrocesso social&rdquo;. &ldquo;O princ&iacute;pio da veda&ccedil;&atilde;o ao retrocesso, que ainda desperta controv&eacute;rsias na doutrina, n&atilde;o pode ser interpretado como uma proibi&ccedil;&atilde;o a qualquer atua&ccedil;&atilde;o restritiva do legislador em mat&eacute;ria de direitos fundamentais, sob pena de viola&ccedil;&atilde;o ao princ&iacute;pio democr&aacute;tico&rdquo;.<\/p>\n<div class=\"infomoney-related-posts\">\n<h4>Leia tamb&eacute;m<\/h4>\n<div class=\"list\">\n<div class=\"row mx-0 item\">\n<div class=\"img-container\">\n<figure><img decoding=\"async\" class=\"img-fluid img-fluid\" src=\"https:\/\/www.infomoney.com.br\/wp-content\/uploads\/2022\/08\/tse_posse_moraes2.jpg?quality=70&#038;w=150&#038;%23038;h=150&#038;%23038;crop=1&#038;%23038;strip=all\" data-recalc-dims=\"1\" alt=\"\" title=\"\"><\/figure>\n<\/div>\n<div class=\"info\"><span class=\"hl-hat\">Financiamento sindical<\/span><span class=\"hl-title\"><a href=\"https:\/\/www.infomoney.com.br\/minhas-financas\/contribuicao-assistencial-obrigatoria-moraes-libera-julgamento-sobre-a-cobranca\/\" rel=\"nofollow noopener\" target=\"_blank\">Contribui&ccedil;&atilde;o assistencial obrigat&oacute;ria: Moraes libera julgamento sobre a cobran&ccedil;a<\/a><\/span><span class=\"hl-description\">Contribui&ccedil;&atilde;o &eacute; usada por sindicatos para custear suas atividades, principalmente negocia&ccedil;&otilde;es coletivas<\/span><\/div>\n<\/div>\n<\/div>\n<\/div>\n<p>The post <a rel=\"nofollow noopener\" href=\"https:\/\/www.infomoney.com.br\/minhas-financas\/pensao-por-morte-do-inss-maioria-do-stf-mantem-regras-da-reforma-da-previdencia\/\" target=\"_blank\">Pens\u00e3o por morte do INSS: maioria do STF mant\u00e9m regras da Reforma da Previd\u00eancia<\/a> appeared first on <a rel=\"nofollow noopener\" href=\"https:\/\/www.infomoney.com.br\/\" target=\"_blank\">InfoMoney<\/a>.<\/p>\n","protected":false},"excerpt":{"rendered":"<p><img loading=\"lazy\" decoding=\"async\" width=\"300\" height=\"179\" src=\"https:\/\/www.infomoney.com.br\/wp-content\/uploads\/2023\/06\/sede-stf.jpg?fit=300%2C179&amp;quality=70&amp;strip=all\" class=\"attachment-medium size-medium wp-post-image\" alt=\"\" data-attachment-id=\"2171305\" data-permalink=\"https:\/\/www.infomoney.com.br\/minhas-financas\/pensao-por-morte-do-inss-maioria-do-stf-mantem-regras-da-reforma-da-previdencia\/attachment\/sede-stf\/\" data-orig-file=\"https:\/\/www.infomoney.com.br\/wp-content\/uploads\/2023\/06\/sede-stf.jpg?fit=1170%2C700&amp;quality=70&amp;strip=all\" data-orig-size=\"1170,700\" data-comments-opened=\"0\" data-image-meta='{\"aperture\":\"14\",\"credit\":\"Ant\\u00f4nio Cruz\\\/ Ag\\u00eancia Brasil\",\"camera\":\"Canon EOS 7D Mark II\",\"caption\":\"Bras\\u00edlia - 22.05.2023 - Foto da Fachada do Supremo Tribunal Federal, em Bras\\u00edlia. Foto: Ant\\u00f4nio Cruz\\\/ Ag\\u00eancia Brasil\",\"created_timestamp\":\"1684753684\",\"copyright\":\"Ant\\u00f4nio Cruz\",\"focal_length\":\"50\",\"iso\":\"500\",\"shutter_speed\":\"0.0015625\",\"title\":\"\",\"orientation\":\"1\"}' data-image-title=\"Fachada do STF\" data-image-description=\"\" data-image-caption=\"&lt;p&gt;Fachada do Supremo Tribunal Federal, em Bras\u00edlia, em 22 de maio de 2023 (Foto: Ant\u00f4nio Cruz\/ Ag\u00eancia Brasil)&lt;\/p&gt;\n\" data-medium-file=\"https:\/\/www.infomoney.com.br\/wp-content\/uploads\/2023\/06\/sede-stf.jpg?fit=300%2C179&amp;quality=70&amp;strip=all\" data-large-file=\"https:\/\/www.infomoney.com.br\/wp-content\/uploads\/2023\/06\/sede-stf.jpg?fit=1170%2C700&amp;quality=70&amp;strip=all\">Ministros validaram mudan\u00e7a aprovada em 2019, que reduziu o benef\u00edcio para 50% da aposentadoria (mais 10% por dependente)<\/p>\n<p>The post <a rel=\"nofollow\" href=\"https:\/\/www.infomoney.com.br\/minhas-financas\/pensao-por-morte-do-inss-maioria-do-stf-mantem-regras-da-reforma-da-previdencia\/\">Pens\u00e3o por morte do INSS: maioria do STF mant\u00e9m regras da Reforma da Previd\u00eancia<\/a> appeared first on <a rel=\"nofollow\" href=\"https:\/\/www.infomoney.com.br\/\">InfoMoney<\/a>.<\/p>\n","protected":false},"author":44,"featured_media":0,"comment_status":"closed","ping_status":"closed","sticky":false,"template":"","format":"standard","meta":{"advgb_blocks_editor_width":"","advgb_blocks_columns_visual_guide":"","footnotes":""},"categories":[1387,34,1596,444,5405,47,449],"tags":[35],"class_list":["post-22600","post","type-post","status-publish","format-standard","hentry","category-carreira","category-g1","category-inss","category-minhas-financas","category-pensao-por-morte","category-politica","category-stf","tag-g1"],"author_meta":{"display_name":"Ag\u00eancia Brasil","author_link":"https:\/\/sindaopcpb.org.br\/author\/agencia-brasil\/"},"featured_img":null,"coauthors":[],"tax_additional":{"categories":{"linked":["<a href=\"https:\/\/sindaopcpb.org.br\/carreira\/\" class=\"advgb-post-tax-term\">Carreira<\/a>","<a href=\"https:\/\/sindaopcpb.org.br\/g1\/\" class=\"advgb-post-tax-term\">G1<\/a>","<a href=\"https:\/\/sindaopcpb.org.br\/inss\/\" class=\"advgb-post-tax-term\">INSS<\/a>","<a href=\"https:\/\/sindaopcpb.org.br\/minhas-financas\/\" class=\"advgb-post-tax-term\">Minhas Finan\u00e7as<\/a>","<a href=\"https:\/\/sindaopcpb.org.br\/pensao-por-morte\/\" class=\"advgb-post-tax-term\">Pens\u00e3o por morte<\/a>","<a href=\"https:\/\/sindaopcpb.org.br\/politica\/\" class=\"advgb-post-tax-term\">POLITICA<\/a>","<a href=\"https:\/\/sindaopcpb.org.br\/stf\/\" class=\"advgb-post-tax-term\">STF<\/a>"],"unlinked":["<span class=\"advgb-post-tax-term\">Carreira<\/span>","<span class=\"advgb-post-tax-term\">G1<\/span>","<span class=\"advgb-post-tax-term\">INSS<\/span>","<span class=\"advgb-post-tax-term\">Minhas Finan\u00e7as<\/span>","<span class=\"advgb-post-tax-term\">Pens\u00e3o por morte<\/span>","<span class=\"advgb-post-tax-term\">POLITICA<\/span>","<span class=\"advgb-post-tax-term\">STF<\/span>"]},"tags":{"linked":["<a href=\"https:\/\/sindaopcpb.org.br\/stf\/\" class=\"advgb-post-tax-term\">g1<\/a>"],"unlinked":["<span class=\"advgb-post-tax-term\">g1<\/span>"]}},"comment_count":"0","relative_dates":{"created":"Publicado 3 anos atr\u00e1s","modified":"Atualizado 3 anos atr\u00e1s"},"absolute_dates":{"created":"Publicado em 27 de junho de 2023","modified":"Atualizado em 27 de junho de 2023"},"absolute_dates_time":{"created":"Publicado em 27 de junho de 2023 08:16","modified":"Atualizado em 27 de junho de 2023 08:16"},"featured_img_caption":"","series_order":"","_links":{"self":[{"href":"https:\/\/sindaopcpb.org.br\/index.php\/wp-json\/wp\/v2\/posts\/22600","targetHints":{"allow":["GET"]}}],"collection":[{"href":"https:\/\/sindaopcpb.org.br\/index.php\/wp-json\/wp\/v2\/posts"}],"about":[{"href":"https:\/\/sindaopcpb.org.br\/index.php\/wp-json\/wp\/v2\/types\/post"}],"author":[{"embeddable":true,"href":"https:\/\/sindaopcpb.org.br\/index.php\/wp-json\/wp\/v2\/users\/44"}],"replies":[{"embeddable":true,"href":"https:\/\/sindaopcpb.org.br\/index.php\/wp-json\/wp\/v2\/comments?post=22600"}],"version-history":[{"count":1,"href":"https:\/\/sindaopcpb.org.br\/index.php\/wp-json\/wp\/v2\/posts\/22600\/revisions"}],"predecessor-version":[{"id":22601,"href":"https:\/\/sindaopcpb.org.br\/index.php\/wp-json\/wp\/v2\/posts\/22600\/revisions\/22601"}],"wp:attachment":[{"href":"https:\/\/sindaopcpb.org.br\/index.php\/wp-json\/wp\/v2\/media?parent=22600"}],"wp:term":[{"taxonomy":"category","embeddable":true,"href":"https:\/\/sindaopcpb.org.br\/index.php\/wp-json\/wp\/v2\/categories?post=22600"},{"taxonomy":"post_tag","embeddable":true,"href":"https:\/\/sindaopcpb.org.br\/index.php\/wp-json\/wp\/v2\/tags?post=22600"}],"curies":[{"name":"wp","href":"https:\/\/api.w.org\/{rel}","templated":true}]}}