{"id":22542,"date":"2023-06-26T16:19:22","date_gmt":"2023-06-26T19:19:22","guid":{"rendered":"https:\/\/www.infomoney.com.br\/?p=2170975"},"modified":"2023-06-26T16:19:22","modified_gmt":"2023-06-26T19:19:22","slug":"lula-diz-que-pais-trabalha-em-linha-abrangente-para-exportacoes-a-argentina-e-defende-moeda-de-referencia","status":"publish","type":"post","link":"https:\/\/sindaopcpb.org.br\/index.php\/2023\/06\/26\/lula-diz-que-pais-trabalha-em-linha-abrangente-para-exportacoes-a-argentina-e-defende-moeda-de-referencia\/","title":{"rendered":"Lula diz que pa\u00eds trabalha em linha abrangente para exporta\u00e7\u00f5es \u00e0 Argentina e defende moeda de refer\u00eancia"},"content":{"rendered":"<p><img loading=\"lazy\" width=\"300\" height=\"225\" src=\"https:\/\/www.infomoney.com.br\/wp-content\/uploads\/2023\/06\/26062023-pzzb0632.jpg?fit=300%2C225&amp;quality=70&amp;strip=all\" class=\"attachment-medium size-medium wp-post-image\" alt=\"\" decoding=\"async\" style=\"float:right; margin:0 0 10px 10px;\" srcset=\"https:\/\/www.infomoney.com.br\/wp-content\/uploads\/2023\/06\/26062023-pzzb0632.jpg?w=1024&amp;quality=70&amp;strip=all 1024w, https:\/\/www.infomoney.com.br\/wp-content\/uploads\/2023\/06\/26062023-pzzb0632.jpg?w=300&amp;quality=70&amp;strip=all 300w, https:\/\/www.infomoney.com.br\/wp-content\/uploads\/2023\/06\/26062023-pzzb0632.jpg?w=768&amp;quality=70&amp;strip=all 768w, https:\/\/www.infomoney.com.br\/wp-content\/uploads\/2023\/06\/26062023-pzzb0632.jpg?w=150&amp;quality=70&amp;strip=all 150w\" sizes=\"auto, (max-width: 300px) 100vw, 300px\" data-attachment-id=\"2170995\" data-permalink=\"https:\/\/www.infomoney.com.br\/politica\/lula-diz-que-pais-trabalha-em-linha-abrangente-para-exportacoes-a-argentina-e-defende-moeda-de-referencia\/attachment\/26062023-pzzb0632\/\" data-orig-file=\"https:\/\/www.infomoney.com.br\/wp-content\/uploads\/2023\/06\/26062023-pzzb0632.jpg?fit=1024%2C768&amp;quality=70&amp;strip=all\" data-orig-size=\"1024,768\" data-comments-opened=\"0\" data-image-meta=\"{&quot;aperture&quot;:&quot;5.6&quot;,&quot;credit&quot;:&quot;Ag\\u00eancia Brasil&quot;,&quot;camera&quot;:&quot;Canon EOS 7D Mark II&quot;,&quot;caption&quot;:&quot;Bras\\u00edlia (DF) 26\\\/06\\\/2023 - O presidente Luiz In\\u00e1cio Lula da Silva recebe o presidente da Argentina, Alberto Fern\\u00e1ndez  Foto: F\\u00e1bio Rodrigues-Pozzebom\\\/ Ag\\u00eancia Brasil&quot;,&quot;created_timestamp&quot;:&quot;1687790712&quot;,&quot;copyright&quot;:&quot;Ag\\u00eancia Brasil\\\/EBC&quot;,&quot;focal_length&quot;:&quot;160&quot;,&quot;iso&quot;:&quot;500&quot;,&quot;shutter_speed&quot;:&quot;0.004&quot;,&quot;title&quot;:&quot;&quot;,&quot;orientation&quot;:&quot;0&quot;}\" data-image-title=\"26062023-pzzb0632\" data-image-description=\"\" data-image-caption=\"&lt;p&gt;Bras\u00edlia (DF) 26\/06\/2023 &#8211; O presidente Luiz In\u00e1cio Lula da Silva recebe o presidente da Argentina, Alberto Fern\u00e1ndez  Foto: F\u00e1bio Rodrigues-Pozzebom\/ Ag\u00eancia Brasil&lt;\/p&gt;\n\" data-medium-file=\"https:\/\/www.infomoney.com.br\/wp-content\/uploads\/2023\/06\/26062023-pzzb0632.jpg?fit=300%2C225&amp;quality=70&amp;strip=all\" data-large-file=\"https:\/\/www.infomoney.com.br\/wp-content\/uploads\/2023\/06\/26062023-pzzb0632.jpg?fit=1024%2C768&amp;quality=70&amp;strip=all\" title=\"\"><\/p>\n<p>O presidente Luiz In\u00e1cio Lula da Silva afirmou, nesta segunda-feira (26), ap\u00f3s reuni\u00e3o com o presidente da Argentina, Alberto Fern\u00e1ndez, que o Brasil trabalha em uma linha abrangente para exporta\u00e7\u00f5es ao pa\u00eds vizinho.<\/p>\n<p>O presidente brasileiro voltou a defender uma moeda de refer\u00eancia para o com\u00e9rcio entre os dois pa\u00edses.<\/p>\n<p>&#8220;Hoje adotamos um ambicioso Plano de A\u00e7\u00e3o para o Relan\u00e7amento da Alian\u00e7a Estrat\u00e9gica&#8221;, disse Lula, citando que quase 100 a\u00e7\u00f5es constituem o projeto de desenvolvimento conjunto.<\/p>\n<p>&#8220;Estamos trabalhando na cria\u00e7\u00e3o de uma linha de financiamento abrangente das exporta\u00e7\u00f5es brasileiras para a Argentina&#8221;, afirmou, dizendo-se &#8220;muito satisfeito com as perspectivas positivas de financiamento do BNDES \u00e0 exporta\u00e7\u00e3o de produtos para a constru\u00e7\u00e3o do Gasoduto Presidente N\u00e9stor Kirchner&#8221;.<\/p>\n<p>Lula e Fern\u00e1ndez v\u00eam defendendo o desenvolvimento de uma moeda regional para o com\u00e9rcio internacional. O presidente brasileiro tamb\u00e9m vem trabalhando pela integra\u00e7\u00e3o da Am\u00e9rica do Sul.<\/p>\n<p>&#8220;Precisamos avan\u00e7ar nessa dire\u00e7\u00e3o, com novas e criativas solu\u00e7\u00f5es que permitam maior integra\u00e7\u00e3o financeira e facilitem nossas trocas. Entre as op\u00e7\u00f5es est\u00e1 a ado\u00e7\u00e3o de uma moeda de refer\u00eancia espec\u00edfica para o com\u00e9rcio regional que n\u00e3o eliminar\u00e1 as respectivas moedas nacionais&#8221;, disse o presidente Lula nesta segunda-feira.<\/p>\n<p>Em maio, Lula foi o anfitri\u00e3o de uma reuni\u00e3o com chefes de Estado da Am\u00e9rica do Sul, a primeira do tipo em nove anos.<\/p>\n<p>Lula lembrou que a Argentina \u00e9 o terceiro destino de exporta\u00e7\u00f5es brasileiras e o Brasil \u00e9 o principal mercado para os produtos argentinos. O interc\u00e2mbio comercial entre os dois pa\u00edses pode superar o patamar de 40 bilh\u00f5es de d\u00f3lares atingidos em 2011, afirmou Lula.<\/p>\n<p>The post <a rel=\"nofollow noopener\" href=\"https:\/\/www.infomoney.com.br\/politica\/lula-diz-que-pais-trabalha-em-linha-abrangente-para-exportacoes-a-argentina-e-defende-moeda-de-referencia\/\" target=\"_blank\">Lula diz que pa\u00eds trabalha em linha abrangente para exporta\u00e7\u00f5es \u00e0 Argentina e defende moeda de refer\u00eancia<\/a> appeared first on <a rel=\"nofollow noopener\" href=\"https:\/\/www.infomoney.com.br\/\" target=\"_blank\">InfoMoney<\/a>.<\/p>\n","protected":false},"excerpt":{"rendered":"<p><img loading=\"lazy\" decoding=\"async\" width=\"300\" height=\"225\" src=\"https:\/\/www.infomoney.com.br\/wp-content\/uploads\/2023\/06\/26062023-pzzb0632.jpg?fit=300%2C225&amp;quality=70&amp;strip=all\" class=\"attachment-medium size-medium wp-post-image\" alt=\"\" data-attachment-id=\"2170995\" data-permalink=\"https:\/\/www.infomoney.com.br\/politica\/lula-diz-que-pais-trabalha-em-linha-abrangente-para-exportacoes-a-argentina-e-defende-moeda-de-referencia\/attachment\/26062023-pzzb0632\/\" data-orig-file=\"https:\/\/www.infomoney.com.br\/wp-content\/uploads\/2023\/06\/26062023-pzzb0632.jpg?fit=1024%2C768&amp;quality=70&amp;strip=all\" data-orig-size=\"1024,768\" data-comments-opened=\"0\" data-image-meta='{\"aperture\":\"5.6\",\"credit\":\"Ag\\u00eancia Brasil\",\"camera\":\"Canon EOS 7D Mark II\",\"caption\":\"Bras\\u00edlia (DF) 26\\\/06\\\/2023 - O presidente Luiz In\\u00e1cio Lula da Silva recebe o presidente da Argentina, Alberto Fern\\u00e1ndez  Foto: F\\u00e1bio Rodrigues-Pozzebom\\\/ Ag\\u00eancia Brasil\",\"created_timestamp\":\"1687790712\",\"copyright\":\"Ag\\u00eancia Brasil\\\/EBC\",\"focal_length\":\"160\",\"iso\":\"500\",\"shutter_speed\":\"0.004\",\"title\":\"\",\"orientation\":\"0\"}' data-image-title=\"26062023-pzzb0632\" data-image-description=\"\" data-image-caption=\"&lt;p&gt;Bras\u00edlia (DF) 26\/06\/2023 \u2013 O presidente Luiz In\u00e1cio Lula da Silva recebe o presidente da Argentina, Alberto Fern\u00e1ndez  Foto: F\u00e1bio Rodrigues-Pozzebom\/ Ag\u00eancia Brasil&lt;\/p&gt;\n\" data-medium-file=\"https:\/\/www.infomoney.com.br\/wp-content\/uploads\/2023\/06\/26062023-pzzb0632.jpg?fit=300%2C225&amp;quality=70&amp;strip=all\" data-large-file=\"https:\/\/www.infomoney.com.br\/wp-content\/uploads\/2023\/06\/26062023-pzzb0632.jpg?fit=1024%2C768&amp;quality=70&amp;strip=all\">Segundo o presidente, interc\u00e2mbio comercial entre os dois pa\u00edses pode superar o patamar de 40 bilh\u00f5es de d\u00f3lares atingidos em 2011<\/p>\n<p>The post <a rel=\"nofollow\" href=\"https:\/\/www.infomoney.com.br\/politica\/lula-diz-que-pais-trabalha-em-linha-abrangente-para-exportacoes-a-argentina-e-defende-moeda-de-referencia\/\">Lula diz que pa\u00eds trabalha em linha abrangente para exporta\u00e7\u00f5es \u00e0 Argentina e defende moeda de refer\u00eancia<\/a> appeared first on <a rel=\"nofollow\" href=\"https:\/\/www.infomoney.com.br\/\">InfoMoney<\/a>.<\/p>\n","protected":false},"author":46,"featured_media":0,"comment_status":"closed","ping_status":"closed","sticky":false,"template":"","format":"standard","meta":{"advgb_blocks_editor_width":"","advgb_blocks_columns_visual_guide":"","footnotes":""},"categories":[1385,1386,115,34,129,47],"tags":[35],"class_list":["post-22542","post","type-post","status-publish","format-standard","hentry","category-alberto-fernandez","category-argentina","category-brasil","category-g1","category-luiz-inacio-lula-da-silva","category-politica","tag-g1"],"author_meta":{"display_name":"Reuters","author_link":"https:\/\/sindaopcpb.org.br\/author\/reuters\/"},"featured_img":null,"coauthors":[],"tax_additional":{"categories":{"linked":["<a href=\"https:\/\/sindaopcpb.org.br\/alberto-fernandez\/\" class=\"advgb-post-tax-term\">Alberto Fern\u00e1ndez<\/a>","<a href=\"https:\/\/sindaopcpb.org.br\/argentina\/\" class=\"advgb-post-tax-term\">Argentina<\/a>","<a href=\"https:\/\/sindaopcpb.org.br\/brasil\/\" class=\"advgb-post-tax-term\">Brasil<\/a>","<a href=\"https:\/\/sindaopcpb.org.br\/g1\/\" class=\"advgb-post-tax-term\">G1<\/a>","<a href=\"https:\/\/sindaopcpb.org.br\/luiz-inacio-lula-da-silva\/\" class=\"advgb-post-tax-term\">Luiz In\u00e1cio Lula da Silva<\/a>","<a href=\"https:\/\/sindaopcpb.org.br\/politica\/\" class=\"advgb-post-tax-term\">POLITICA<\/a>"],"unlinked":["<span class=\"advgb-post-tax-term\">Alberto Fern\u00e1ndez<\/span>","<span class=\"advgb-post-tax-term\">Argentina<\/span>","<span class=\"advgb-post-tax-term\">Brasil<\/span>","<span class=\"advgb-post-tax-term\">G1<\/span>","<span class=\"advgb-post-tax-term\">Luiz In\u00e1cio Lula da Silva<\/span>","<span class=\"advgb-post-tax-term\">POLITICA<\/span>"]},"tags":{"linked":["<a href=\"https:\/\/sindaopcpb.org.br\/politica\/\" class=\"advgb-post-tax-term\">g1<\/a>"],"unlinked":["<span class=\"advgb-post-tax-term\">g1<\/span>"]}},"comment_count":"0","relative_dates":{"created":"Publicado 3 anos atr\u00e1s","modified":"Atualizado 3 anos atr\u00e1s"},"absolute_dates":{"created":"Publicado em 26 de junho de 2023","modified":"Atualizado em 26 de junho de 2023"},"absolute_dates_time":{"created":"Publicado em 26 de junho de 2023 16:19","modified":"Atualizado em 26 de junho de 2023 16:19"},"featured_img_caption":"","series_order":"","_links":{"self":[{"href":"https:\/\/sindaopcpb.org.br\/index.php\/wp-json\/wp\/v2\/posts\/22542","targetHints":{"allow":["GET"]}}],"collection":[{"href":"https:\/\/sindaopcpb.org.br\/index.php\/wp-json\/wp\/v2\/posts"}],"about":[{"href":"https:\/\/sindaopcpb.org.br\/index.php\/wp-json\/wp\/v2\/types\/post"}],"author":[{"embeddable":true,"href":"https:\/\/sindaopcpb.org.br\/index.php\/wp-json\/wp\/v2\/users\/46"}],"replies":[{"embeddable":true,"href":"https:\/\/sindaopcpb.org.br\/index.php\/wp-json\/wp\/v2\/comments?post=22542"}],"version-history":[{"count":0,"href":"https:\/\/sindaopcpb.org.br\/index.php\/wp-json\/wp\/v2\/posts\/22542\/revisions"}],"wp:attachment":[{"href":"https:\/\/sindaopcpb.org.br\/index.php\/wp-json\/wp\/v2\/media?parent=22542"}],"wp:term":[{"taxonomy":"category","embeddable":true,"href":"https:\/\/sindaopcpb.org.br\/index.php\/wp-json\/wp\/v2\/categories?post=22542"},{"taxonomy":"post_tag","embeddable":true,"href":"https:\/\/sindaopcpb.org.br\/index.php\/wp-json\/wp\/v2\/tags?post=22542"}],"curies":[{"name":"wp","href":"https:\/\/api.w.org\/{rel}","templated":true}]}}