{"id":22532,"date":"2023-06-26T17:33:00","date_gmt":"2023-06-26T20:33:00","guid":{"rendered":"https:\/\/www.infomoney.com.br\/?p=2171051"},"modified":"2023-06-26T17:33:00","modified_gmt":"2023-06-26T20:33:00","slug":"relator-do-arcabouco-chama-mudancas-do-senado-de-politicas-e-defende-retomar-texto-da-camara","status":"publish","type":"post","link":"https:\/\/sindaopcpb.org.br\/index.php\/2023\/06\/26\/relator-do-arcabouco-chama-mudancas-do-senado-de-politicas-e-defende-retomar-texto-da-camara\/","title":{"rendered":"Relator do arcabou\u00e7o chama mudan\u00e7as do Senado de \u2018pol\u00edticas\u2019 e defende retomar texto da C\u00e2mara"},"content":{"rendered":"<p><img loading=\"lazy\" width=\"300\" height=\"225\" src=\"https:\/\/www.infomoney.com.br\/wp-content\/uploads\/2023\/04\/74537.jpg?fit=300%2C225&amp;quality=70&amp;strip=all\" class=\"attachment-medium size-medium wp-post-image\" alt=\"Claudio Cajado, do PP da Bahia\" decoding=\"async\" style=\"float:right; margin:0 0 10px 10px;\" srcset=\"https:\/\/www.infomoney.com.br\/wp-content\/uploads\/2023\/04\/74537.jpg?w=640&amp;quality=70&amp;strip=all 640w, https:\/\/www.infomoney.com.br\/wp-content\/uploads\/2023\/04\/74537.jpg?w=300&amp;quality=70&amp;strip=all 300w, https:\/\/www.infomoney.com.br\/wp-content\/uploads\/2023\/04\/74537.jpg?w=150&amp;quality=70&amp;strip=all 150w\" sizes=\"auto, (max-width: 300px) 100vw, 300px\" data-attachment-id=\"2098252\" data-permalink=\"https:\/\/www.infomoney.com.br\/politica\/deputado-do-pp-da-bahia-claudio-cajado-sera-o-relator-do-projeto-do-arcabouco-fiscal\/attachment\/74537\/\" data-orig-file=\"https:\/\/www.infomoney.com.br\/wp-content\/uploads\/2023\/04\/74537.jpg?fit=640%2C480&amp;quality=70&amp;strip=all\" data-orig-size=\"640,480\" data-comments-opened=\"0\" data-image-meta=\"{&quot;aperture&quot;:&quot;0&quot;,&quot;credit&quot;:&quot;&quot;,&quot;camera&quot;:&quot;&quot;,&quot;caption&quot;:&quot;&quot;,&quot;created_timestamp&quot;:&quot;0&quot;,&quot;copyright&quot;:&quot;&quot;,&quot;focal_length&quot;:&quot;0&quot;,&quot;iso&quot;:&quot;0&quot;,&quot;shutter_speed&quot;:&quot;0&quot;,&quot;title&quot;:&quot;&quot;,&quot;orientation&quot;:&quot;0&quot;}\" data-image-title=\"74537\" data-image-description=\"\" data-image-caption=\"&lt;p&gt;Claudio Cajado, do PP da Bahia (Foto: C\u00e2mara dos Deputados)&lt;\/p&gt;\n\" data-medium-file=\"https:\/\/www.infomoney.com.br\/wp-content\/uploads\/2023\/04\/74537.jpg?fit=300%2C225&amp;quality=70&amp;strip=all\" data-large-file=\"https:\/\/www.infomoney.com.br\/wp-content\/uploads\/2023\/04\/74537.jpg?fit=640%2C480&amp;quality=70&amp;strip=all\" title=\"\"><\/p>\n<p>O relator do arcabou\u00e7o fiscal na C\u00e2mara, Claudio Cajado (PP-BA), disse ao <i>Broadcast Pol\u00edtico<\/i> (sistema de not\u00edcias em tempo real do Grupo Estado) que o Senado decidiu &#8220;politicamente&#8221; fazer mudan\u00e7as no texto que havia sido aprovado pelos deputados. Na vis\u00e3o dele, as altera\u00e7\u00f5es que os senadores patrocinaram na proposta, que define as regras para a substitui\u00e7\u00e3o do teto de gastos, foram feitas sem nenhum amparo t\u00e9cnico. &#8220;Se depender de mim, volto tudo ao teor do relat\u00f3rio <i>[da C\u00e2mara]<\/i> que foi feito com justificativas t\u00e9cnicas&#8221;, declarou.<\/p>\n<p>O novo arcabou\u00e7o fiscal passou no Senado na \u00faltima quarta-feira, 21, com altera\u00e7\u00f5es feitas pelo relator na Casa, Omar Aziz (PSD-AM).<\/p>\n<p>Essas mudan\u00e7as devem ser votadas pela C\u00e2mara, o que deve ocorrer na semana que vem, de acordo com determina\u00e7\u00e3o do presidente da Casa, Arthur Lira (PP-AL).<\/p>\n<p>A pedido do Minist\u00e9rio do Planejamento, o senador acatou uma emenda do l\u00edder do governo no Congresso, Randolfe Rodrigues (Sem partido-AP), para autorizar a previs\u00e3o de despesas condicionadas no Or\u00e7amento de 2024, que s\u00f3 seriam executadas com a aprova\u00e7\u00e3o de cr\u00e9dito extraordin\u00e1rio pelo Legislativo.<\/p>\n<p>O limite para essas despesas condicionadas seria a diferen\u00e7a entre o \u00cdndice de Pre\u00e7os ao Consumidor Amplo (IPCA), a infla\u00e7\u00e3o oficial do Pa\u00eds, acumulado nos 12 meses at\u00e9 junho e o realizado at\u00e9 dezembro do ano anterior.<\/p>\n<p>A ministra do Planejamento, Simone Tebet, defendeu ativamente a emenda naquele dia, assim como o ministro da Integra\u00e7\u00e3o e Desenvolvimento Regional, Waldez G\u00f3es. Os dois estiveram no plen\u00e1rio do Senado na hora da vota\u00e7\u00e3o, e Tebet disse que o dispositivo abriria espa\u00e7o fiscal para a implementa\u00e7\u00e3o do novo Programa de Acelera\u00e7\u00e3o do Crescimento (PAC).<\/p>\n<p>&#8220;O Senado, lamentavelmente, decidiu politicamente nas suas altera\u00e7\u00f5es, sem qualquer amparo do ponto de vista t\u00e9cnico&#8221;, disse Cajado \u00e0 reportagem.<\/p>\n<p>O relator na C\u00e2mara afirmou que as mudan\u00e7as feitas por ele durante a tramita\u00e7\u00e3o do projeto na Casa levaram em conta o impacto no resultado prim\u00e1rio das contas p\u00fablicas e na sustentabilidade da trajet\u00f3ria da d\u00edvida.<\/p>\n<p>Cajado tamb\u00e9m disse que s\u00f3 voltar\u00e1 \u00e0s negocia\u00e7\u00f5es do arcabou\u00e7o na semana que vem, depois de retornar de Lisboa, onde participar\u00e1 de um f\u00f3rum organizado pelo Instituto de Direito P\u00fablico (IDP), que tem o ministro Gilmar Mendes, do Supremo Tribunal Federal (STF), como s\u00f3cio-fundador.<\/p>\n<p>No Senado, Aziz retirou do limite de gastos o Fundo de Manuten\u00e7\u00e3o e Desenvolvimento da Educa\u00e7\u00e3o B\u00e1sica e de Valoriza\u00e7\u00e3o dos Profissionais da Educa\u00e7\u00e3o (Fundeb), o Fundo Constitucional do Distrito Federal (FCDF) e despesas com ci\u00eancia, tecnologia e inova\u00e7\u00e3o. Tamb\u00e9m incluiu dispositivo que torna mais natural a inclus\u00e3o de privatiza\u00e7\u00f5es e venda de ativos em programas de ajuste fiscal.<\/p>\n<p>O secret\u00e1rio do Tesouro Nacional, Rog\u00e9rio Ceron, disse nesta segunda-feira que o governo tende a apoiar a C\u00e2mara em eventual <a href=\"https:\/\/www.infomoney.com.br\/politica\/governo-apoiara-a-camara-se-houver-mudanca-no-fundo-constitucional-do-df-diz-ceron\/\" rel=\"nofollow noopener\" target=\"_blank\">decis\u00e3o de colocar o FCDF de volta nos limites fiscais<\/a>.<\/p>\n<p>Cajado, por sua vez, afirmou ter &#8220;gostado&#8221; da emenda aprovada no Senado que trata de privatiza\u00e7\u00f5es e aliena\u00e7\u00e3o de ativos, proposta pelo senador Oriovisto Guimar\u00e3es (Podemos-PR).<\/p>\n<p>O arcabou\u00e7o fiscal foi enviado pela Fazenda ao Congresso em abril, e aprovado pela C\u00e2mara em maio. A proposta substitui o atual teto de gastos, com regras mais flex\u00edveis para as despesas do governo. Pelo projeto, os gastos s\u00f3 poder\u00e3o crescer em at\u00e9 70% do aumento da receita, dentro do intervalo de 0,6% a 2,5% acima da infla\u00e7\u00e3o. Ou seja, as despesas sempre crescer\u00e3o menos que as receitas, para evitar descontrole das contas p\u00fablicas.<\/p>\n<p>The post <a rel=\"nofollow noopener\" href=\"https:\/\/www.infomoney.com.br\/politica\/relator-do-arcabouco-chama-mudancas-do-senado-de-politicas-e-defende-retomar-texto-da-camara\/\" target=\"_blank\">Relator do arcabou\u00e7o chama mudan\u00e7as do Senado de &#8216;pol\u00edticas&#8217; e defende retomar texto da C\u00e2mara<\/a> appeared first on <a rel=\"nofollow noopener\" href=\"https:\/\/www.infomoney.com.br\/\" target=\"_blank\">InfoMoney<\/a>.<\/p>\n","protected":false},"excerpt":{"rendered":"<p><img loading=\"lazy\" decoding=\"async\" width=\"300\" height=\"225\" src=\"https:\/\/www.infomoney.com.br\/wp-content\/uploads\/2023\/04\/74537.jpg?fit=300%2C225&amp;quality=70&amp;strip=all\" class=\"attachment-medium size-medium wp-post-image\" alt=\"Claudio Cajado, do PP da Bahia\" data-attachment-id=\"2098252\" data-permalink=\"https:\/\/www.infomoney.com.br\/politica\/deputado-do-pp-da-bahia-claudio-cajado-sera-o-relator-do-projeto-do-arcabouco-fiscal\/attachment\/74537\/\" data-orig-file=\"https:\/\/www.infomoney.com.br\/wp-content\/uploads\/2023\/04\/74537.jpg?fit=640%2C480&amp;quality=70&amp;strip=all\" data-orig-size=\"640,480\" data-comments-opened=\"0\" data-image-meta='{\"aperture\":\"0\",\"credit\":\"\",\"camera\":\"\",\"caption\":\"\",\"created_timestamp\":\"0\",\"copyright\":\"\",\"focal_length\":\"0\",\"iso\":\"0\",\"shutter_speed\":\"0\",\"title\":\"\",\"orientation\":\"0\"}' data-image-title=\"74537\" data-image-description=\"\" data-image-caption=\"&lt;p&gt;Claudio Cajado, do PP da Bahia (Foto: C\u00e2mara dos Deputados)&lt;\/p&gt;\n\" data-medium-file=\"https:\/\/www.infomoney.com.br\/wp-content\/uploads\/2023\/04\/74537.jpg?fit=300%2C225&amp;quality=70&amp;strip=all\" data-large-file=\"https:\/\/www.infomoney.com.br\/wp-content\/uploads\/2023\/04\/74537.jpg?fit=640%2C480&amp;quality=70&amp;strip=all\">Nova regra foi aprovada pela C\u00e2mara em maio; proposta substitui o atual teto de gastos, com regras mais flex\u00edveis para as despesas do governo<\/p>\n<p>The post <a rel=\"nofollow\" href=\"https:\/\/www.infomoney.com.br\/politica\/relator-do-arcabouco-chama-mudancas-do-senado-de-politicas-e-defende-retomar-texto-da-camara\/\">Relator do arcabou\u00e7o chama mudan\u00e7as do Senado de \u2018pol\u00edticas\u2019 e defende retomar texto da C\u00e2mara<\/a> appeared first on <a rel=\"nofollow\" href=\"https:\/\/www.infomoney.com.br\/\">InfoMoney<\/a>.<\/p>\n","protected":false},"author":43,"featured_media":0,"comment_status":"closed","ping_status":"closed","sticky":false,"template":"","format":"standard","meta":{"advgb_blocks_editor_width":"","advgb_blocks_columns_visual_guide":"","footnotes":""},"categories":[108,276,2952,559,34,47,403],"tags":[35],"class_list":["post-22532","post","type-post","status-publish","format-standard","hentry","category-arcabouco-fiscal","category-camara-dos-deputados","category-claudio-cajado","category-contas-publicas","category-g1","category-politica","category-senado","tag-g1"],"author_meta":{"display_name":"Estad\u00e3o Conte\u00fado","author_link":"https:\/\/sindaopcpb.org.br\/author\/estadao-conteudo\/"},"featured_img":null,"coauthors":[],"tax_additional":{"categories":{"linked":["<a href=\"https:\/\/sindaopcpb.org.br\/arcabouco-fiscal\/\" class=\"advgb-post-tax-term\">Arcabou\u00e7o Fiscal<\/a>","<a href=\"https:\/\/sindaopcpb.org.br\/camara-dos-deputados\/\" class=\"advgb-post-tax-term\">C\u00e2mara dos Deputados<\/a>","<a href=\"https:\/\/sindaopcpb.org.br\/claudio-cajado\/\" class=\"advgb-post-tax-term\">Cl\u00e1udio Cajado<\/a>","<a href=\"https:\/\/sindaopcpb.org.br\/contas-publicas\/\" class=\"advgb-post-tax-term\">Contas P\u00fablicas<\/a>","<a href=\"https:\/\/sindaopcpb.org.br\/g1\/\" class=\"advgb-post-tax-term\">G1<\/a>","<a href=\"https:\/\/sindaopcpb.org.br\/politica\/\" class=\"advgb-post-tax-term\">POLITICA<\/a>","<a href=\"https:\/\/sindaopcpb.org.br\/senado\/\" class=\"advgb-post-tax-term\">Senado<\/a>"],"unlinked":["<span class=\"advgb-post-tax-term\">Arcabou\u00e7o Fiscal<\/span>","<span class=\"advgb-post-tax-term\">C\u00e2mara dos Deputados<\/span>","<span class=\"advgb-post-tax-term\">Cl\u00e1udio Cajado<\/span>","<span class=\"advgb-post-tax-term\">Contas P\u00fablicas<\/span>","<span class=\"advgb-post-tax-term\">G1<\/span>","<span class=\"advgb-post-tax-term\">POLITICA<\/span>","<span class=\"advgb-post-tax-term\">Senado<\/span>"]},"tags":{"linked":["<a href=\"https:\/\/sindaopcpb.org.br\/senado\/\" class=\"advgb-post-tax-term\">g1<\/a>"],"unlinked":["<span class=\"advgb-post-tax-term\">g1<\/span>"]}},"comment_count":"0","relative_dates":{"created":"Publicado 3 anos atr\u00e1s","modified":"Atualizado 3 anos atr\u00e1s"},"absolute_dates":{"created":"Publicado em 26 de junho de 2023","modified":"Atualizado em 26 de junho de 2023"},"absolute_dates_time":{"created":"Publicado em 26 de junho de 2023 17:33","modified":"Atualizado em 26 de junho de 2023 17:33"},"featured_img_caption":"","series_order":"","_links":{"self":[{"href":"https:\/\/sindaopcpb.org.br\/index.php\/wp-json\/wp\/v2\/posts\/22532","targetHints":{"allow":["GET"]}}],"collection":[{"href":"https:\/\/sindaopcpb.org.br\/index.php\/wp-json\/wp\/v2\/posts"}],"about":[{"href":"https:\/\/sindaopcpb.org.br\/index.php\/wp-json\/wp\/v2\/types\/post"}],"author":[{"embeddable":true,"href":"https:\/\/sindaopcpb.org.br\/index.php\/wp-json\/wp\/v2\/users\/43"}],"replies":[{"embeddable":true,"href":"https:\/\/sindaopcpb.org.br\/index.php\/wp-json\/wp\/v2\/comments?post=22532"}],"version-history":[{"count":1,"href":"https:\/\/sindaopcpb.org.br\/index.php\/wp-json\/wp\/v2\/posts\/22532\/revisions"}],"predecessor-version":[{"id":22533,"href":"https:\/\/sindaopcpb.org.br\/index.php\/wp-json\/wp\/v2\/posts\/22532\/revisions\/22533"}],"wp:attachment":[{"href":"https:\/\/sindaopcpb.org.br\/index.php\/wp-json\/wp\/v2\/media?parent=22532"}],"wp:term":[{"taxonomy":"category","embeddable":true,"href":"https:\/\/sindaopcpb.org.br\/index.php\/wp-json\/wp\/v2\/categories?post=22532"},{"taxonomy":"post_tag","embeddable":true,"href":"https:\/\/sindaopcpb.org.br\/index.php\/wp-json\/wp\/v2\/tags?post=22532"}],"curies":[{"name":"wp","href":"https:\/\/api.w.org\/{rel}","templated":true}]}}