{"id":22497,"date":"2023-06-26T14:58:01","date_gmt":"2023-06-26T17:58:01","guid":{"rendered":"https:\/\/g1.globo.com\/pb\/paraiba\/noticia\/2023\/06\/26\/mpf-e-mppb-recomendam-derrubada-de-muro-de-predio-construido-na-areia-da-praia-do-bessa-em-joao-pessoa.ghtml"},"modified":"2023-06-26T14:58:01","modified_gmt":"2023-06-26T17:58:01","slug":"mpf-e-mppb-recomendam-derrubada-de-muro-de-predio-construido-na-areia-da-praia-do-bessa-em-joao-pessoa","status":"publish","type":"post","link":"https:\/\/sindaopcpb.org.br\/index.php\/2023\/06\/26\/mpf-e-mppb-recomendam-derrubada-de-muro-de-predio-construido-na-areia-da-praia-do-bessa-em-joao-pessoa\/","title":{"rendered":"MPF e MPPB recomendam derrubada de muro de pr\u00e9dio constru\u00eddo na areia da praia do Bessa, em Jo\u00e3o Pessoa"},"content":{"rendered":"   <img src=\"https:\/\/s2.glbimg.com\/O09hCNVcBZRtYnyii6LOxJlP8xA=\/i.s3.glbimg.com\/v1\/AUTH_59edd422c0c84a879bd37670ae4f538a\/internal_photos\/bs\/2023\/A\/n\/8srpAbS7W6ioyq5VlsXw\/muro-de-contencao-bessa.jpg\" \/><br \/>     Recomenda\u00e7\u00e3o foi enviada na \u00faltima quinta-feira (22), mas s\u00f3 foi divulgada nesta segunda-feira (26).  Muro de conten\u00e7\u00e3o foi constru\u00eddo na faixa de areia da praia do Bessa \nReprodu\u00e7\u00e3o \/ CBN Jo\u00e3o Pessoa\nO Minist\u00e9rio P\u00fablico da Para\u00edba (MPPB) e o Minist\u00e9rio P\u00fablico Federal (MPF) recomendam que muro de conten\u00e7\u00e3o de um pr\u00e9dio que est\u00e1 sendo constru\u00eddo no bairro do Bessa, em Jo\u00e3o Pessoa, seja derrubado. A recomenda\u00e7\u00e3o foi enviada na \u00faltima quinta-feira (22), mas s\u00f3 foi divulgada nesta segunda-feira (26). \nA obra vai at\u00e9 a faixa de areia da praia. Foi recomendada a remo\u00e7\u00e3o das estruturas sobressalentes das extremidades da conten\u00e7\u00e3o e a readequa\u00e7\u00e3o da escadaria e sua parede externa, de modo que toda a estrutura de conten\u00e7\u00e3o mar\u00edtima esteja inserida na \u00e1rea do lote particular.\nNo dia 31 de maio, o MPPB j\u00e1 havia recomendado a derrubada do muro. N\u00e1 \u00e9poca, a empresa disse que apresentou o projeto do mirante no dia 17 de maio, e isso foi comunicado ao MP. \n\u201cA Delta ressalta que executou o projeto de conten\u00e7\u00e3o mar\u00edtima de acordo com o que foi aprovado e licenciado pelos \u00f3rg\u00e3os ambientais competentes, utilizando uma tecnologia sustent\u00e1vel, segura e de baixo impacto ambiental e j\u00e1 utilizada em v\u00e1rios estados do pa\u00eds.Seguimos firmes no prop\u00f3sito de demonstrar que a execu\u00e7\u00e3o foi feita de forma correta, transparente e de acordo com o que foi aprovado junto \u00e0 SPU, Sudema e Semam\u201d.\nPer\u00edcia do MPF \nEm per\u00edcia feita pelo Setor de Engenharia do MPF, ficou constatado que a obra avan\u00e7ou em \u00e1rea considerada da Uni\u00e3o devido \u00e0 exist\u00eancia de estruturas sobressalentes nas extremidades do muro de conten\u00e7\u00e3o e na escadaria e sua parede externa. O perito ambiental do MPPB tamb\u00e9m constatou o avan\u00e7o da obra e a irregularidade.\nA Prefeitura de Jo\u00e3o Pessoa e a Superintend\u00eancia do Patrim\u00f4nio da Uni\u00e3o (SPU) na Para\u00edba tamb\u00e9m conclu\u00edram, ap\u00f3s vistorias, que parte do muro de conten\u00e7\u00e3o ultrapassou o limite do lote edific\u00e1vel.\nV\u00eddeos mais assistidos do g1 Para\u00edba  ","protected":false},"excerpt":{"rendered":"<p>        Recomenda\u00e7\u00e3o foi enviada na \u00faltima quinta-feira (22), mas s\u00f3 foi divulgada nesta segunda-feira (26).  Muro de conten\u00e7\u00e3o foi constru\u00eddo na faixa de areia da praia do Bessa<br \/>\nReprodu\u00e7\u00e3o \/ CBN Jo\u00e3o Pessoa<br \/>\nO Minist\u00e9rio P\u00fablico da Para\u00edba (MPPB) e o &#8230;<\/p>\n","protected":false},"author":2,"featured_media":0,"comment_status":"closed","ping_status":"closed","sticky":false,"template":"","format":"standard","meta":{"advgb_blocks_editor_width":"","advgb_blocks_columns_visual_guide":"","footnotes":""},"categories":[34],"tags":[35],"class_list":["post-22497","post","type-post","status-publish","format-standard","hentry","category-g1","tag-g1"],"author_meta":{"display_name":"g1 &gt; Para\u00edba","author_link":"https:\/\/sindaopcpb.org.br\/author\/g1-paraiba\/"},"featured_img":null,"coauthors":[],"tax_additional":{"categories":{"linked":["<a href=\"https:\/\/sindaopcpb.org.br\/g1\/\" class=\"advgb-post-tax-term\">G1<\/a>"],"unlinked":["<span class=\"advgb-post-tax-term\">G1<\/span>"]},"tags":{"linked":["<a href=\"https:\/\/sindaopcpb.org.br\/g1\/\" class=\"advgb-post-tax-term\">g1<\/a>"],"unlinked":["<span class=\"advgb-post-tax-term\">g1<\/span>"]}},"comment_count":"0","relative_dates":{"created":"Publicado 3 anos atr\u00e1s","modified":"Atualizado 3 anos atr\u00e1s"},"absolute_dates":{"created":"Publicado em 26 de junho de 2023","modified":"Atualizado em 26 de junho de 2023"},"absolute_dates_time":{"created":"Publicado em 26 de junho de 2023 14:58","modified":"Atualizado em 26 de junho de 2023 14:58"},"featured_img_caption":"","series_order":"","_links":{"self":[{"href":"https:\/\/sindaopcpb.org.br\/index.php\/wp-json\/wp\/v2\/posts\/22497","targetHints":{"allow":["GET"]}}],"collection":[{"href":"https:\/\/sindaopcpb.org.br\/index.php\/wp-json\/wp\/v2\/posts"}],"about":[{"href":"https:\/\/sindaopcpb.org.br\/index.php\/wp-json\/wp\/v2\/types\/post"}],"author":[{"embeddable":true,"href":"https:\/\/sindaopcpb.org.br\/index.php\/wp-json\/wp\/v2\/users\/2"}],"replies":[{"embeddable":true,"href":"https:\/\/sindaopcpb.org.br\/index.php\/wp-json\/wp\/v2\/comments?post=22497"}],"version-history":[{"count":2,"href":"https:\/\/sindaopcpb.org.br\/index.php\/wp-json\/wp\/v2\/posts\/22497\/revisions"}],"predecessor-version":[{"id":22553,"href":"https:\/\/sindaopcpb.org.br\/index.php\/wp-json\/wp\/v2\/posts\/22497\/revisions\/22553"}],"wp:attachment":[{"href":"https:\/\/sindaopcpb.org.br\/index.php\/wp-json\/wp\/v2\/media?parent=22497"}],"wp:term":[{"taxonomy":"category","embeddable":true,"href":"https:\/\/sindaopcpb.org.br\/index.php\/wp-json\/wp\/v2\/categories?post=22497"},{"taxonomy":"post_tag","embeddable":true,"href":"https:\/\/sindaopcpb.org.br\/index.php\/wp-json\/wp\/v2\/tags?post=22497"}],"curies":[{"name":"wp","href":"https:\/\/api.w.org\/{rel}","templated":true}]}}