{"id":22464,"date":"2023-06-26T11:15:36","date_gmt":"2023-06-26T14:15:36","guid":{"rendered":"https:\/\/g1.globo.com\/pb\/paraiba\/noticia\/2023\/06\/26\/alerta-amarelo-de-acumulado-de-chuva-e-emitido-pelo-inmet-para-municipios-do-agreste-e-litoral-da-paraiba.ghtml"},"modified":"2023-06-26T11:15:36","modified_gmt":"2023-06-26T14:15:36","slug":"alerta-amarelo-de-acumulado-de-chuva-e-emitido-pelo-inmet-para-municipios-do-agreste-e-litoral-da-paraiba","status":"publish","type":"post","link":"https:\/\/sindaopcpb.org.br\/index.php\/2023\/06\/26\/alerta-amarelo-de-acumulado-de-chuva-e-emitido-pelo-inmet-para-municipios-do-agreste-e-litoral-da-paraiba\/","title":{"rendered":"Alerta amarelo de acumulado de chuva \u00e9 emitido pelo Inmet para munic\u00edpios do agreste e litoral da Para\u00edba"},"content":{"rendered":"   <img src=\"https:\/\/s2.glbimg.com\/bj6fU9fxqsk_QeFD-MdYrnDhfCQ=\/i.s3.glbimg.com\/v1\/AUTH_59edd422c0c84a879bd37670ae4f538a\/internal_photos\/bs\/2023\/Z\/s\/Uyu9qWQkABhi7tCQDB3g\/chuvajp.jpg\" \/><br \/>     Alerta amarelo \u00e9 para Jo\u00e3o Pessoa e outros 36 munic\u00edpios do estado.  Chuva em Jo\u00e3o Pessoa\nPhelipe Caldas\/g1\/Arquivo\nUm alerta de perigo potencial de acumulado de chuva foi emitido nesta segunda-feira (26) pelo Instituto Nacional de Meteorologia (Inmet) para munic\u00edpios paraibanos. O aviso abrange Jo\u00e3o Pessoa e mais 36 munic\u00edpios do litoral e do agreste e vale at\u00e9 \u00e0s 10h da ter\u00e7a-feira (27).\nO alerta amarelo \u00e9 considerado mais brando. Ainda assim, existe previs\u00e3o de chuvas entre 20 e 30 mil\u00edmetros por hora ou 50 mil\u00edmetros por dia. H\u00e1 baixo risco de alagamentos e pequenos deslizamentos em \u00e1reas de risco. \nA orienta\u00e7\u00e3o do Inmet, nesse caso, \u00e9 evitar enfrentar o mau tempo, observar altera\u00e7\u00e3o nas encostas e, sempre que poss\u00edvel, desligar aparelhos el\u00e9tricos e quadro geral de energia.\nCaso haja algum problema, o Inmet orienta que as pessoas entrem em contato com a Defesa Civil, por meio do n\u00famero 199, e com o Corpo de Bombeiros, por meio do n\u00famero 193.\nCidades com alerta amarelo de perigo potencial de acumulado de chuvas\nAlhandra\nAra\u00e7agi\nBa\u00eda da Trai\u00e7\u00e3o\nBayeux\nCaapor\u00e3\nCabedelo\nCaldas Brand\u00e3o\nCapim\nConde\nCruz do Esp\u00edrito Santo\nCuit\u00e9 de Mamanguape\nCurral de Cima\nGuarabira\nGurinh\u00e9m\nItabaiana\nItapororoca\nJacara\u00fa\nJo\u00e3o Pessoa\nJuripiranga\nLucena\nMamanguape\nMarca\u00e7\u00e3o\nMari\nMataraca\nMogeiro\nMulungu\nPedras de Fogo\nPilar\nPitimbu\nRiach\u00e3o do Po\u00e7o\nRio Tinto\nSalgado de S\u00e3o F\u00e9lix\nSanta Rita\nS\u00e3o Jos\u00e9 dos Ramos\nS\u00e3o Miguel de Taipu\nSap\u00e9\nSobrado\nV\u00eddeos mais assistidos da Para\u00edba  ","protected":false},"excerpt":{"rendered":"<p>        Alerta amarelo \u00e9 para Jo\u00e3o Pessoa e outros 36 munic\u00edpios do estado.  Chuva em Jo\u00e3o Pessoa<br \/>\nPhelipe Caldas\/g1\/Arquivo<br \/>\nUm alerta de perigo potencial de acumulado de chuva foi emitido nesta segunda-feira (26) pelo Instituto Nacional de Meteorologia&#8230;<\/p>\n","protected":false},"author":2,"featured_media":0,"comment_status":"closed","ping_status":"closed","sticky":false,"template":"","format":"standard","meta":{"advgb_blocks_editor_width":"","advgb_blocks_columns_visual_guide":"","footnotes":""},"categories":[34],"tags":[35],"class_list":["post-22464","post","type-post","status-publish","format-standard","hentry","category-g1","tag-g1"],"author_meta":{"display_name":"g1 &gt; Para\u00edba","author_link":"https:\/\/sindaopcpb.org.br\/author\/g1-paraiba\/"},"featured_img":null,"coauthors":[],"tax_additional":{"categories":{"linked":["<a href=\"https:\/\/sindaopcpb.org.br\/g1\/\" class=\"advgb-post-tax-term\">G1<\/a>"],"unlinked":["<span class=\"advgb-post-tax-term\">G1<\/span>"]},"tags":{"linked":["<a href=\"https:\/\/sindaopcpb.org.br\/g1\/\" class=\"advgb-post-tax-term\">g1<\/a>"],"unlinked":["<span class=\"advgb-post-tax-term\">g1<\/span>"]}},"comment_count":"0","relative_dates":{"created":"Publicado 3 anos atr\u00e1s","modified":"Atualizado 3 anos atr\u00e1s"},"absolute_dates":{"created":"Publicado em 26 de junho de 2023","modified":"Atualizado em 26 de junho de 2023"},"absolute_dates_time":{"created":"Publicado em 26 de junho de 2023 11:15","modified":"Atualizado em 26 de junho de 2023 11:15"},"featured_img_caption":"","series_order":"","_links":{"self":[{"href":"https:\/\/sindaopcpb.org.br\/index.php\/wp-json\/wp\/v2\/posts\/22464","targetHints":{"allow":["GET"]}}],"collection":[{"href":"https:\/\/sindaopcpb.org.br\/index.php\/wp-json\/wp\/v2\/posts"}],"about":[{"href":"https:\/\/sindaopcpb.org.br\/index.php\/wp-json\/wp\/v2\/types\/post"}],"author":[{"embeddable":true,"href":"https:\/\/sindaopcpb.org.br\/index.php\/wp-json\/wp\/v2\/users\/2"}],"replies":[{"embeddable":true,"href":"https:\/\/sindaopcpb.org.br\/index.php\/wp-json\/wp\/v2\/comments?post=22464"}],"version-history":[{"count":1,"href":"https:\/\/sindaopcpb.org.br\/index.php\/wp-json\/wp\/v2\/posts\/22464\/revisions"}],"predecessor-version":[{"id":22466,"href":"https:\/\/sindaopcpb.org.br\/index.php\/wp-json\/wp\/v2\/posts\/22464\/revisions\/22466"}],"wp:attachment":[{"href":"https:\/\/sindaopcpb.org.br\/index.php\/wp-json\/wp\/v2\/media?parent=22464"}],"wp:term":[{"taxonomy":"category","embeddable":true,"href":"https:\/\/sindaopcpb.org.br\/index.php\/wp-json\/wp\/v2\/categories?post=22464"},{"taxonomy":"post_tag","embeddable":true,"href":"https:\/\/sindaopcpb.org.br\/index.php\/wp-json\/wp\/v2\/tags?post=22464"}],"curies":[{"name":"wp","href":"https:\/\/api.w.org\/{rel}","templated":true}]}}